{"id":494606,"date":"2020-10-29T21:04:35","date_gmt":"2020-10-30T01:04:35","guid":{"rendered":"https:\/\/diarioelpopular.com\/?p=494606"},"modified":"2020-10-29T21:04:35","modified_gmt":"2020-10-30T01:04:35","slug":"mexico-rebasa-los-90-mil-muertos","status":"publish","type":"post","link":"https:\/\/diarioelpopular.com\/index.php\/2020\/10\/29\/mexico-rebasa-los-90-mil-muertos\/","title":{"rendered":"M\u00e9xico rebasa los 90 mil muertos"},"content":{"rendered":"<div id=\"attachment_494607\" style=\"width: 160px\" class=\"wp-caption alignnone\"><img loading=\"lazy\" decoding=\"async\" aria-describedby=\"caption-attachment-494607\" class=\"size-thumbnail wp-image-494607\" src=\"https:\/\/diarioelpopular.com\/wp-content\/uploads\/2020\/10\/2609d35f0cf936af7e65c7c7aee192a3-150x150.jpg\" alt=\"\" width=\"150\" height=\"150\" \/><p id=\"caption-attachment-494607\" class=\"wp-caption-text\">La situaci\u00f3n em M\u00e9xico empeora.<\/p><\/div>\n<h4><em><strong>Nuevo r\u00e9cord cuando asoma segunda oleada y avanza el invierno<\/strong><\/em><\/h4>\n<p><em><strong>CIUDAD DE MEXICO, 29 OCT &#8211;<\/strong> <\/em>M\u00e9xico franque\u00f3 la barrera de los 90.000 muertos por Covid-19 cuando en el pa\u00eds asoma la tenebrosa silueta de la segunda oleada de contagios que coincide con la temporada fr\u00eda en este pa\u00eds, que se teme que pueda ser peor que el primer embate de la enfermedad.<br \/>\nEl \u00faltimo recuento de v\u00edctimas de la pandemia dado a conocer ayer por el portavoz oficial del tema Hugo L\u00f3pez-Gatell contabiliz\u00f3 906.863 contagios y 90.309 fatalidades, que colocan a M\u00e9xico como el octavo a nivel mundial con m\u00e1s fallecimientos en relaci\u00f3n a la cifra total de habitantes.<br \/>\nS\u00f3lo ayer se reportaron otros 495 muertos, en momentos en que la cifra de contagios empieza a subir a niveles preocupantes en 8 de los 32 estados del pa\u00eds, uno de los cuales, Chihuahua, debi\u00f3 regresar al &#8220;rojo&#8221; (m\u00e1xima alerta) en el sem\u00e1foro sanitario de las autoridades e instaurar medidas como el &#8220;toque de queda&#8221;.<br \/>\nEl director de Epidemiolog\u00eda del ministerio de Salud, Jos\u00e9 Luis Alom\u00eda, se\u00f1al\u00f3 que en una sola jornada se confirmaron 5.595 nuevos casos.<br \/>\nLos casos estimados superan el mill\u00f3n y hay 51.425 activos, mientras que la cifra de recuperados asciende a 663.639.<br \/>\nLa ocupaci\u00f3n general de camas en el sistema hospitalario p\u00fablico asciende a 32%, indic\u00f3 Alom\u00eda.<br \/>\nLa nueva marca de fallecimientos es menor al pron\u00f3stico hecho en julio pasado por el Instituto de Medici\u00f3n de la Salud de la Universidad de Washington, que proyectaba llegar a casi 100.000 muertos el 1 de noviembre.<br \/>\nSin embargo, en caso de una segunda oleada, los expertos no dudan de que se pueda rebasar esa cifra en pocas semanas.<br \/>\nAyer, el Instituto Nacional de Estad\u00edstica y Geograf\u00eda (Inegi) public\u00f3 un informe seg\u00fan el cual la cremaci\u00f3n de cad\u00e1veres aument\u00f3 76,8% entre enero y junio de este a\u00f1o y 20,2% la inhumaci\u00f3n de cuerpos en los cementerios del pa\u00eds.<br \/>\nL\u00f3pez-Gatell afirm\u00f3 que se teme que las pr\u00f3ximas celebraciones como el D\u00eda de Muertos, llamado as\u00ed en M\u00e9xico el de los Santos Difuntos, en el cual suele haber visitas masivas a los cementerios y celebraciones coloridas y alegres para recordar a los seres queridos, se conviertan en fuentes de contagio.<br \/>\nPor ello, se ha ordenado el cierre de los panteones en 15 estados, es decir, casi la mitad, pero en el resto se prev\u00e9 que se adopten medidas para limitar el aforo.<br \/>\nTradicionalmente, hay lugares t\u00edpicos como la Isla de Janitzio, en el Lago de P\u00e1tzcuaro, estado sure\u00f1o de Michoac\u00e1n, y en San Andr\u00e9s Mixquic, a las afueras de la capital, donde los d\u00edas de muertos se realizan fiestas masivas con abundancia de comida y bebida en los panteones y las calles.<br \/>\nOtro de los festejos del calendario en la mira de las autoridades es el del pr\u00f3ximo 12 de diciembre, D\u00eda de la virgen de Guadalupe, la principal fiesta religiosa del pa\u00eds, donde cada a\u00f1o suele haber muchedumbres en el m\u00e1ximo santuario cat\u00f3lico del pa\u00eds, la Bas\u00edlica de Guadalupe, al norte de la capital.<br \/>\n&#8220;Se podr\u00eda convertir en una experiencia explosiva de propagaci\u00f3n de contagio, si la poblaci\u00f3n insiste en realizar celebraciones en la Bas\u00edlica de Guadalupe&#8221;, afirm\u00f3 ayer L\u00f3pez-Gatell.<br \/>\n&#8220;Lamentablemente podr\u00eda revertir el \u00e9xito que se tiene en 20 estados que ya se encuentran en una fase de descenso&#8221;, dijo el viceministro de Salud.<br \/>\nPor ello, en coordinaci\u00f3n con la autoridad eclesi\u00e1stica, el gobierno se\u00f1al\u00f3 que los medios de radiodifusi\u00f3n est\u00e1n gestionando permisos especiales para la transmisi\u00f3n de la celebraci\u00f3n eucar\u00edstica del 12 de diciembre.<br \/>\nAyer, las autoridades de la capital adoptaron medidas especiales para evitar que hubiera muchedumbres en torno al santuario barroco de San Hip\u00f3lito, centro hist\u00f3rico de la capital, de todas maneras desbordado por una multitud de fieles que acudieron a venerar al &#8220;patr\u00f3n de las causas imposibles&#8221;.<br \/>\nEl culto a este santo ha crecido como la espuma en los \u00faltimos a\u00f1os, generando grandes concentraciones de feligreses en torno al templo, uno de los m\u00e1s antiguos de M\u00e9xico, el d\u00eda 28 de cada mes, y en especial el 28 de octubre, cuando se realiza la principal celebraci\u00f3n a esta figura religiosa.<\/p>\n","protected":false},"excerpt":{"rendered":"<p>Nuevo r\u00e9cord cuando asoma segunda oleada y avanza el invierno CIUDAD DE MEXICO, 29 OCT &#8211; M\u00e9xico franque\u00f3 la barrera de los 90.000 muertos por&hellip;<\/p>\n","protected":false},"author":99,"featured_media":0,"comment_status":"open","ping_status":"open","sticky":false,"template":"","format":"standard","meta":{"footnotes":""},"categories":[23],"tags":[],"class_list":["post-494606","post","type-post","status-publish","format-standard","hentry","category-latinoamerica"],"_links":{"self":[{"href":"https:\/\/diarioelpopular.com\/index.php\/wp-json\/wp\/v2\/posts\/494606","targetHints":{"allow":["GET"]}}],"collection":[{"href":"https:\/\/diarioelpopular.com\/index.php\/wp-json\/wp\/v2\/posts"}],"about":[{"href":"https:\/\/diarioelpopular.com\/index.php\/wp-json\/wp\/v2\/types\/post"}],"author":[{"embeddable":true,"href":"https:\/\/diarioelpopular.com\/index.php\/wp-json\/wp\/v2\/users\/99"}],"replies":[{"embeddable":true,"href":"https:\/\/diarioelpopular.com\/index.php\/wp-json\/wp\/v2\/comments?post=494606"}],"version-history":[{"count":1,"href":"https:\/\/diarioelpopular.com\/index.php\/wp-json\/wp\/v2\/posts\/494606\/revisions"}],"predecessor-version":[{"id":494608,"href":"https:\/\/diarioelpopular.com\/index.php\/wp-json\/wp\/v2\/posts\/494606\/revisions\/494608"}],"wp:attachment":[{"href":"https:\/\/diarioelpopular.com\/index.php\/wp-json\/wp\/v2\/media?parent=494606"}],"wp:term":[{"taxonomy":"category","embeddable":true,"href":"https:\/\/diarioelpopular.com\/index.php\/wp-json\/wp\/v2\/categories?post=494606"},{"taxonomy":"post_tag","embeddable":true,"href":"https:\/\/diarioelpopular.com\/index.php\/wp-json\/wp\/v2\/tags?post=494606"}],"curies":[{"name":"wp","href":"https:\/\/api.w.org\/{rel}","templated":true}]}}