{"id":494609,"date":"2020-10-29T21:07:46","date_gmt":"2020-10-30T01:07:46","guid":{"rendered":"https:\/\/diarioelpopular.com\/?p=494609"},"modified":"2020-10-29T21:07:46","modified_gmt":"2020-10-30T01:07:46","slug":"argentina-abre-puertas-al-turismo","status":"publish","type":"post","link":"https:\/\/diarioelpopular.com\/index.php\/2020\/10\/29\/argentina-abre-puertas-al-turismo\/","title":{"rendered":"Argentina abre puertas al turismo"},"content":{"rendered":"<div id=\"attachment_494610\" style=\"width: 160px\" class=\"wp-caption alignnone\"><img loading=\"lazy\" decoding=\"async\" aria-describedby=\"caption-attachment-494610\" class=\"size-thumbnail wp-image-494610\" src=\"https:\/\/diarioelpopular.com\/wp-content\/uploads\/2020\/10\/cf139764f9928ed62c7081c49f907574-150x150.jpg\" alt=\"\" width=\"150\" height=\"150\" \/><p id=\"caption-attachment-494610\" class=\"wp-caption-text\"><em>Argentina abre fronteras con los pa\u00edses lim\u00edtrofes.<\/em><\/p><\/div>\n<h4><em><strong>Desde este viernes vuelos desde los pa\u00edses lim\u00edtrofes<\/strong><\/em><\/h4>\n<p><em><strong>BUENOS AIRES 29 OCT &#8211;<\/strong><\/em> Tras casi ocho meses de aislamiento, Argentina abrir\u00e1 este viernes sus fronteras a\u00e9reas, fluviales y terrestres con sus cinco pa\u00edses lim\u00edtrofes para incentivar el turismo y tambi\u00e9n las compras ante las condiciones cambiarias.<br \/>\nA los que lleguen de naciones lim\u00edtrofes no se les exigir\u00e1 cuarentenas, pero s\u00ed la presentaci\u00f3n de un test PCR negativo; un seguro m\u00e9dico que cubra casos de Covid-19; y un formulario digital a modo de declaraci\u00f3n jurada.<br \/>\nLos transportistas deber\u00e1n controlar la documentaci\u00f3n antes de que el pasajero aborde.<br \/>\nLos pa\u00edses lim\u00edtrofes con Argentina son Uruguay, Paraguay, Brasil, Bolivia y Chile.<br \/>\nEl ministerio de Transporte de Argentina autoriz\u00f3 a la Administraci\u00f3n Nacional de Aviaci\u00f3n Civil a aprobar las programaciones de vuelos presentadas por las diferentes compa\u00f1\u00edas a\u00e9reas que operan en el pa\u00eds.<br \/>\nLo hizo mediante la resoluci\u00f3n 243, que lleva la firma del ministro Mario Meoni, que ser\u00e1 publicada ma\u00f1ana en el Bolet\u00edn Oficial, adelant\u00f3 el peri\u00f3dico Ambito Financiero.<br \/>\nEl tr\u00e1nsito a\u00e9reo con los pa\u00edses lom\u00edtrofes tambi\u00e9n se restablece, aunque &#8220;respetando estrictamente las restricciones de ingreso al pa\u00eds, establecidas en el Decreto de Necesidad y Urgencia N\u00b0 274 de fecha 16 de marzo de 2020 y sus sucesivas pr\u00f3rrogas y excepciones&#8221;.<br \/>\nLa ANAC podr\u00e1 ahora ir aprobando, sucesivamente, cada una de las programaciones regulares que presenten las diversas empresas que operan hacia y desde el pa\u00eds y que hasta el momento ven\u00edan realizando s\u00f3lo&#8221;vuelos especiales&#8221; autorizados como excepci\u00f3n.<br \/>\nLos cielos argentinos quedaron cerrados desde el 20 de marzo de este a\u00f1o, cuando comenzaron confinamientos y restricciones estrictas por la pandemia.<br \/>\nLa resoluci\u00f3n destaca que &#8220;las empresas de transporte a\u00e9reo de pasajeros han venido implementando protocolos sanitarios que resguardan a los pasajeros y trabajadores aeron\u00e1uticos y cumplen con los est\u00e1ndares m\u00ednimos requeridos para el desarrollo de la actividad bajo condiciones seguras&#8221;.<br \/>\nY resalta que &#8220;los servicios de transporte a\u00e9reo internacional de pasajeros son estrat\u00e9gicos para el desarrollo de las econom\u00edas regionales del pa\u00eds y complementarias de las dem\u00e1s actividades productivas y su reactivaci\u00f3n es medular para iniciar la progresiva y paulatina normalizaci\u00f3n&#8221;.<br \/>\nEn esta nueva etapa del Aislamiento Social Preventivo y Obligatorio (ASPO) dispuesta por el presidente Alberto Fern\u00e1ndez, se da la particularidad de que se habilita antes el turismo internacional que el nacional.<br \/>\nNo obstante, actualmente hay algunos pocos municipios practicando pruebas piloto intraprovinciales, como Bariloche (sur) o Iguaz\u00fa (noreste), en torno a las famosas cataratas.<br \/>\nSe esperan inminetes anuncios del gobierno de activaci\u00f3n en el \u00e1rea de turismo, probablemente esta misma tarde, algo ligado a la apertura de los vuelos.<br \/>\nLa idea del gobierno argentino es generar una especie de &#8220;burbuja&#8221; tur\u00edstica en la Ciudad de Buenos Aires, en la que los pasajeros que llegan al aeropuerto internacional de Ezeiza o a la terminal de ferries sean trasladados hacia sus hoteles con el menor riesgo de contagio posible.<br \/>\nPero una vez en la Ciudad los visitantes podr\u00e1n moverse en los mismos t\u00e9rminos que los ciudadanos, bajo las normas del ASPO, lo que favorecer\u00eda principalmente el turismo de compras, dadas las claras ventajas cambiarias que hoy ofrece Argentina a sus vecinos de la regi\u00f3n frente a la ca\u00edda de valor del peso frente al d\u00f3lar.<\/p>\n","protected":false},"excerpt":{"rendered":"<p>Desde este viernes vuelos desde los pa\u00edses lim\u00edtrofes BUENOS AIRES 29 OCT &#8211; Tras casi ocho meses de aislamiento, Argentina abrir\u00e1 este viernes sus fronteras&hellip;<\/p>\n","protected":false},"author":99,"featured_media":0,"comment_status":"open","ping_status":"open","sticky":false,"template":"","format":"standard","meta":{"footnotes":""},"categories":[23],"tags":[],"class_list":["post-494609","post","type-post","status-publish","format-standard","hentry","category-latinoamerica"],"_links":{"self":[{"href":"https:\/\/diarioelpopular.com\/index.php\/wp-json\/wp\/v2\/posts\/494609","targetHints":{"allow":["GET"]}}],"collection":[{"href":"https:\/\/diarioelpopular.com\/index.php\/wp-json\/wp\/v2\/posts"}],"about":[{"href":"https:\/\/diarioelpopular.com\/index.php\/wp-json\/wp\/v2\/types\/post"}],"author":[{"embeddable":true,"href":"https:\/\/diarioelpopular.com\/index.php\/wp-json\/wp\/v2\/users\/99"}],"replies":[{"embeddable":true,"href":"https:\/\/diarioelpopular.com\/index.php\/wp-json\/wp\/v2\/comments?post=494609"}],"version-history":[{"count":1,"href":"https:\/\/diarioelpopular.com\/index.php\/wp-json\/wp\/v2\/posts\/494609\/revisions"}],"predecessor-version":[{"id":494611,"href":"https:\/\/diarioelpopular.com\/index.php\/wp-json\/wp\/v2\/posts\/494609\/revisions\/494611"}],"wp:attachment":[{"href":"https:\/\/diarioelpopular.com\/index.php\/wp-json\/wp\/v2\/media?parent=494609"}],"wp:term":[{"taxonomy":"category","embeddable":true,"href":"https:\/\/diarioelpopular.com\/index.php\/wp-json\/wp\/v2\/categories?post=494609"},{"taxonomy":"post_tag","embeddable":true,"href":"https:\/\/diarioelpopular.com\/index.php\/wp-json\/wp\/v2\/tags?post=494609"}],"curies":[{"name":"wp","href":"https:\/\/api.w.org\/{rel}","templated":true}]}}