{"id":494630,"date":"2020-10-31T13:43:47","date_gmt":"2020-10-31T17:43:47","guid":{"rendered":"https:\/\/diarioelpopular.com\/?p=494630"},"modified":"2020-10-31T13:43:47","modified_gmt":"2020-10-31T17:43:47","slug":"mas-de-1000-nuevos-casos-de-coronavirus-y-9-muertes-este-sabado","status":"publish","type":"post","link":"https:\/\/diarioelpopular.com\/index.php\/2020\/10\/31\/mas-de-1000-nuevos-casos-de-coronavirus-y-9-muertes-este-sabado\/","title":{"rendered":"M\u00e1s de 1000 nuevos casos de coronavirus y 9 muertes este s\u00e1bado"},"content":{"rendered":"<p><img loading=\"lazy\" decoding=\"async\" class=\"alignnone size-custom-full-size wp-image-494633\" src=\"https:\/\/diarioelpopular.com\/wp-content\/uploads\/2020\/10\/Screen-Shot-2020-10-31-at-1.28.43-PM-636x372.png\" alt=\"\" width=\"636\" height=\"372\" \/><\/p>\n<p><em>Actualizado s\u00e1bado 31 de octubre de 2020 11:48 a.m.<\/em><\/p>\n<h4><em><strong>&#8211; Ontario inform\u00f3 este s\u00e1bado 1.015 nuevos casos del nuevo coronavirus, lo que eleva el n\u00famero total de casos en la provincia a 75.730.<\/strong><\/em><\/h4>\n<h4><em><strong>&#8211; Cambio de hora: Ontario se prepara para lo que podr\u00eda ser el \u00faltimo horario de verano<\/strong><\/em><\/h4>\n<h4><em><strong>&#8211; El sindicato califica el brote en el Centro Correccional de Calgary como una &#8220;historia de terror&#8221;, ya que COVID-19 infecta al 65% de los reclusos<\/strong><\/em><\/h4>\n<p><em><strong>TORONTO.-<\/strong> <\/em>Marca el segundo aumento m\u00e1s alto de casos en un solo d\u00eda hasta la fecha en la provincia, detr\u00e1s del informe del domingo pasado de 1.042.<\/p>\n<p>\u201cA nivel local, hay 325 casos nuevos en Toronto, 282 en Peel, 94 en Ottawa y 88 en la regi\u00f3n de York\u201d, dijo la ministra de Salud, Christine Elliott.<\/p>\n<p>\u201cHay 798 casos m\u00e1s resueltos y m\u00e1s de 41,900 pruebas completadas\u201d.<\/p>\n<p>Ontario ha completado un total de 5,109,927 pruebas. M\u00e1s de 36.200 permanecen bajo investigaci\u00f3n.<\/p>\n<p>Tambi\u00e9n se informaron nueve nuevas muertes, lo que eleva el n\u00famero provincial de muertos a 3.136.<\/p>\n<p>Mientras tanto, 64.717 casos se consideran resueltos, lo que representa el 85,5 por ciento de todos los casos confirmados.<\/p>\n<p>Hay 320 personas hospitalizadas con COVID-19 (un aumento de seis), 73 en cuidados intensivos (un descenso de dos) y 54 con ventiladores (un aumento de dos).<\/p>\n<p>Las cifras recientemente informadas son v\u00e1lidas a partir del viernes por la tarde.<\/p>\n<p>La provincia tambi\u00e9n se\u00f1ala que la cantidad de casos reportados p\u00fablicamente cada d\u00eda puede no coincidir con los recuentos de casos reportados por la unidad de salud p\u00fablica local en un d\u00eda determinado. Las unidades de salud p\u00fablica locales informan cu\u00e1ndo se les notific\u00f3 por primera vez de un caso, que puede actualizarse y cambiarse a medida que la informaci\u00f3n est\u00e9 disponible. Los datos tambi\u00e9n se pueden extraer en diferentes momentos.<\/p>\n<p>Seg\u00fan el Ministerio de Cuidados a Largo Plazo, se han reportado 1.950 muertes entre residentes y pacientes en hogares de cuidados a largo plazo en Ontario, lo que representa un aumento de 11. Actualmente hay 72 brotes en hogares de cuidados a largo plazo, una disminuci\u00f3n de seis. .<\/p>\n<p>Los funcionarios de Ontario han dicho que puede haber una discrepancia entre las muertes generales y las muertes en los hogares de cuidados a largo plazo debido a c\u00f3mo el sistema de base de datos de salud de la provincia est\u00e1 rastreando los datos y c\u00f3mo el Ministerio de Cuidados a Largo Plazo est\u00e1 rastreando los datos.<\/p>\n<p>Hay 457 casos activos entre los residentes de cuidados a largo plazo y 275 entre el personal.<\/p>\n<p>&nbsp;<\/p>\n<h4><em><strong>Cambio de hora: Ontario se prepara para lo que podr\u00eda ser el \u00faltimo horario de verano<\/strong><\/em><\/h4>\n<p><img loading=\"lazy\" decoding=\"async\" class=\"alignnone size-custom-full-size wp-image-494631\" src=\"https:\/\/diarioelpopular.com\/wp-content\/uploads\/2020\/10\/malvestida-magazine-FfbVFLAVscw-unsplash-scaled-636x424.jpg\" alt=\"\" width=\"636\" height=\"424\" \/><\/p>\n<p><em><strong>TORONTO.-<\/strong> <\/em>Si todo sale seg\u00fan lo planeado, esta podr\u00eda ser la \u00faltima y \u00faltima vez que los habitantes de Ontario retrasan sus relojes una hora.<\/p>\n<p><em><strong>Regoc\u00edjense todos.<\/strong><\/em><\/p>\n<p>Esto, por supuesto, viene inmediatamente despu\u00e9s de un proyecto de ley que fue presentado recientemente por el gobierno de Ford que allanar\u00eda el camino para poner fin a los cambios de reloj bianuales, trasladando Ontario permanentemente al horario de verano.<\/p>\n<p>El cambio no suceder\u00e1 hasta que Quebec y el estado estadounidense de Nueva York procedan con una legislaci\u00f3n similar.<\/p>\n<p>Si se aprueba el proyecto de ley, se producir\u00e1n d\u00edas m\u00e1s ligeros por la noche durante todo el a\u00f1o.<\/p>\n<p><em><strong>Tentador, \u00bfno?<\/strong><\/em><\/p>\n<p>En mayo, la Columbia Brit\u00e1nica se adelant\u00f3 a Ontario al aprobar una legislaci\u00f3n para cancelar la pr\u00e1ctica inc\u00f3moda de alternar entre el horario diurno y el horario est\u00e1ndar.<\/p>\n<p>Pero se est\u00e1n haciendo progresos, y esa es una buena noticia para las personas que temen absolutamente la idea de retrasar los relojes como una introducci\u00f3n no oficial a la oscuridad, el fr\u00edo y el invierno anuales.<\/p>\n<p>Hasta el d\u00eda en que el gobierno de Ontario anuncie un cambio permanente al horario de verano, los canadienses retrasar\u00e1n sus relojes una hora a las 2 a.m. del domingo 1 de noviembre, ya que todos volvemos a la hora est\u00e1ndar.<\/p>\n<p>Con eso en mente, la polic\u00eda de Toronto ha emitido un recordatorio importante para las personas que viven en la ciudad: est\u00e9n seguros en las carreteras mientras se adaptan al cambio en el tiempo.<\/p>\n<p>&#8220;Hist\u00f3ricamente, ha habido un aumento del 30 por ciento en las colisiones con peatones durante las semanas que rodean el cambio de horario de verano&#8221;, dijo el sargento Jason Kraft.<\/p>\n<p>\u201c[Este] a\u00f1o hasta la fecha, 15 peatones han muerto en las carreteras de Toronto y el 67 por ciento de estas v\u00edctimas ten\u00edan 55 a\u00f1os o m\u00e1s. Muchas de estas muertes de peatones ocurrieron en carreteras arteriales que son calles anchas de varios carriles que transportan grandes vol\u00famenes de tr\u00e1fico \u201d, agreg\u00f3 Kraft.<\/p>\n<p>La polic\u00eda de Toronto dice que a partir del 2 de noviembre, un d\u00eda despu\u00e9s de que los relojes retrocedan, lanzar\u00e1n una campa\u00f1a de seguridad para peatones llamada &#8220;ENFOCADOS en los usuarios vulnerables de la carretera&#8221;, que finalizar\u00e1 el 8 de noviembre.<\/p>\n<p>El foco, dicen, estar\u00e1 en los comportamientos de los conductores &#8220;Los 4 grandes&#8221;: conducci\u00f3n agresiva, conducci\u00f3n distra\u00edda, conducci\u00f3n alterada y exceso de velocidad.<\/p>\n<p>\u201cTraffic Services crear\u00e1 oportunidades a trav\u00e9s de las redes sociales para discutir los riesgos diarios que corren los usuarios de la carretera\u201d, dijo Kraft.<\/p>\n<p>\u201cDe 2018 a 2020 [actualmente], el 46 por ciento de las muertes de peatones involucraron cruces a mitad de cuadra. De manera similar, el 46 por ciento de las muertes se debieron a veh\u00edculos que giraron en las intersecciones &#8220;.<\/p>\n<p>La seguridad vial es uno de los principales argumentos que tienen los expertos en salud para mantener Ontario durante el d\u00eda. Otro es un aumento en los ataques card\u00edacos, y algunos expertos afirman que un regreso al horario est\u00e1ndar tambi\u00e9n puede aumentar la probabilidad de accidentes cerebrovasculares.<\/p>\n<p>El horario de verano existe desde hace m\u00e1s de 100 a\u00f1os, comenzando en Ontario en 1918.<\/p>\n<p>&nbsp;<\/p>\n<h4><em><strong>El sindicato califica el brote en el Centro Correccional de Calgary como una &#8220;historia de terror&#8221;, ya que COVID-19 infecta al 65% de los reclusos<\/strong><\/em><\/h4>\n<p><img loading=\"lazy\" decoding=\"async\" class=\"alignnone size-thumbnail wp-image-494632\" src=\"https:\/\/diarioelpopular.com\/wp-content\/uploads\/2020\/10\/Screen-Shot-2020-10-31-at-1.36.37-PM-150x150.png\" alt=\"\" width=\"150\" height=\"150\" \/><\/p>\n<p><em><strong>CALGARY.-<\/strong><\/em> Mientras el Centro Correccional de Calgary enfrenta un brote de COVID-19 que ha infectado al 65 por ciento de sus reclusos y 20 empleados, el Sindicato de Empleados Provinciales de Alberta dice que los trabajadores del centro le han dicho que las condiciones son horribles y que muchas medidas preventivas son s\u00f3lo justas. siendo puesto en su lugar.<\/p>\n<p>&#8220;Es una historia de terror dentro de las instalaciones&#8221;, dijo Bobby-Joe Borodey, vicepresidente de AUPE. \u201cAhora no hay segregaci\u00f3n o aislamiento de reclusos infectados y no infectados dentro del centro correccional.<\/p>\n<p>\u201cSe considera que toda la instalaci\u00f3n es COVID. Todo el mundo se est\u00e1 mezclando &#8220;.<\/p>\n<p>Las cifras actualizadas publicadas el viernes por la noche por la oficina de la justicia y el procurador general de Alberta muestran que un total de 112 reclusos dieron positivo por coronavirus de los 161 reclusos que se encuentran actualmente en el centro.<\/p>\n<p>Ocho de esos casos positivos fueron liberados y se les orden\u00f3 que se aislaran en casa despu\u00e9s de completar sus sentencias, dijo Alberta Health Services.<\/p>\n<p>Excluyendo los ocho casos que ya no est\u00e1n en el centro, eso significa que el 64,5 por ciento de los 161 reclusos que a\u00fan se encuentran dentro del centro han dado positivo.<\/p>\n<p>Tambi\u00e9n se han confirmado 20 casos en funcionarios.<\/p>\n<p>AUPE dijo que los presos comenzaron a usar m\u00e1scaras la semana pasada. Se agregaron nuevas restricciones el 23 de octubre que requieren que el personal se limite a estar solo en casa o en el trabajo.<\/p>\n<p>&#8220;No pueden estar en p\u00fablico, no pueden comprar comestibles, no pueden llevar a sus hijos a eventos extracurriculares&#8221;, dijo Borodey. &#8220;En el pr\u00f3ximo futuro previsible, solo podr\u00e1n viajar entre las dos ubicaciones y, por supuesto, eso tendr\u00e1 un impacto severo en su calidad de vida&#8221;.<\/p>\n<p>Una declaraci\u00f3n enviada por correo electr\u00f3nico de la Fiscal\u00eda General de Alberta, Kaycee Madu, dijo que el centro est\u00e1 trabajando con AHS para implementar precauciones adicionales.<\/p>\n<p>\u201cPara ayudar a proteger al personal y a los reclusos en la instalaci\u00f3n, las medidas adicionales incluyen pruebas para los reclusos y el personal en todo el centro, la evaluaci\u00f3n de s\u00edntomas de los reclusos dos veces al d\u00eda por parte del personal, la evaluaci\u00f3n de s\u00edntomas del personal antes de cada turno, la limpieza y desinfecci\u00f3n mejoradas, la protecci\u00f3n mejorada del PPE el personal y los presos y la ense\u00f1anza continua de la salud y el apoyo de salud mental tanto para los presos como para el personal \u201d, se lee en el comunicado.<\/p>\n<p>\u201cTodo movimiento de reclusos que no sea de urgencia dentro y fuera del centro tambi\u00e9n est\u00e1 temporalmente suspendido. Como resultado, no hay nuevas admisiones de reclusos ni transferencias de reclusos dentro o fuera de la instalaci\u00f3n &#8220;.<\/p>\n<p>AUPE dijo que los empleados est\u00e1n \u201cagotados\u201d mientras trabajan para cubrir a otros que est\u00e1n enfermos. El sindicato agreg\u00f3 que ha escuchado que se ha pedido a los trabajadores de otras instalaciones que est\u00e9n preparados para trabajar en el centro si es necesario.<\/p>\n<p>La provincia dijo el viernes que a\u00fan no se ha pedido que trabaje ning\u00fan miembro del personal de otros centros, pero que podr\u00eda suceder en las pr\u00f3ximas semanas.<\/p>\n<p>&#8220;Como parte de una planificaci\u00f3n de precauci\u00f3n prudente, se le puede pedir al personal en otros lugares que trabaje en el Centro Correccional de Calgary&#8221;, dec\u00eda la declaraci\u00f3n de Madu. \u201cSi esto sucede, se les pedir\u00e1 que se adhieran a todos los protocolos de salud y seguridad que se aplican al centro\u201d.<\/p>\n<p>La AHS dijo el viernes que cree que el aumento en los casos se debe a &#8220;volver a limpiar con hisopos de los presos previamente negativos el 27 de octubre seg\u00fan lo ordenado por el oficial m\u00e9dico de salud&#8221;.<\/p>\n<p>La declaraci\u00f3n de la oficina de Madu describi\u00f3 una serie de precauciones adicionales, incluida la detecci\u00f3n y las pruebas de los presos, as\u00ed como las reglas de aislamiento y cohorte.<\/p>\n<p>Tambi\u00e9n se ha implementado el distanciamiento f\u00edsico, el lavado de manos y el \u201cenmascaramiento cuando no se puede mantener un m\u00ednimo de dos metros\u201d, seg\u00fan la provincia.<\/p>\n<p>Todas las visitas han sido suspendidas. Cuando los profesionales deben visitar las instalaciones por razones legales o m\u00e9dicas, se colocan barreras de vidrio.<\/p>\n<p>La provincia dijo que el personal ha estado usando EPP al tratar con los presos y lo ha estado haciendo desde marzo.<\/p>\n<p>Sin embargo, AUPE dijo el viernes que el personal dijo que solo recibieron instrucciones de comenzar a usar PPE el jueves, y que las m\u00e1scaras solo se han usado durante aproximadamente un mes.<\/p>\n","protected":false},"excerpt":{"rendered":"<p>Actualizado s\u00e1bado 31 de octubre de 2020 11:48 a.m. &#8211; Ontario inform\u00f3 este s\u00e1bado 1.015 nuevos casos del nuevo coronavirus, lo que eleva el n\u00famero&hellip;<\/p>\n","protected":false},"author":99,"featured_media":0,"comment_status":"open","ping_status":"open","sticky":false,"template":"","format":"standard","meta":{"footnotes":""},"categories":[21,11191],"tags":[],"class_list":["post-494630","post","type-post","status-publish","format-standard","hentry","category-canada","category-top-news"],"_links":{"self":[{"href":"https:\/\/diarioelpopular.com\/index.php\/wp-json\/wp\/v2\/posts\/494630","targetHints":{"allow":["GET"]}}],"collection":[{"href":"https:\/\/diarioelpopular.com\/index.php\/wp-json\/wp\/v2\/posts"}],"about":[{"href":"https:\/\/diarioelpopular.com\/index.php\/wp-json\/wp\/v2\/types\/post"}],"author":[{"embeddable":true,"href":"https:\/\/diarioelpopular.com\/index.php\/wp-json\/wp\/v2\/users\/99"}],"replies":[{"embeddable":true,"href":"https:\/\/diarioelpopular.com\/index.php\/wp-json\/wp\/v2\/comments?post=494630"}],"version-history":[{"count":1,"href":"https:\/\/diarioelpopular.com\/index.php\/wp-json\/wp\/v2\/posts\/494630\/revisions"}],"predecessor-version":[{"id":494634,"href":"https:\/\/diarioelpopular.com\/index.php\/wp-json\/wp\/v2\/posts\/494630\/revisions\/494634"}],"wp:attachment":[{"href":"https:\/\/diarioelpopular.com\/index.php\/wp-json\/wp\/v2\/media?parent=494630"}],"wp:term":[{"taxonomy":"category","embeddable":true,"href":"https:\/\/diarioelpopular.com\/index.php\/wp-json\/wp\/v2\/categories?post=494630"},{"taxonomy":"post_tag","embeddable":true,"href":"https:\/\/diarioelpopular.com\/index.php\/wp-json\/wp\/v2\/tags?post=494630"}],"curies":[{"name":"wp","href":"https:\/\/api.w.org\/{rel}","templated":true}]}}