{"id":494655,"date":"2020-11-01T13:27:12","date_gmt":"2020-11-01T17:27:12","guid":{"rendered":"https:\/\/diarioelpopular.com\/?p=494655"},"modified":"2020-11-01T13:27:12","modified_gmt":"2020-11-01T17:27:12","slug":"el-temor-aun-prevalece-en-chile","status":"publish","type":"post","link":"https:\/\/diarioelpopular.com\/index.php\/2020\/11\/01\/el-temor-aun-prevalece-en-chile\/","title":{"rendered":"El temor a\u00fan prevalece en Chile"},"content":{"rendered":"<div id=\"attachment_494656\" style=\"width: 160px\" class=\"wp-caption alignnone\"><img loading=\"lazy\" decoding=\"async\" aria-describedby=\"caption-attachment-494656\" class=\"size-thumbnail wp-image-494656\" src=\"https:\/\/diarioelpopular.com\/wp-content\/uploads\/2020\/11\/7cc08e5317fc7d50cb950b09dd3c21f0-150x150.jpg\" alt=\"\" width=\"150\" height=\"150\" \/><p id=\"caption-attachment-494656\" class=\"wp-caption-text\"><em>El miedo a contagiarse todav\u00eda est\u00e1 muy presente en Chile.<\/em><\/p><\/div>\n<h4><em><strong>S\u00f3lo 24% quiere volver a tareas o clases presenciales<\/strong><\/em><\/h4>\n<p><em><strong>SANTIAGO DEL CHILE, 01 NOV &#8211;<\/strong> <\/em>Solo el 24% de los chilenos quiere retornar a las actividades presenciales, sin embargo, hay consenso de que es alg\u00fan cambio es necesario tras las restricciones de la pandemia, aunque predomina el resquemor, seg\u00fan la encuesta internacional Ipsos.<br \/>\nEl miedo al contagio es una de las causas, el 85% cree que habr\u00e1 un rebrote del virus, aunque solo el 28% piensa que ser\u00e1 m\u00e1s grave que la primera ola. El 49% cree que ser\u00e1 igual y el 23% opin\u00f3 que ser\u00e1 menos grave. El pesimismo es m\u00e1s alto entre quienes ya trabajan fuera de su hogar.<br \/>\nRespecto a la percepci\u00f3n de gravedad, a lo largo de los nueve estudios de la consultora, la ciudadan\u00eda percibe que es muy grave contraer la enfermedad.<br \/>\nLa medici\u00f3n, realizada entre 2 y el 6 de octubre, arroj\u00f3 que el 83% considera grave contagiarse, cinco puntos m\u00e1s que en la medici\u00f3n de julio pasado.<br \/>\n&#8220;No disminuye la percepci\u00f3n de gravedad de la pandemia, pero las personas est\u00e1n asimilando que forma parte de la nueva normalidad que estamos afrontando como pa\u00eds. Y en ese contexto, la actividad laboral y la cotidianeidad deben adaptarse y retomarse en la medida de lo posible. No hemos minimizado o subestimado su gravedad, pero s\u00ed hemos estamos aprendiendo a vivir en contexto de cuidado&#8221;, analiz\u00f3 Alejandra Ojeda, gerente de asuntos p\u00fablicos de Ipsos Chile.<br \/>\nVarias de las conductas previas a la pandemia han cambiado en estos meses. La manera de trasladarse es una de ellas. Frente a eso, el 33% ha cambiado su medio de transporte frecuente desde el inicio de la pandemia.<br \/>\nLa mayor\u00eda ha disminuido el uso de transporte p\u00fablico y ha intensificado el uso del auto. El uso del auto pasa de 40% a 49% con la pandemia como medio transporte frecuente, mientras que el uso del transporte p\u00fablico (Micros\/Transantiago) disminuye de 32% a 18%.<br \/>\nUn 27% se\u00f1al\u00f3 haber considerado cambiar su medio de transporte frecuente en el corto plazo, especialmente entre usuarios del transporte p\u00fablico. La seguridad sanitaria es el motivo principal para considerar ese cambio, tal como lo declara un 66% de las personas.<br \/>\nUn medio que se potencia con la pandemia es la bicicleta.<br \/>\nLa mitad de quienes han pensado cambiar su medio de transporte se cambiar\u00edan al auto, mientras un 23% se cambiar\u00eda a la bicicleta que, a su vez, es considerada el medio m\u00e1s seguro para trasladarse, respecto al Covid 19.<br \/>\nFinalmente, muchos han debido modificar sus rutinas. El 43% indic\u00f3 que ha debido o planea ajustarla, eso especialmente en los horarios de traslado. Los usuarios del metro de Santiago han requerido m\u00e1s ajustes de rutinas (74%). Le siguen los usuarios frecuentes de taxi o transporte por aplicaci\u00f3n (67%) y del transporte p\u00fablico (56%).<br \/>\nSeg\u00fan Ojeda, &#8220;el desaf\u00edo para el transporte p\u00fablico es darle seguridad a sus usuarios, ofreciendo evidencia sobre los protocolos que han implementado o implementar\u00e1n para proteger a las personas&#8221;.<br \/>\n&#8220;Parte importante de retornar a la actividad implica volver realizar las rutinas en las condiciones en que se realizaban previamente, lo que incluye el desplazamiento en el transporte p\u00fablico&#8221;, indic\u00f3 la experta.<\/p>\n","protected":false},"excerpt":{"rendered":"<p>S\u00f3lo 24% quiere volver a tareas o clases presenciales SANTIAGO DEL CHILE, 01 NOV &#8211; Solo el 24% de los chilenos quiere retornar a las&hellip;<\/p>\n","protected":false},"author":99,"featured_media":0,"comment_status":"open","ping_status":"open","sticky":false,"template":"","format":"standard","meta":{"footnotes":""},"categories":[23],"tags":[],"class_list":["post-494655","post","type-post","status-publish","format-standard","hentry","category-latinoamerica"],"_links":{"self":[{"href":"https:\/\/diarioelpopular.com\/index.php\/wp-json\/wp\/v2\/posts\/494655","targetHints":{"allow":["GET"]}}],"collection":[{"href":"https:\/\/diarioelpopular.com\/index.php\/wp-json\/wp\/v2\/posts"}],"about":[{"href":"https:\/\/diarioelpopular.com\/index.php\/wp-json\/wp\/v2\/types\/post"}],"author":[{"embeddable":true,"href":"https:\/\/diarioelpopular.com\/index.php\/wp-json\/wp\/v2\/users\/99"}],"replies":[{"embeddable":true,"href":"https:\/\/diarioelpopular.com\/index.php\/wp-json\/wp\/v2\/comments?post=494655"}],"version-history":[{"count":1,"href":"https:\/\/diarioelpopular.com\/index.php\/wp-json\/wp\/v2\/posts\/494655\/revisions"}],"predecessor-version":[{"id":494657,"href":"https:\/\/diarioelpopular.com\/index.php\/wp-json\/wp\/v2\/posts\/494655\/revisions\/494657"}],"wp:attachment":[{"href":"https:\/\/diarioelpopular.com\/index.php\/wp-json\/wp\/v2\/media?parent=494655"}],"wp:term":[{"taxonomy":"category","embeddable":true,"href":"https:\/\/diarioelpopular.com\/index.php\/wp-json\/wp\/v2\/categories?post=494655"},{"taxonomy":"post_tag","embeddable":true,"href":"https:\/\/diarioelpopular.com\/index.php\/wp-json\/wp\/v2\/tags?post=494655"}],"curies":[{"name":"wp","href":"https:\/\/api.w.org\/{rel}","templated":true}]}}