{"id":494727,"date":"2020-11-06T12:45:03","date_gmt":"2020-11-06T16:45:03","guid":{"rendered":"https:\/\/diarioelpopular.com\/?p=494727"},"modified":"2020-11-06T12:45:03","modified_gmt":"2020-11-06T16:45:03","slug":"buenos-aires-de-aislamiento-a-distanciamiento","status":"publish","type":"post","link":"https:\/\/diarioelpopular.com\/index.php\/2020\/11\/06\/buenos-aires-de-aislamiento-a-distanciamiento\/","title":{"rendered":"Buenos Aires, de aislamiento a distanciamiento"},"content":{"rendered":"<div id=\"attachment_494728\" style=\"width: 310px\" class=\"wp-caption alignnone\"><img loading=\"lazy\" decoding=\"async\" aria-describedby=\"caption-attachment-494728\" class=\"size-medium wp-image-494728\" src=\"https:\/\/diarioelpopular.com\/wp-content\/uploads\/2020\/11\/d629752ebfe0c7eea978d2b492ea70e1-300x200.jpg\" alt=\"\" width=\"300\" height=\"200\" \/><p id=\"caption-attachment-494728\" class=\"wp-caption-text\"><em>Coronavirus en Argentina.<\/em><\/p><\/div>\n<p><em><strong>BUENOS AIRES 6 NOV &#8211;<\/strong> <\/em>La Ciudad de Buenos Aires y su \u00e1rea de influencia (AMBA) pasar\u00e1n del aislamiento social, preventivo y obligatorio (ASPO), que rige desde el pasado 20 de marzo, aunque con flexibilizaciones sobre todo de hecho, a una nueva etapa de &#8220;distanciamiento social&#8221; (DISPO) que le dar\u00e1 mayor autonom\u00eda para circular y definir habilitaciones.<br \/>\nEl cambio, seg\u00fan reporta la prensa local, fue confirmado hoy por el presidente Alberto Fern\u00e1ndez al jefe del gobierno porte\u00f1o, Horacio Rodr\u00edguez Larreta, y al gobernador de la provincia de Buenos Aires, Axel Kicillof, en una reuni\u00f3n en la residencia del mandatario en las afueras de la capital argentina.<br \/>\n&#8220;El cambio a DISPO fue una disposici\u00f3n de Naci\u00f3n&#8221;, dijo -citado por el diario La Naci\u00f3n- un colaborador de Rodr\u00edguez Larreta. El cambio m\u00e1s significativo es que cada distrito ya no tendr\u00e1 que depender del jefe del gabinete gubernamental para abrir o cerrar actividades.<br \/>\nAdem\u00e1s dejar\u00eda de ser necesario el permiso para circular, hasta ahora obligatorio, aunque con escasos controles en los \u00faltimos tiempos.<br \/>\nLa Ciudad de Buenos Aires aspira a volver a autorizar a partir del lunes reuniones sociales y familiares en espacios cerrados, as\u00ed como a ampliar la capacidad de los locales cerrados hasta el 50%, incluyendo espect\u00e1culos en cines y teatros, deportivos y religiosos.<br \/>\nAsimismo se permitir\u00e1n muchas habiliadades educativas, con actividades presenciales dos veces por semana en la escuela primaria y secundaria.<br \/>\nLa ministra de Gobierno de la provincia de Buenos Aires, Teresa Garc\u00eda, aclar\u00f3 que &#8220;no es el fin de la cuarentena&#8221; sino una nueva etapa, durante la cual seguir\u00e1n las restricciones al transporte p\u00fablico.<\/p>\n","protected":false},"excerpt":{"rendered":"<p>BUENOS AIRES 6 NOV &#8211; La Ciudad de Buenos Aires y su \u00e1rea de influencia (AMBA) pasar\u00e1n del aislamiento social, preventivo y obligatorio (ASPO), que&hellip;<\/p>\n","protected":false},"author":99,"featured_media":0,"comment_status":"open","ping_status":"open","sticky":false,"template":"","format":"standard","meta":{"footnotes":""},"categories":[23],"tags":[],"class_list":["post-494727","post","type-post","status-publish","format-standard","hentry","category-latinoamerica"],"_links":{"self":[{"href":"https:\/\/diarioelpopular.com\/index.php\/wp-json\/wp\/v2\/posts\/494727","targetHints":{"allow":["GET"]}}],"collection":[{"href":"https:\/\/diarioelpopular.com\/index.php\/wp-json\/wp\/v2\/posts"}],"about":[{"href":"https:\/\/diarioelpopular.com\/index.php\/wp-json\/wp\/v2\/types\/post"}],"author":[{"embeddable":true,"href":"https:\/\/diarioelpopular.com\/index.php\/wp-json\/wp\/v2\/users\/99"}],"replies":[{"embeddable":true,"href":"https:\/\/diarioelpopular.com\/index.php\/wp-json\/wp\/v2\/comments?post=494727"}],"version-history":[{"count":1,"href":"https:\/\/diarioelpopular.com\/index.php\/wp-json\/wp\/v2\/posts\/494727\/revisions"}],"predecessor-version":[{"id":494729,"href":"https:\/\/diarioelpopular.com\/index.php\/wp-json\/wp\/v2\/posts\/494727\/revisions\/494729"}],"wp:attachment":[{"href":"https:\/\/diarioelpopular.com\/index.php\/wp-json\/wp\/v2\/media?parent=494727"}],"wp:term":[{"taxonomy":"category","embeddable":true,"href":"https:\/\/diarioelpopular.com\/index.php\/wp-json\/wp\/v2\/categories?post=494727"},{"taxonomy":"post_tag","embeddable":true,"href":"https:\/\/diarioelpopular.com\/index.php\/wp-json\/wp\/v2\/tags?post=494727"}],"curies":[{"name":"wp","href":"https:\/\/api.w.org\/{rel}","templated":true}]}}