{"id":494730,"date":"2020-11-07T20:14:42","date_gmt":"2020-11-08T00:14:42","guid":{"rendered":"https:\/\/diarioelpopular.com\/?p=494730"},"modified":"2020-11-07T20:14:42","modified_gmt":"2020-11-08T00:14:42","slug":"sabian-donde-estaba-el-submarino-hundido","status":"publish","type":"post","link":"https:\/\/diarioelpopular.com\/index.php\/2020\/11\/07\/sabian-donde-estaba-el-submarino-hundido\/","title":{"rendered":"&#8220;Sab\u00edan d\u00f3nde estaba el submarino hundido&#8221;"},"content":{"rendered":"<div id=\"attachment_494731\" style=\"width: 310px\" class=\"wp-caption alignnone\"><img loading=\"lazy\" decoding=\"async\" aria-describedby=\"caption-attachment-494731\" class=\"size-medium wp-image-494731\" src=\"https:\/\/diarioelpopular.com\/wp-content\/uploads\/2020\/11\/f0c0eb3c8e6ec79a600b5b730245dd18-300x201.jpg\" alt=\"\" width=\"300\" height=\"201\" \/><p id=\"caption-attachment-494731\" class=\"wp-caption-text\"><em>El submarino ARA San Juan hundido en 2017 en el Atl\u00e1ntico Sur con 44 tripulantes a bordo (foto: ANSA)<\/em><\/p><\/div>\n<h4><em><strong>Declaraci\u00f3n a jueces sobre el ARA San Juan incomoda a Macri<\/strong><\/em><\/h4>\n<p><em><strong>BUENOS AIRES 7 NOV &#8211;<\/strong> <\/em>Unos 20 d\u00edas despu\u00e9s de su desaparici\u00f3n en 2017, el gobierno de Mauricio Macri sab\u00eda d\u00f3nde estaba hundido el submarino militar ARA San Juan con sus 44 tripulantes , dijo un contralmirante en declaraciones ante la C\u00e1mara de Apelaciones de Comodoro Rivadavia, lo que deja en inc\u00f3moda situaci\u00f3n al expresidente y su gabinete.<br \/>\nLa revelaci\u00f3n perteneza al alto mando de la Armada Argentina Enrique L\u00f3pez Mazzeo y fue revelada en la edici\u00f3n del portal Infobae, el m\u00e1s le\u00eddo en el pa\u00eds.<br \/>\nLa posici\u00f3n del sumergible argentino la habr\u00eda revelado el buque chileno Cabo de Hornos, siempre seg\u00fan la declaraci\u00f3n de L\u00f3pez Mazzeo, ex comandante de Adiestramiento y Alistamiento de la Armada y uno de los imputados en la causa por el hundimiento del nav\u00edo.<br \/>\nEsa revelaci\u00f3n, dice Infobae, gener\u00f3 indignaci\u00f3n entre los familiares de los 44 tripulantes fallecidos y los abogados querellantes que los representan.<br \/>\nEs que el submarino -tipo TR-1700 de fabricaci\u00f3n alemana- hab\u00eda perdido contacto con sus mandos y base el 15 de noviembre de 2017 cuando navegaba en el mar Argentino con 44 personas a bordo (43 hombres y una mujer) desde Ushuaia (extremo sur del pa\u00eds) hacia Mar del Plata y reci\u00e9n fueron hallados sus restos un a\u00f1o despu\u00e9s, el 17 de noviembre de 2018, muy cerca del punto de la desaparici\u00f3n, a 907 metros de profundidad.<br \/>\nEl ARA San Juan se hundi\u00f3 a la altura del golfo San Jorge, posiblemente a causa de una implosi\u00f3n. Dieciocho pa\u00edses colaboraron en la operaci\u00f3n de b\u00fasqueda y rescate, durante quince d\u00edas, sin resultados. Al a\u00f1o siguiente, el gobierno de Macri contrat\u00f3 a la empresa privada Ocean Infinity e inici\u00f3 una segunda b\u00fasqueda que concluy\u00f3 con el hallazgo.<br \/>\nAhora, sale a la luz en base a los dichos ante la justicia de un almirante, que en realidad, aparentemente el Gobierno de Macri desde diciembre de 2017 sab\u00eda donde se encomtraba la embarcaci\u00f3n.<br \/>\nEl ex oficial declar\u00f3 ante el tribunal superior integrado por los jueces Javier Leal de Ibarra (presidente), Aldo Su\u00e1rez y Hebe Corchuelo de Huberman para defenderse del procesamiento que el 31 de enero pasado le dict\u00f3 la jueza federal de Caleta Olivia, Marta Y\u00e1nez, por no haberse asesorado debidamente ni ocuparse personalmente de verificar el estado de la nave en forma previa a la realizaci\u00f3n de un ejercicio naval combinado de gran envergadura.<br \/>\n&#8220;Cuando usted vea toda la documentaci\u00f3n, se va a dar cuenta de que nosotros, cuando tuve que firmar el mensaje m\u00e1s doloroso en toda mi carrera que fue el cierre del caso SAR (por la b\u00fasqueda y rescate) ten\u00edamos detectada la posici\u00f3n del submarino y por eso hab\u00edamos coordinado con la Marina Brit\u00e1nica el 5 de diciembre (de 2017) el pedido de un veh\u00edculo aut\u00f3nomo, porque sab\u00edamos que pod\u00eda estar \u00fanicamente en dos ca\u00f1adones, que era lo que no pod\u00edamos verificar con todos los medios internacionales requeridos&#8221;, declar\u00f3 L\u00f3pez Mazzeo.<br \/>\nEs la primera vez que se reconoce p\u00fablicamente que el &#8220;contacto&#8221; que a trav\u00e9s del sonar (sonido, no im\u00e1genes) realizado por el buque chileno pertenec\u00edan al ARA San Juan.<br \/>\n&#8220;En caso de confirmarse lo que dijo L\u00f3pez Mazzeo ante el tribunal estamos frente a un escandalo sin precedentes&#8221;, dijo a Infobae la abogada Valeria Carreras, quien junto a Fernando Burlando integran la querella mayoritaria y que han impulsado, incluso, las imputaciones en la causa del ex presidente Macri, el ex ministro de Defensa, Oscar Aguad, y del ex jefe de la Armada, el almirante Marcelo Eduardo Hip\u00f3lito Srur.<br \/>\nLa solicitud cont\u00f3 con el acompa\u00f1amiento del fiscal de C\u00e1mara y ahora ser\u00e1 el tribunal quien deber\u00e1 decidir si acepta o no las nuevas imputaciones solicitadas.<\/p>\n","protected":false},"excerpt":{"rendered":"<p>Declaraci\u00f3n a jueces sobre el ARA San Juan incomoda a Macri BUENOS AIRES 7 NOV &#8211; Unos 20 d\u00edas despu\u00e9s de su desaparici\u00f3n en 2017,&hellip;<\/p>\n","protected":false},"author":99,"featured_media":0,"comment_status":"open","ping_status":"open","sticky":false,"template":"","format":"standard","meta":{"footnotes":""},"categories":[23],"tags":[],"class_list":["post-494730","post","type-post","status-publish","format-standard","hentry","category-latinoamerica"],"_links":{"self":[{"href":"https:\/\/diarioelpopular.com\/index.php\/wp-json\/wp\/v2\/posts\/494730","targetHints":{"allow":["GET"]}}],"collection":[{"href":"https:\/\/diarioelpopular.com\/index.php\/wp-json\/wp\/v2\/posts"}],"about":[{"href":"https:\/\/diarioelpopular.com\/index.php\/wp-json\/wp\/v2\/types\/post"}],"author":[{"embeddable":true,"href":"https:\/\/diarioelpopular.com\/index.php\/wp-json\/wp\/v2\/users\/99"}],"replies":[{"embeddable":true,"href":"https:\/\/diarioelpopular.com\/index.php\/wp-json\/wp\/v2\/comments?post=494730"}],"version-history":[{"count":1,"href":"https:\/\/diarioelpopular.com\/index.php\/wp-json\/wp\/v2\/posts\/494730\/revisions"}],"predecessor-version":[{"id":494732,"href":"https:\/\/diarioelpopular.com\/index.php\/wp-json\/wp\/v2\/posts\/494730\/revisions\/494732"}],"wp:attachment":[{"href":"https:\/\/diarioelpopular.com\/index.php\/wp-json\/wp\/v2\/media?parent=494730"}],"wp:term":[{"taxonomy":"category","embeddable":true,"href":"https:\/\/diarioelpopular.com\/index.php\/wp-json\/wp\/v2\/categories?post=494730"},{"taxonomy":"post_tag","embeddable":true,"href":"https:\/\/diarioelpopular.com\/index.php\/wp-json\/wp\/v2\/tags?post=494730"}],"curies":[{"name":"wp","href":"https:\/\/api.w.org\/{rel}","templated":true}]}}