{"id":494741,"date":"2020-11-08T22:59:39","date_gmt":"2020-11-09T02:59:39","guid":{"rendered":"https:\/\/diarioelpopular.com\/?p=494741"},"modified":"2020-11-08T22:59:39","modified_gmt":"2020-11-09T02:59:39","slug":"gobierno-niega-filtraciones-de-agentes-de-maduro","status":"publish","type":"post","link":"https:\/\/diarioelpopular.com\/index.php\/2020\/11\/08\/gobierno-niega-filtraciones-de-agentes-de-maduro\/","title":{"rendered":"Gobierno niega filtraciones de agentes de Maduro"},"content":{"rendered":"<div id=\"attachment_494742\" style=\"width: 310px\" class=\"wp-caption alignnone\"><img loading=\"lazy\" decoding=\"async\" aria-describedby=\"caption-attachment-494742\" class=\"size-medium wp-image-494742\" src=\"https:\/\/diarioelpopular.com\/wp-content\/uploads\/2020\/11\/52b7fae739e389894f5ceb703374e0f6-300x200.jpg\" alt=\"\" width=\"300\" height=\"200\" \/><p id=\"caption-attachment-494742\" class=\"wp-caption-text\">Gobierno chileno niega filtraciones de agentes de Maduro durante crisis pol\u00edtica (foto: EPA)<\/p><\/div>\n<h4><strong>Nada confirma irrupci\u00f3n de agitadores venezolanos, ministro<\/strong><\/h4>\n<p><em><strong>SANTIAGO DEL CHILE, 08 NOV &#8211;<\/strong> <\/em>El ministro de defensa Mario Desbordes descart\u00f3 la presencia de agentes venezolanos infiltrados durante el estallido social en Chile que deriv\u00f3 en la m\u00e1s grave crisis pol\u00edtica desde la recuperaci\u00f3n de la democracia en marzo de 1990.<br \/>\n&#8220;No tengo antecedentes que permitan confirmar esa tesis&#8221;, declar\u00f3 Desbordes en una entrevista con radio B\u00edo B\u00edo donde se le pidi\u00f3 confirmar una afirmaci\u00f3n del l\u00edder opositor venezolano Juan Guaid\u00f3.<br \/>\nEl presidente encargado de Venezuela sostuvo que hubo infiltraci\u00f3n de agentes de ese pa\u00eds en la agitaci\u00f3n social del 18 de octubre del a\u00f1o pasado, que se mantuvo durante un mes en las calles hasta obligar a un acuerdo pol\u00edtico que asegurara un Plebiscito para poner fin a la constituci\u00f3n heredada de la dictadura de Augusto Pinochet (1973-1990).<br \/>\nSin embargo, Guaid\u00f3 no entreg\u00f3 antecedente alguno que respaldara sus dichos.<br \/>\n&#8220;No lo dice solamente Guaid\u00f3. Tambi\u00e9n (Nicol\u00e1s) Maduro, en m\u00e1s de un video aparece, en la misma \u00e9poca, jact\u00e1ndose de que estaba resultando lo planificado. Lo dice abiertamente, en Chile est\u00e1 resultando lo planificado, dice \u00e9l, en el Foro de Sao Paulo&#8221;, record\u00f3 Desbordes.<br \/>\nLa primera noche de la revuelta, con m\u00e1s de 40 estaciones de Metro incendiadas, llevo al presidente Sebasti\u00e1n Pi\u00f1era a declarar que &#8220;estamos en guerra contra un enemigo poderoso&#8221;, palabras que fueron duramente cuestionadas por la oposici\u00f3n al poner m\u00e1s gasolina a la crisis social.<br \/>\nDesbordes afirm\u00f3 hoy que &#8220;no tengo antecedentes que permitan confirmar esa tesis. Hay varios detenidos durante el estallido, de los que participaron en hechos de violencia, que son extranjeros y eso tambi\u00e9n es otro dato duro\u2026De ah\u00ed a pensar que esto fue planificado, fue hecho desde afuera. Yo no tengo ning\u00fan antecedente para eso&#8221;.<br \/>\n&#8220;Uno tiene que tener cuidado, separar la violencia de las manifestaciones pac\u00edficas. La violencia fue dur\u00edsima. Hay grupos anarquistas, grupos antisistema. Hay una mezcla de cosas, que llev\u00f3 a una violencia inusitada en Chile y en Am\u00e9rica Latina que no hab\u00eda habido en los \u00faltimos a\u00f1os, en el mundo, salvo la Primavera \u00c1rabe&#8221;, agreg\u00f3.<br \/>\nSeg\u00fan el ministro de Defensa, esa violencia en Chile &#8220;no tiene nada que ver con los miles de manifestantes pac\u00edficos que salieron a reclamar cuestiones reales, concretas, objetivas, que nadie puede discutir que son ciertas, que son materia de abuso o de problemas, de necesidades&#8221;.<br \/>\n&#8220;Una cosa es la violencia y otra muy distinta es la leg\u00edtima manifestaci\u00f3n pac\u00edfica que hicieron cientos de miles de chilenos&#8221;, remarc\u00f3 Desbordes, quien en ese entonces era diputado y presidente de Renovaci\u00f3n Nacional, y respaldaba las manifestaciones callejeras.<br \/>\nAl pedirle detalles sobre la investigaci\u00f3n de inteligencia que apuntar\u00eda a una eventual participaci\u00f3n de extranjeros en el estallido social chileno, respondi\u00f3 que &#8220;no puedo darle m\u00e1s informaci\u00f3n que el se\u00f1alarle que pruebas, y eso la Fiscal\u00eda es la que ha investigado, de que haya habido una mayor participaci\u00f3n, al menos hasta ahora, no hay informaci\u00f3n&#8221;.<\/p>\n","protected":false},"excerpt":{"rendered":"<p>Nada confirma irrupci\u00f3n de agitadores venezolanos, ministro SANTIAGO DEL CHILE, 08 NOV &#8211; El ministro de defensa Mario Desbordes descart\u00f3 la presencia de agentes venezolanos&hellip;<\/p>\n","protected":false},"author":99,"featured_media":0,"comment_status":"open","ping_status":"open","sticky":false,"template":"","format":"standard","meta":{"footnotes":""},"categories":[23],"tags":[],"class_list":["post-494741","post","type-post","status-publish","format-standard","hentry","category-latinoamerica"],"_links":{"self":[{"href":"https:\/\/diarioelpopular.com\/index.php\/wp-json\/wp\/v2\/posts\/494741","targetHints":{"allow":["GET"]}}],"collection":[{"href":"https:\/\/diarioelpopular.com\/index.php\/wp-json\/wp\/v2\/posts"}],"about":[{"href":"https:\/\/diarioelpopular.com\/index.php\/wp-json\/wp\/v2\/types\/post"}],"author":[{"embeddable":true,"href":"https:\/\/diarioelpopular.com\/index.php\/wp-json\/wp\/v2\/users\/99"}],"replies":[{"embeddable":true,"href":"https:\/\/diarioelpopular.com\/index.php\/wp-json\/wp\/v2\/comments?post=494741"}],"version-history":[{"count":1,"href":"https:\/\/diarioelpopular.com\/index.php\/wp-json\/wp\/v2\/posts\/494741\/revisions"}],"predecessor-version":[{"id":494743,"href":"https:\/\/diarioelpopular.com\/index.php\/wp-json\/wp\/v2\/posts\/494741\/revisions\/494743"}],"wp:attachment":[{"href":"https:\/\/diarioelpopular.com\/index.php\/wp-json\/wp\/v2\/media?parent=494741"}],"wp:term":[{"taxonomy":"category","embeddable":true,"href":"https:\/\/diarioelpopular.com\/index.php\/wp-json\/wp\/v2\/categories?post=494741"},{"taxonomy":"post_tag","embeddable":true,"href":"https:\/\/diarioelpopular.com\/index.php\/wp-json\/wp\/v2\/tags?post=494741"}],"curies":[{"name":"wp","href":"https:\/\/api.w.org\/{rel}","templated":true}]}}