{"id":494747,"date":"2020-11-09T12:31:53","date_gmt":"2020-11-09T16:31:53","guid":{"rendered":"https:\/\/diarioelpopular.com\/?p=494747"},"modified":"2020-11-09T12:31:53","modified_gmt":"2020-11-09T16:31:53","slug":"lopez-obrador-evita-felicitar-a-biden","status":"publish","type":"post","link":"https:\/\/diarioelpopular.com\/index.php\/2020\/11\/09\/lopez-obrador-evita-felicitar-a-biden\/","title":{"rendered":"L\u00f3pez Obrador evita felicitar a Biden"},"content":{"rendered":"<div id=\"attachment_494748\" style=\"width: 310px\" class=\"wp-caption alignnone\"><img loading=\"lazy\" decoding=\"async\" aria-describedby=\"caption-attachment-494748\" class=\"size-medium wp-image-494748\" src=\"https:\/\/diarioelpopular.com\/wp-content\/uploads\/2020\/11\/c154e6270fa85608704f82a6e27d4a38-300x199.jpg\" alt=\"\" width=\"300\" height=\"199\" \/><p id=\"caption-attachment-494748\" class=\"wp-caption-text\"><em>El presidente de M\u00e9xico Andr\u00e9s L\u00f3pez Obrador a\u00fan remiso para saludar a Joe Biden.<\/em><\/p><\/div>\n<h4><em><strong>Dice que &#8220;por prudencia&#8221; esperar\u00e1 proclamaci\u00f3n oficial, dijo mandatario<\/strong><\/em><\/h4>\n<p><em><strong>CIUDAD DE MEXICO, 09 NOV &#8211;<\/strong><\/em> La negativa del presidente de M\u00e9xico Andr\u00e9s L\u00f3pez Obrador en felicitar por ahora al candidato dem\u00f3crata Joe Biden, tras ser reconocido como ganador en las elecciones de Estados Unidos, le atrajo una lluvia de cuestionamientos.<br \/>\nExpertos hicieron notar que L\u00f3pez Obrador se vio &#8220;mal acompa\u00f1ado&#8221; en esta postura por l\u00edderes &#8220;autoritarios&#8221; como el brasile\u00f1o Jair Bolsonaro, el nicaraguense Daniel Ortega, el cubano Miguel D\u00edaz-Canel o el ruso Vladimir Putin.<br \/>\n&#8220;No queremos ser imprudentes, no queremos actuar a la ligera y queremos ser respetuosos de la autodeterminaci\u00f3n de los pueblos. Yo no puedo decir: felicito a un candidato o a otro.<br \/>\nQuiero esperar a que termine el proceso electoral&#8221;, argument\u00f3 el mandatario mexicano.<br \/>\n&#8220;Nosotros lo padecimos cuando nos robaron la presidencia&#8221;, dijo L\u00f3pez Obrador al recordar cuando en 2006 perdi\u00f3 la elecci\u00f3n con un margen de apenas 0,5%, y denunci\u00f3 un &#8220;fraude de grandes proporciones&#8221; en beneficio de Felipe Calder\u00f3n.<br \/>\nSin embargo, algunos presidentes latinoamericanos como el colombiano Iv\u00e1n Duque, el argentino Alberto Fern\u00e1ndez y el propio jefe de Estado de Venezuela, Nicol\u00e1s Maduro, adem\u00e1s de l\u00edderes europeos como el franc\u00e9s Emmanuel Macr\u00f3n y el espa\u00f1ol Pedro S\u00e1nchez, se unieron al coro de congratulaciones a Biden.<br \/>\nAnalistas consideraron que &#8220;tanta prudencia y cautela es iniciar con el pie izquierdo&#8221; una prometedora relaci\u00f3n con el pa\u00eds m\u00e1s poderoso del mundo e incluso reprobaron que comparara la actual situaci\u00f3n de Trump con la que vivi\u00f3 hace 14 a\u00f1os.<br \/>\nEl jefe de Estado se\u00f1al\u00f3 que a Biden lo conoce desde hace una d\u00e9cada cuando le entreg\u00f3 una carta en momentos en que encabezaba un gran movimiento opositor en M\u00e9xico.<br \/>\n&#8220;No hay malas relaciones, s\u00f3lo que yo no puedo decir que felicito a un candidato o felicito al otro porque quiero esperar a que termine el proceso electoral&#8221;, expuso.<br \/>\nEn contrapartida, algunos ex mandatarios mexicanos y exponentes de la oposici\u00f3n enviaron mensajes de felicitaci\u00f3n a Biden, excepto miembros del oficialismo.<br \/>\nEl jerarca del Partido Acci\u00f3n Nacional (PAN, derecha), principal fuerza de oposici\u00f3n, Marko Cort\u00e9s, felicit\u00f3 a Biden por su triunfo electoral y opin\u00f3 que &#8220;esta es una oportunidad para construir una relaci\u00f3n bilateral basada en el respeto mutuo&#8221;.<br \/>\nEl ex presidente Felipe Calder\u00f3n (2006-2012) envi\u00f3 un mensaje similar y dijo que el triunfo de Biden &#8220;es una buena noticia para los estadounidenses, pero tambi\u00e9n para todos los mexicanos&#8221;.<br \/>\nUn grupo de 10 gobernadores de oposici\u00f3n, la mayor\u00eda del PAN, autodenominado &#8220;Alianza Federalista&#8221; se apresur\u00f3 tambi\u00e9n a enviar un mensaje similar a Biden.<br \/>\n&#8220;Que este triunfo sea el comienzo de una relaci\u00f3n bilateral fruct\u00edfera y siempre respetuosa, sobre todo con nuestros paisanos&#8221;, se\u00f1alaron los gobernadores, quienes estimaron que &#8220;el resultado electoral &#8220;es un llamado al retorno de la alta pol\u00edtica, a la reconciliaci\u00f3n, la moderaci\u00f3n y la sensatez&#8221;.<br \/>\nEn Estados Unidos, el representante dem\u00f3crata de origen hispano Joaqu\u00edn Castro, critic\u00f3 la negativa de L\u00f3pez Obrador de felicitar a Biden diciendo que &#8220;representa un impresionante fracaso diplom\u00e1tico&#8221; cuando la entrante administraci\u00f3n busca &#8220;el inicio de una nueva era de amistad y cooperaci\u00f3n con M\u00e9xico&#8221;. Sin embargo, hubo voces que defendieron la postura de L\u00f3pez Obrador como el analista Genaro Lozano, quien dijo que el mandato de Trump &#8220;no termina sino hasta el 20 de enero de 2020&#8221; y record\u00f3 el impacto de la vecindad geogr\u00e1fica entre M\u00e9xico y Estados Unidos: &#8220;A diferencia de Francia&#8221;, ac\u00e1 el loco puede cerrar la frontera, deportar gente o cualquier otra cosa que cause mucho da\u00f1o a M\u00e9xico&#8221;, estim\u00f3.<br \/>\nEl acad\u00e9mico John Ackerman, de origen estadounidense y cercano a L\u00f3pez Obrador, dijo que pronunciarse a favor o en contra de cualquiera de los dos candidatos ser\u00eda &#8220;entrometerse en asuntos internos de Estados Unidos&#8221;.<\/p>\n","protected":false},"excerpt":{"rendered":"<p>Dice que &#8220;por prudencia&#8221; esperar\u00e1 proclamaci\u00f3n oficial, dijo mandatario CIUDAD DE MEXICO, 09 NOV &#8211; La negativa del presidente de M\u00e9xico Andr\u00e9s L\u00f3pez Obrador en&hellip;<\/p>\n","protected":false},"author":99,"featured_media":0,"comment_status":"open","ping_status":"open","sticky":false,"template":"","format":"standard","meta":{"footnotes":""},"categories":[23],"tags":[],"class_list":["post-494747","post","type-post","status-publish","format-standard","hentry","category-latinoamerica"],"_links":{"self":[{"href":"https:\/\/diarioelpopular.com\/index.php\/wp-json\/wp\/v2\/posts\/494747","targetHints":{"allow":["GET"]}}],"collection":[{"href":"https:\/\/diarioelpopular.com\/index.php\/wp-json\/wp\/v2\/posts"}],"about":[{"href":"https:\/\/diarioelpopular.com\/index.php\/wp-json\/wp\/v2\/types\/post"}],"author":[{"embeddable":true,"href":"https:\/\/diarioelpopular.com\/index.php\/wp-json\/wp\/v2\/users\/99"}],"replies":[{"embeddable":true,"href":"https:\/\/diarioelpopular.com\/index.php\/wp-json\/wp\/v2\/comments?post=494747"}],"version-history":[{"count":1,"href":"https:\/\/diarioelpopular.com\/index.php\/wp-json\/wp\/v2\/posts\/494747\/revisions"}],"predecessor-version":[{"id":494749,"href":"https:\/\/diarioelpopular.com\/index.php\/wp-json\/wp\/v2\/posts\/494747\/revisions\/494749"}],"wp:attachment":[{"href":"https:\/\/diarioelpopular.com\/index.php\/wp-json\/wp\/v2\/media?parent=494747"}],"wp:term":[{"taxonomy":"category","embeddable":true,"href":"https:\/\/diarioelpopular.com\/index.php\/wp-json\/wp\/v2\/categories?post=494747"},{"taxonomy":"post_tag","embeddable":true,"href":"https:\/\/diarioelpopular.com\/index.php\/wp-json\/wp\/v2\/tags?post=494747"}],"curies":[{"name":"wp","href":"https:\/\/api.w.org\/{rel}","templated":true}]}}