{"id":494750,"date":"2020-11-09T21:39:07","date_gmt":"2020-11-10T01:39:07","guid":{"rendered":"https:\/\/diarioelpopular.com\/?p=494750"},"modified":"2020-11-09T21:39:07","modified_gmt":"2020-11-10T01:39:07","slug":"el-congreso-de-peru-aprueba-la-destitucion-del-presidente-vizcarra","status":"publish","type":"post","link":"https:\/\/diarioelpopular.com\/index.php\/2020\/11\/09\/el-congreso-de-peru-aprueba-la-destitucion-del-presidente-vizcarra\/","title":{"rendered":"El Congreso de Per\u00fa aprueba la destituci\u00f3n del presidente Vizcarra"},"content":{"rendered":"<div id=\"attachment_494751\" style=\"width: 310px\" class=\"wp-caption alignnone\"><img loading=\"lazy\" decoding=\"async\" aria-describedby=\"caption-attachment-494751\" class=\"size-medium wp-image-494751\" src=\"https:\/\/diarioelpopular.com\/wp-content\/uploads\/2020\/11\/5fa9e5b99ce17.r_1604971394894.0-428-3000-1921-300x150.jpeg\" alt=\"\" width=\"300\" height=\"150\" \/><p id=\"caption-attachment-494751\" class=\"wp-caption-text\"><em>El presidente de Per\u00fa, Mart\u00edn Vizcarra, se defendi\u00f3 este lunes ante el Congreso.<\/em><br \/><em>Foto: Juan Pablo Azabache. Efe.<\/em><\/p><\/div>\n<h4><em><strong>Este lunes, el legislativo peruano aprob\u00f3 el pedido de vacancia contra el mandatario<\/strong><\/em><\/h4>\n<p id=\"p548052-m653-652-654\" class=\"contenido\">El Congreso de Per\u00fa aprob\u00f3 este lunes destituir al presidente Mart\u00edn Vizcarra, despu\u00e9s de que el pleno del Parlamento lo declar\u00f3 &#8220;incapaz moral&#8221;, en un juicio pol\u00edtico abierto en su contra.<\/p>\n<p>Con 105 votos a favor, la moci\u00f3n de vacancia impulsada contra el mandatario por las acusaciones de que cometi\u00f3 actos de corrupci\u00f3n cuando era gobernador de la provincia sure\u00f1a de Moquegua (2011-2014), super\u00f3 el n\u00famero de apoyos que exige la Constituci\u00f3n (87 sobre 130 diputados) y autom\u00e1ticamente abri\u00f3 el paso para despojar al mandatario de su poder.<\/p>\n<p>La resoluci\u00f3n parlamentaria declar\u00f3 la &#8220;permanente incapacidad moral del presidente&#8221; y por tanto &#8220;la vancancia de la Presidencia de la Rep\u00fablica&#8221;.<\/p>\n<p id=\"p548052-m697-2-698\" class=\"contenido\">En consecuencia, se aplicar\u00e1 &#8220;el r\u00e9gimen de sucesi\u00f3n establecido en la Constituci\u00f3n&#8221;,que ser\u00e1 efectivo en cuanto se comunique al presidente, al primer ministro Walter Martos o se publique en el diario oficial, lo que suceda primero.<\/p>\n<p>Seg\u00fan una fuente del gobierno peruano, Vizcarra est\u00e1 a la espera de un recurso de amparo del Tribunal Constitucional.\u00a0 Adem\u00e1s, estar\u00eda planeando una alocuci\u00f3n presidencial para la noche de este lunes.<\/p>\n<p>Por ahora, la responsabilidad del cargo de Presidencia de la Rep\u00fablica recaer\u00eda en el presidente del Congreso, Manuel Merino, del grupo pol\u00edtico de Acci\u00f3n Popular. De hecho,\u00a0 en la cuenta del Congreso de Per\u00fa cit\u00f3 a los congresistas a una &#8220;Sesi\u00f3n Solemne de asunci\u00f3n del cargo del presidente de la rep\u00fablica&#8221; para este martes a las 5 p. m.<\/p>\n<div id=\"p548052-m703-3-704\" class=\"\">\n<div class=\"twitter-tweet twitter-tweet-rendered\"><iframe id=\"twitter-widget-0\" class=\"\" title=\"Twitter Tweet\" src=\"https:\/\/platform.twitter.com\/embed\/index.html?creatorScreenName=ELTIEMPO&amp;dnt=false&amp;embedId=twitter-widget-0&amp;frame=false&amp;hideCard=false&amp;hideThread=false&amp;id=1325965411968540672&amp;lang=en&amp;origin=https%3A%2F%2Fwww.eltiempo.com%2Fmundo%2Flatinoamerica%2Fen-vivo-el-congreso-de-peru-aprueba-destitucion-del-presidente-vizcarra-548052&amp;siteScreenName=ELTIEMPO&amp;theme=light&amp;widgetsVersion=ed20a2b%3A1601588405575&amp;width=550px\" frameborder=\"0\" scrolling=\"no\" allowfullscreen=\"allowfullscreen\" data-gtm-yt-inspected-8907555_20=\"true\" data-tweet-id=\"1325965411968540672\" data-mce-fragment=\"1\"><\/iframe><\/div>\n<\/div>\n<p id=\"p548052-m709-4-710\" class=\"contenido\">Esta decisi\u00f3n del Congreso result\u00f3 sorpresiva, pues si bien se conoc\u00eda que muchos legisladores ya pensaban forzar la destituci\u00f3n de Vizcarra, todo parec\u00eda indicar que estaban a\u00fan lejos de llegar a sumar los votos necesarios para la vacancia, como se conoce en Per\u00fa este proceso.<\/p>\n<p>Vizcarra, tal y como hab\u00eda prometido, se present\u00f3 a primera hora de la ma\u00f1ana del lunes en el debate para presentar su defensa y all\u00ed neg\u00f3 categ\u00f3ricamente haber recibido cualquier tipo de soborno y critic\u00f3 duramente que el proceso de destituci\u00f3n en su contra se hubiera abierto bajo acusaciones no corroboradas por la justicia.<\/p>\n<p>&#8220;No existe prueba de flagrancia de un delito, ni habr\u00e1 porque no he cometido un delito, no he cobrado soborno (&#8230;) Son hechos falsos, no corroborados, reci\u00e9n est\u00e1 empezando un proceso de investigaci\u00f3n, son hip\u00f3tesis&#8221;, dijo Vizcarra.<\/p>\n<div id=\"p548052-m715-5-716\" class=\"fotografia\">\n<div class=\"imagen-cuerpo-bk\">\n<figure id=\"m720-719-721\" class=\"foto-galeria-articulo\"><img decoding=\"async\" src=\"https:\/\/www.eltiempo.com\/files\/article_content\/uploads\/2020\/09\/19\/5f66a07e47fd1.jpeg\" alt=\"Mart\u00edn Vizcarra\" width=\"600px\" height=\"450px\" data-original=\"\/files\/article_content\/uploads\/2020\/09\/19\/5f66a07e47fd1.jpeg\" \/><\/figure>\n<\/div>\n<div class=\"figcaption-cuerpo-bk credito-image-bk\">\n<div class=\"titulo-foto-bk\">\n<p id=\"m727-1-728\" class=\"titulo\"><em>Vizcarra ya se hab\u00eda defendido en otro juicio pol\u00edtico en el mes de septiembre. \u00a0<span style=\"line-height: 1.5;\">Foto:\u00a0<\/span><span style=\"line-height: 1.5;\">AFP<\/span><\/em><\/p>\n<\/div>\n<\/div>\n<\/div>\n<p><em><strong><span id=\"p548052-m741-6-742\" class=\"articulo-subtitulo\">Congreso hostil<\/span><\/strong><\/em><\/p>\n<p id=\"p548052-m747-7-748\" class=\"contenido\">Sin embargo, el Congreso, desde pr\u00e1cticamente todas las bancadas, se mostr\u00f3 desde un inicio muy hostil al mandatario, que fue acusado de &#8220;mentiroso&#8221;, &#8220;inmoral&#8221;,&#8221;corrupto&#8221; y de ser de hecho el responsable de toda la inestabilidad pol\u00edtica que vive el pa\u00eds.<\/p>\n<p>Tambi\u00e9n fueron constantes las declaraciones de los diputados que indicaron que ellos votar\u00edan &#8220;por el pa\u00eds&#8221; y sin considerar &#8220;c\u00e1lculos pol\u00edticos&#8221; ni &#8220;presiones medi\u00e1ticas&#8221;, referencias todas a los pedidos a la calma y la responsabilidad que medios de comunicaci\u00f3n, gremios empresariales y asociaciones de la sociedad civil pidieron a los congresistas ante el riesgo que podr\u00eda suponer para la estabilidad del pa\u00eds la ca\u00edda del Poder Ejecutivo.<\/p>\n<p>El debate demostr\u00f3 as\u00ed la absoluta soledad pol\u00edtica del mandatario, que no contaba con ninguna bancada oficialista en la c\u00e1mara y a quien incluso los diputados que votaron por mantenerlo en el poder consideraron responsable de los actos por los que es acusado.<\/p>\n","protected":false},"excerpt":{"rendered":"<p>Este lunes, el legislativo peruano aprob\u00f3 el pedido de vacancia contra el mandatario El Congreso de Per\u00fa aprob\u00f3 este lunes destituir al presidente Mart\u00edn Vizcarra,&hellip;<\/p>\n","protected":false},"author":99,"featured_media":0,"comment_status":"open","ping_status":"open","sticky":false,"template":"","format":"standard","meta":{"footnotes":""},"categories":[23],"tags":[],"class_list":["post-494750","post","type-post","status-publish","format-standard","hentry","category-latinoamerica"],"_links":{"self":[{"href":"https:\/\/diarioelpopular.com\/index.php\/wp-json\/wp\/v2\/posts\/494750","targetHints":{"allow":["GET"]}}],"collection":[{"href":"https:\/\/diarioelpopular.com\/index.php\/wp-json\/wp\/v2\/posts"}],"about":[{"href":"https:\/\/diarioelpopular.com\/index.php\/wp-json\/wp\/v2\/types\/post"}],"author":[{"embeddable":true,"href":"https:\/\/diarioelpopular.com\/index.php\/wp-json\/wp\/v2\/users\/99"}],"replies":[{"embeddable":true,"href":"https:\/\/diarioelpopular.com\/index.php\/wp-json\/wp\/v2\/comments?post=494750"}],"version-history":[{"count":1,"href":"https:\/\/diarioelpopular.com\/index.php\/wp-json\/wp\/v2\/posts\/494750\/revisions"}],"predecessor-version":[{"id":494752,"href":"https:\/\/diarioelpopular.com\/index.php\/wp-json\/wp\/v2\/posts\/494750\/revisions\/494752"}],"wp:attachment":[{"href":"https:\/\/diarioelpopular.com\/index.php\/wp-json\/wp\/v2\/media?parent=494750"}],"wp:term":[{"taxonomy":"category","embeddable":true,"href":"https:\/\/diarioelpopular.com\/index.php\/wp-json\/wp\/v2\/categories?post=494750"},{"taxonomy":"post_tag","embeddable":true,"href":"https:\/\/diarioelpopular.com\/index.php\/wp-json\/wp\/v2\/tags?post=494750"}],"curies":[{"name":"wp","href":"https:\/\/api.w.org\/{rel}","templated":true}]}}