{"id":494758,"date":"2020-11-10T19:38:03","date_gmt":"2020-11-10T23:38:03","guid":{"rendered":"https:\/\/diarioelpopular.com\/?p=494758"},"modified":"2020-11-10T19:38:03","modified_gmt":"2020-11-10T23:38:03","slug":"jefe-del-congreso-asumira-presidencia","status":"publish","type":"post","link":"https:\/\/diarioelpopular.com\/index.php\/2020\/11\/10\/jefe-del-congreso-asumira-presidencia\/","title":{"rendered":"Jefe del Congreso asumir\u00e1 presidencia"},"content":{"rendered":"<div id=\"attachment_494759\" style=\"width: 310px\" class=\"wp-caption alignnone\"><img loading=\"lazy\" decoding=\"async\" aria-describedby=\"caption-attachment-494759\" class=\"size-medium wp-image-494759\" src=\"https:\/\/diarioelpopular.com\/wp-content\/uploads\/2020\/11\/07234ca4860147ebf534e00d760b48e2-300x193.jpg\" alt=\"\" width=\"300\" height=\"193\" \/><p id=\"caption-attachment-494759\" class=\"wp-caption-text\"><em>Manuel Merino a cargo de la presidencia de Per\u00fa (foto: EPA)<\/em><\/p><\/div>\n<h4><em><strong>Tras la destituci\u00f3n, este lunes, del mandatario Mart\u00edn Vizcarra<\/strong><\/em><\/h4>\n<p><em><strong>LIMA, 10 NOV &#8211;<\/strong> <\/em>El jefe del Congreso peruano, Manuel Merino, asumiro este martes la presidencia del pa\u00eds con el reto de llevar adelante las elecciones generales programadas para abril, luego de la abrupta destituci\u00f3n la noche del lunes de Mart\u00edn Vizcarra.<br \/>\nMerino, miembro del partido de centro derecha Acci\u00f3n Popular, deber\u00e1 completar el periodo gubernamental de cinco a\u00f1os, hasta julio del 2021.<br \/>\nVizcarra fue expulsado por el Congreso unicameral tras denuncias de corrupci\u00f3n, en el segundo juicio pol\u00edtico contra el exmandatario en menos de dos meses y previo a las elecciones generales del 11 de abril pr\u00f3ximo.<br \/>\nEn un comunicado, el Congreso dijo que se constituir\u00e1 un nuevo gabinete de base amplia con &#8220;las personas m\u00e1s calificadas, con las fuerzas democr\u00e1ticas del pa\u00eds, para dar soluci\u00f3n a los problemas que en estos momentos agobian a los peruanos&#8221;.<br \/>\nSe trata de una nueva crisis de la pol\u00edtica local que no logr\u00f3 atenuarse tras una renovaci\u00f3n de la C\u00e1mara en enero pasado.<br \/>\nLa crisis tambi\u00e9n alcanza a la econom\u00eda peruana, muy golpeada por la pandemia de coronavirus. Seg\u00fan proyecciones, podr\u00eda contraerse un 12.7% este a\u00f1o.<br \/>\nAnoche miles de personas manifestaron en Lima y otras ciudades por la destituci\u00f3n de Vizcarra, alcanzada con un amplio acuerdo entre los partidos.<br \/>\nHubo algunos incidentes con manifestantes favorables a la exoneraci\u00f3n del jefe de Estado.<\/p>\n","protected":false},"excerpt":{"rendered":"<p>Tras la destituci\u00f3n, este lunes, del mandatario Mart\u00edn Vizcarra LIMA, 10 NOV &#8211; El jefe del Congreso peruano, Manuel Merino, asumiro este martes la presidencia&hellip;<\/p>\n","protected":false},"author":99,"featured_media":0,"comment_status":"open","ping_status":"open","sticky":false,"template":"","format":"standard","meta":{"footnotes":""},"categories":[23],"tags":[],"class_list":["post-494758","post","type-post","status-publish","format-standard","hentry","category-latinoamerica"],"_links":{"self":[{"href":"https:\/\/diarioelpopular.com\/index.php\/wp-json\/wp\/v2\/posts\/494758","targetHints":{"allow":["GET"]}}],"collection":[{"href":"https:\/\/diarioelpopular.com\/index.php\/wp-json\/wp\/v2\/posts"}],"about":[{"href":"https:\/\/diarioelpopular.com\/index.php\/wp-json\/wp\/v2\/types\/post"}],"author":[{"embeddable":true,"href":"https:\/\/diarioelpopular.com\/index.php\/wp-json\/wp\/v2\/users\/99"}],"replies":[{"embeddable":true,"href":"https:\/\/diarioelpopular.com\/index.php\/wp-json\/wp\/v2\/comments?post=494758"}],"version-history":[{"count":1,"href":"https:\/\/diarioelpopular.com\/index.php\/wp-json\/wp\/v2\/posts\/494758\/revisions"}],"predecessor-version":[{"id":494760,"href":"https:\/\/diarioelpopular.com\/index.php\/wp-json\/wp\/v2\/posts\/494758\/revisions\/494760"}],"wp:attachment":[{"href":"https:\/\/diarioelpopular.com\/index.php\/wp-json\/wp\/v2\/media?parent=494758"}],"wp:term":[{"taxonomy":"category","embeddable":true,"href":"https:\/\/diarioelpopular.com\/index.php\/wp-json\/wp\/v2\/categories?post=494758"},{"taxonomy":"post_tag","embeddable":true,"href":"https:\/\/diarioelpopular.com\/index.php\/wp-json\/wp\/v2\/tags?post=494758"}],"curies":[{"name":"wp","href":"https:\/\/api.w.org\/{rel}","templated":true}]}}