{"id":494789,"date":"2020-11-12T12:45:01","date_gmt":"2020-11-12T16:45:01","guid":{"rendered":"https:\/\/diarioelpopular.com\/?p=494789"},"modified":"2020-11-12T12:45:01","modified_gmt":"2020-11-12T16:45:01","slug":"ser-tolerantes-es-un-deber-a-ejercitar","status":"publish","type":"post","link":"https:\/\/diarioelpopular.com\/index.php\/2020\/11\/12\/ser-tolerantes-es-un-deber-a-ejercitar\/","title":{"rendered":"SER TOLERANTES ES UN DEBER A EJERCITAR"},"content":{"rendered":"<p><strong><em>=============================<\/em><\/strong><\/p>\n<p><strong><em>V\u00edctor CORCOBA HERRERO\/ Escritor<\/em><\/strong><\/p>\n<p><strong><em>corcoba@telefonica.net\u00a0\u00a0\u00a0\u00a0\u00a0\u00a0\u00a0\u00a0\u00a0\u00a0\u00a0\u00a0\u00a0\u00a0\u00a0\u00a0\u00a0\u00a0\u00a0\u00a0\u00a0\u00a0\u00a0\u00a0\u00a0\u00a0 <\/em><\/strong><\/p>\n<p><strong>=============================<\/strong><\/p>\n<p>&nbsp;<\/p>\n<p>&nbsp;<\/p>\n<p>Ser tolerantes es una obligaci\u00f3n de todos y de cada uno de nosotros; si en verdad queremos hacer del planeta el para\u00edso con el que so\u00f1amos. Hay que ejemplarizar liderazgos y realidades, gobernar coherentemente, sirviendo al bien colectivo sobre todo lo dem\u00e1s, aplicando las leyes sobre derechos humanos, prohibiendo actitudes criminales y corruptas, no permitiendo las discriminaciones contra las minor\u00edas, propiciando otras atm\u00f3sferas m\u00e1s justas, que nos insten a la realizaci\u00f3n plena, que verdaderamente es lo que nos armoniza, activando el pensamiento cr\u00edtico y el intercambio de ideas constructivas.<\/p>\n<p>&nbsp;<\/p>\n<p>Hay que ponerse el objetivo de que no quede nadie en el olvido, si en verdad queremos construir un orbe de moradores en paz, comenzando por mejorar el sistema de salud global y finalizando por aprovechar este tiempo de avances de la revoluci\u00f3n digital para acercarnos mucho m\u00e1s unos a otros.<\/p>\n<p>&nbsp;<\/p>\n<p>En ocasiones, la intolerancia emana de un esp\u00edritu poco instruido en principios y valores, de la ausencia de voluntad comprensiva, del recelo a lo inexplorado y de un profundo sentido extremado del valor de lo propio, lo que nos hace ser verdaderamente ego\u00edstas e intransigentes. Hoy m\u00e1s que nunca, hace falta que los planes educativos se orienten en la formaci\u00f3n humana del ser, al menos para que podamos tener continuidad como linaje. Estamos llamados a tomar conciencia de nuestra misi\u00f3n, que ha de ser siempre responsable; y, esto tiene mucho que ver, con nuestro propio crecimiento moral, espiritual y social. Es vital, por consiguiente, educar sobre el tema y ense\u00f1ar el esp\u00edritu indulgente y los derechos humanos a los menores.<\/p>\n<p>&nbsp;<\/p>\n<p>El sectarismo se acrecienta a\u00fan m\u00e1s cuando se usa con fines partidistas. Cada d\u00eda son m\u00e1s los ciudadanos que piensan en la pol\u00edtica para sus anhelos de poder. Usan argumentos embaucadores, manipulan hechos para contribuir a sus propias ganancias e intereses mundanos, acentuando odios y resentimientos entre las gentes y obviando aquello por lo que han sido elegidos por el pueblo. As\u00ed, el progreso no llega a los m\u00e1s d\u00e9biles, normalmente este injusto globalismo favorece el esp\u00edritu de los m\u00e1s fuertes, favoreci\u00e9ndose a s\u00ed mismos. Ojal\u00e1 aprendamos a hablar claro, es la mejor manera de llegar a la verdad; y, de este modo, protegiendo el derecho a la informaci\u00f3n y a la libertad de prensa, conseguiremos enjuiciar aquello que nos esclaviza, y que no es otro, que la falta de horizontes para el desarrollo de todos, sin exclusi\u00f3n alguna.<\/p>\n<p>&nbsp;<\/p>\n<p>Aprendamos, adem\u00e1s, a no ser desconsiderados.\u00a0\u00a0\u00a0\u00a0\u00a0\u00a0\u00a0\u00a0\u00a0\u00a0\u00a0\u00a0\u00a0\u00a0\u00a0\u00a0\u00a0\u00a0 Indudablemente, luchar contra la ceguera del descarte, cultivando la intolerancia por doquier, requiere una toma de conciencia individual. De ah\u00ed, lo importante que es poder examinar nuestros andares, movidos por el circulo vicioso que nos lleva a un estado permanente de cuestionamiento y confrontaci\u00f3n. Desde luego, no podemos continuar bajo esta pugna destructiva. La soluci\u00f3n forma parte de todos. Habr\u00e1 que rebajar ese esp\u00edritu violento, afianzar la solidaridad con las v\u00edctimas de la intolerancia que da\u00f1a las relaciones entre personas, familias y sociedades. Por eso, cuando una determinada pol\u00edtica siembra el odio o el miedo hacia otras naciones en nombre del bien propio del pa\u00eds, es menester reaccionar a tiempo y corregir de inmediato este maldito rumbo de in\u00fatiles divisiones, cuando la casa com\u00fan nos corresponde a todos su protecci\u00f3n.<\/p>\n<p>&nbsp;<\/p>\n<p>La ciudadan\u00eda no puede continuar pasiva, ha de ejercitar desde la tolerancia otro di\u00e1logo social m\u00e1s aut\u00e9ntico, comprendiendo el sentido de lo que su an\u00e1logo dice y hace, aunque uno no pueda asumirlo y nos genere cierta tensi\u00f3n, lo transcendente es llegar a los consensos, desenmascarando el ocultamiento de la exactitud, porque adem\u00e1s esto nos ayudar\u00e1 a reconocernos como gente en camino, que estamos llamados a entendernos. Ya est\u00e1 bien de imponer el uso de la fuerza entre semejantes. Despoj\u00e9monos de rencores y aprendamos de tantas historias de horrores vividas, ya que nuestro fundamento \u00faltimo ha de ser siempre tender puentes tolerantes, romper muros intolerantes, conciliar sue\u00f1os y sembrar sobre la tierra el esp\u00edritu de la reconciliaci\u00f3n entre corazones diversos. Esta es nuestra gran asignatura pendiente. Trabajemos en ello.<\/p>\n<p>&nbsp;<\/p>\n<p><strong>\u00a0<\/strong><\/p>\n<p><strong>\u00a0<\/strong><\/p>\n<p><strong>V\u00edctor CORCOBA HERRERO \/ Escritor<\/strong><\/p>\n<p><strong><a href=\"mailto:corcoba@telefonica.net\">corcoba@telefonica.net<\/a><\/strong><\/p>\n<p><strong>12 de noviembre de 2020<\/strong><\/p>\n","protected":false},"excerpt":{"rendered":"<p>============================= V\u00edctor CORCOBA HERRERO\/ Escritor corcoba@telefonica.net\u00a0\u00a0\u00a0\u00a0\u00a0\u00a0\u00a0\u00a0\u00a0\u00a0\u00a0\u00a0\u00a0\u00a0\u00a0\u00a0\u00a0\u00a0\u00a0\u00a0\u00a0\u00a0\u00a0\u00a0\u00a0\u00a0 ============================= &nbsp; &nbsp; Ser tolerantes es una obligaci\u00f3n de todos y de cada uno de nosotros; si en verdad&hellip;<\/p>\n","protected":false},"author":99,"featured_media":0,"comment_status":"open","ping_status":"open","sticky":false,"template":"","format":"standard","meta":{"footnotes":""},"categories":[11353,81],"tags":[],"class_list":["post-494789","post","type-post","status-publish","format-standard","hentry","category-algo-mas-que-palabras","category-columnistas"],"_links":{"self":[{"href":"https:\/\/diarioelpopular.com\/index.php\/wp-json\/wp\/v2\/posts\/494789","targetHints":{"allow":["GET"]}}],"collection":[{"href":"https:\/\/diarioelpopular.com\/index.php\/wp-json\/wp\/v2\/posts"}],"about":[{"href":"https:\/\/diarioelpopular.com\/index.php\/wp-json\/wp\/v2\/types\/post"}],"author":[{"embeddable":true,"href":"https:\/\/diarioelpopular.com\/index.php\/wp-json\/wp\/v2\/users\/99"}],"replies":[{"embeddable":true,"href":"https:\/\/diarioelpopular.com\/index.php\/wp-json\/wp\/v2\/comments?post=494789"}],"version-history":[{"count":1,"href":"https:\/\/diarioelpopular.com\/index.php\/wp-json\/wp\/v2\/posts\/494789\/revisions"}],"predecessor-version":[{"id":494790,"href":"https:\/\/diarioelpopular.com\/index.php\/wp-json\/wp\/v2\/posts\/494789\/revisions\/494790"}],"wp:attachment":[{"href":"https:\/\/diarioelpopular.com\/index.php\/wp-json\/wp\/v2\/media?parent=494789"}],"wp:term":[{"taxonomy":"category","embeddable":true,"href":"https:\/\/diarioelpopular.com\/index.php\/wp-json\/wp\/v2\/categories?post=494789"},{"taxonomy":"post_tag","embeddable":true,"href":"https:\/\/diarioelpopular.com\/index.php\/wp-json\/wp\/v2\/tags?post=494789"}],"curies":[{"name":"wp","href":"https:\/\/api.w.org\/{rel}","templated":true}]}}