{"id":494819,"date":"2020-11-13T15:26:04","date_gmt":"2020-11-13T19:26:04","guid":{"rendered":"https:\/\/diarioelpopular.com\/?p=494819"},"modified":"2020-11-13T15:26:04","modified_gmt":"2020-11-13T19:26:04","slug":"chile-chuquicamata-extendera-explotacion-por-un-ano","status":"publish","type":"post","link":"https:\/\/diarioelpopular.com\/index.php\/2020\/11\/13\/chile-chuquicamata-extendera-explotacion-por-un-ano\/","title":{"rendered":"Chile, Chuquicamata extender\u00e1 explotaci\u00f3n por un a\u00f1o"},"content":{"rendered":"<div id=\"attachment_494820\" style=\"width: 310px\" class=\"wp-caption alignnone\"><img loading=\"lazy\" decoding=\"async\" aria-describedby=\"caption-attachment-494820\" class=\"size-medium wp-image-494820\" src=\"https:\/\/diarioelpopular.com\/wp-content\/uploads\/2020\/11\/42dbb416acc2e4cf05fcf942476c929b-300x200.jpg\" alt=\"\" width=\"300\" height=\"200\" \/><p id=\"caption-attachment-494820\" class=\"wp-caption-text\"><em>Un \u00e1rea de explotaci\u00f3n a cielo abierto de Chuquicamata .<\/em><br \/><em>(foto: Ansa)<\/em><\/p><\/div>\n<h4><em><strong>Rajo abierto iba a cerrar en diciembre de 2020<\/strong><\/em><\/h4>\n<p><em><strong>SANTIAGO DE CHILE, 13 NOV &#8211;<\/strong> <\/em>El rajo abierto del mineral chileno de cobre Chuquicamata extender\u00e1 la fase de explotaci\u00f3n del yacimiento por un a\u00f1o m\u00e1s.<br \/>\nEl programa original consideraba finalizar en forma definitiva la explotaci\u00f3n del rajo en diciembre de este a\u00f1o y enfocar los esfuerzos s\u00f3lo en el movimiento de material de stock durante 2021 y 2022, luego que la estatal Corporaci\u00f3n Nacional del Cobre (Codelco) definiera pasar la explotaci\u00f3n a subterr\u00e1nea.<br \/>\nLa continuidad, ahora, contempla la extracci\u00f3n de mineral desde la fase 49, proceso que durante 2021 podr\u00e1 coexistir junto a la operaci\u00f3n de la mina subterr\u00e1nea, que tambi\u00e9n presenta positivos rendimientos en su ramp up.<br \/>\nDe esta forma, en la mina rajo seguir\u00e1n funcionando los equipos de cargu\u00edo y extracci\u00f3n de mineral, as\u00ed como los servicios de mantenimiento y apoyo a la producci\u00f3n.<br \/>\nDurante 2020 aportar\u00e1 m\u00e1s de 30 mil toneladas de cobre fino adicionales al plan del presupuesto, lo que permitir\u00e1 continuar generando excedentes para Chile.<br \/>\nLos n\u00fameros positivos se sustentan en el mejoramiento de pr\u00e1cticas de trabajo, el aumento de la productividad y la implementaci\u00f3n de la jornada de trabajo extraordinaria 7&#215;7, que entrega mejores condiciones para mantener la seguridad ante el Covid-19, la continuidad operacional y la calidad de la vida laboral.<br \/>\nEl presidente ejecutivo de la empresa estatal, Octavio Araneda, afirm\u00f3 que &#8220;durante este a\u00f1o, y a pesar de las complicaciones de la pandemia, la hoja de ruta de la transformaci\u00f3n sigue intacta&#8221;.<br \/>\nExplic\u00f3 que &#8220;hemos impulsado y alcanzado nuevas formas de operar, lo que se ha traducido, en el caso de Chuquicamata, en un equipo del rajo que se adapt\u00f3, aspir\u00f3 a m\u00e1s y busc\u00f3 la mejora continua. El compromiso de los trabajadoras y trabajadores de esta \u00e1rea da cuenta de que poner la excelencia operacional entre los objetivos prioritarios tiene consecuencias positivas concretas&#8221;.<br \/>\nA\u00f1adi\u00f3 que la prolongaci\u00f3n tiene como condicionantes que la mina rajo mantenga la mejora continua tanto en la excelencia de sus operaciones, que involucra la reducci\u00f3n de costos y el crecimiento de la productividad, como en el impulso de los habilitadores, que implica garantizar la seguridad y salud ocupacional, una transformaci\u00f3n cultural profunda, una mejor gesti\u00f3n del talento y la vocaci\u00f3n profunda de ser sustentables.<\/p>\n","protected":false},"excerpt":{"rendered":"<p>Rajo abierto iba a cerrar en diciembre de 2020 SANTIAGO DE CHILE, 13 NOV &#8211; El rajo abierto del mineral chileno de cobre Chuquicamata extender\u00e1&hellip;<\/p>\n","protected":false},"author":99,"featured_media":0,"comment_status":"open","ping_status":"open","sticky":false,"template":"","format":"standard","meta":{"footnotes":""},"categories":[23],"tags":[],"class_list":["post-494819","post","type-post","status-publish","format-standard","hentry","category-latinoamerica"],"_links":{"self":[{"href":"https:\/\/diarioelpopular.com\/index.php\/wp-json\/wp\/v2\/posts\/494819","targetHints":{"allow":["GET"]}}],"collection":[{"href":"https:\/\/diarioelpopular.com\/index.php\/wp-json\/wp\/v2\/posts"}],"about":[{"href":"https:\/\/diarioelpopular.com\/index.php\/wp-json\/wp\/v2\/types\/post"}],"author":[{"embeddable":true,"href":"https:\/\/diarioelpopular.com\/index.php\/wp-json\/wp\/v2\/users\/99"}],"replies":[{"embeddable":true,"href":"https:\/\/diarioelpopular.com\/index.php\/wp-json\/wp\/v2\/comments?post=494819"}],"version-history":[{"count":1,"href":"https:\/\/diarioelpopular.com\/index.php\/wp-json\/wp\/v2\/posts\/494819\/revisions"}],"predecessor-version":[{"id":494821,"href":"https:\/\/diarioelpopular.com\/index.php\/wp-json\/wp\/v2\/posts\/494819\/revisions\/494821"}],"wp:attachment":[{"href":"https:\/\/diarioelpopular.com\/index.php\/wp-json\/wp\/v2\/media?parent=494819"}],"wp:term":[{"taxonomy":"category","embeddable":true,"href":"https:\/\/diarioelpopular.com\/index.php\/wp-json\/wp\/v2\/categories?post=494819"},{"taxonomy":"post_tag","embeddable":true,"href":"https:\/\/diarioelpopular.com\/index.php\/wp-json\/wp\/v2\/tags?post=494819"}],"curies":[{"name":"wp","href":"https:\/\/api.w.org\/{rel}","templated":true}]}}