{"id":494832,"date":"2020-11-14T12:31:16","date_gmt":"2020-11-14T16:31:16","guid":{"rendered":"https:\/\/diarioelpopular.com\/?p=494832"},"modified":"2020-11-14T12:31:16","modified_gmt":"2020-11-14T16:31:16","slug":"represion-con-dos-heridos-de-bala","status":"publish","type":"post","link":"https:\/\/diarioelpopular.com\/index.php\/2020\/11\/14\/represion-con-dos-heridos-de-bala\/","title":{"rendered":"Represi\u00f3n con dos heridos de bala"},"content":{"rendered":"<div id=\"attachment_494833\" style=\"width: 310px\" class=\"wp-caption alignnone\"><img loading=\"lazy\" decoding=\"async\" aria-describedby=\"caption-attachment-494833\" class=\"size-medium wp-image-494833\" src=\"https:\/\/diarioelpopular.com\/wp-content\/uploads\/2020\/11\/7a83ebfd0e8db275cbcd182b73e58cce-300x200.jpg\" alt=\"\" width=\"300\" height=\"200\" \/><p id=\"caption-attachment-494833\" class=\"wp-caption-text\"><em>Violenta represi\u00f3n policial en las calles de Lima (foto: ANSA)<\/em><\/p><\/div>\n<h4><strong><em>Protestas contra la destituci\u00f3n de Vizcarra y asunci\u00f3n de Merino<\/em><\/strong><\/h4>\n<p><em><strong>LIMA 14 NOV &#8211;<\/strong> <\/em>Al menos dos personas resultaron heridas de bala y una de ellas se encontraba hoy con &#8220;pron\u00f3stico reservado&#8221;, en medio de la represi\u00f3n policial desatada en Lima, capital de Per\u00fa, en las protestas callejeras que se oponen a la destituci\u00f3n del presidente Mart\u00edn Vizcarra y a la asunci\u00f3n en el cargo de Manuel Merino.<br \/>\nEl detalle de los heridos lo inform\u00f3 el servicio p\u00fablico de salud Essalud que confirm\u00f3 las versiones period\u00edsticas sobre dos personas que &#8220;resultaron heridas durante las movilizaciones&#8221; y aclar\u00f3 que hasta el momento &#8220;no se reporta ning\u00fan fallecido&#8221; en las bataholas.<br \/>\nAsimismo, seg\u00fan public\u00f3 el diario El comercio, el diputado del Partido Morado, Daniel Olivares, inform\u00f3 de otros dos heridos ingresados en hospitales de Lima, sin que se sepa de momento el estado de estas personas.<br \/>\nEl m\u00e1s grave de los heridos reportados por Essalud es Percy P\u00e9rez, de 27 a\u00f1os, que recibi\u00f3 un impacto de bala en el abdomen y tuvo que ser operado en el \u00e1rea de emergencias del Hospital Almenara, donde se encuentra en estado &#8220;delicado y con pron\u00f3stico reservado&#8221;.<br \/>\nTambi\u00e9n fue ingresado por herida de bala en el mismo hospital Luis Alejandro Aguilar, de 26 a\u00f1os, quien se encuentra &#8220;estable&#8221;.<br \/>\nLa Coordinadora Nacional de Derechos Humanos de Per\u00fa indic\u00f3, por su parte, que adem\u00e1s de estos dos heridos graves hay una tercera persona, Rub\u00e9n Guevara, tambi\u00e9n de 27 a\u00f1os, que recibi\u00f3 un impacto en el rostro de un cartucho de perdigones y qued\u00f3 con &#8220;la cara desfigurado, con posibilidad de lesiones permanentes en el ojo izquierdo&#8221;, inform\u00f3 el diario El Comercio.<br \/>\nNo est\u00e1 claro a\u00fan si este herido forma parte de los mencionados por el diputado Olivares.<br \/>\nLa confirmaci\u00f3n de los heridos de bala se produce despu\u00e9s de que durante la noche se difundieran numerosas grabaciones en las redes sociales donde se observan vehementes respuestas de las fuerzas de seguridad ante las protestas.<br \/>\nEn una de esas filmaciones se observa a presuntos agentes encubiertos que hacen uso de sus armas de fuego en medio de la protesta.<br \/>\nDesde hace d\u00edas miles de personas, en Lima y otras ciudades protestan contra el interinato de Merino, al grito de &#8220;el pueblo unido jam\u00e1s ser\u00e1 vencido&#8221;.<br \/>\nTambi\u00e9n se manifiestan, hasta el momento de modo pac\u00edfico, contra el Congreso que vot\u00f3 abrumadoramente en favor de la destituci\u00f3n de Vizcarra.<br \/>\nEl ministro interino de Interior, Gast\u00f3n Rodr\u00edguez, en un primer momento neg\u00f3 los incidentes y la represi\u00f3n, pero luego atribuy\u00f3 el inicio de los hechos violentos a manifestantes que arrojaron piedras a los agentes cuando fueron impedidos de avanzar hacia la sede del Congreso.<br \/>\n&#8220;Este ataque (de los manigestantes, NDR), que ha sido soportado por m\u00e1s de treinta minutos con piedras, con bombardas (petardos, NDR), puso a riesgo el principio de autoridad&#8221;, declar\u00f3 Rodr\u00edguez a la emisora RPP Noticias.<br \/>\nEl ministro tambi\u00e9n mostr\u00f3 incredulidad cuando se le coment\u00f3 que varios polic\u00edas hab\u00edan detenido y golpeado a un joven transe\u00fante, pero cuando se le mostr\u00f3 un video que lo confirm\u00f3, dijo que iba a pedir informaci\u00f3n sobre el hecho, cont\u00f3 El Comercio.<br \/>\nLa oficina de la ONU en Per\u00fa expres\u00f3 su &#8220;profunda preocupaci\u00f3n por las acciones de las fuerzas del orden&#8221; contra los manifestantes.<br \/>\nEn una nota, la repartici\u00f3n destac\u00f3 que estas protestas fueron &#8220;en su mayor\u00eda de car\u00e1cter pac\u00edfico&#8221; y que &#8220;tras la acci\u00f3n policial de los \u00faltimos d\u00edas, y en particular en las manifestaciones masivas del jueves 12, hubo heridos, incluidos manifestantes y periodistas&#8221;.<br \/>\nPara Naciones Unidas, &#8220;es necesario recordar que el uso arbitrario e indiscriminado de armas no letales viola el principio de proporcionalidad y viola los est\u00e1ndares internacionales, que exigen precauci\u00f3n, necesidad y proporcionalidad en la actuaci\u00f3n policial&#8221;.<br \/>\nLa oficina de la ONU subray\u00f3 que &#8220;ha habido violaciones al derecho de los detenidos a un juicio justo, incluyendo detenciones de manifestantes adolescentes&#8221;.<\/p>\n","protected":false},"excerpt":{"rendered":"<p>Protestas contra la destituci\u00f3n de Vizcarra y asunci\u00f3n de Merino LIMA 14 NOV &#8211; Al menos dos personas resultaron heridas de bala y una de&hellip;<\/p>\n","protected":false},"author":99,"featured_media":0,"comment_status":"open","ping_status":"open","sticky":false,"template":"","format":"standard","meta":{"footnotes":""},"categories":[23],"tags":[],"class_list":["post-494832","post","type-post","status-publish","format-standard","hentry","category-latinoamerica"],"_links":{"self":[{"href":"https:\/\/diarioelpopular.com\/index.php\/wp-json\/wp\/v2\/posts\/494832","targetHints":{"allow":["GET"]}}],"collection":[{"href":"https:\/\/diarioelpopular.com\/index.php\/wp-json\/wp\/v2\/posts"}],"about":[{"href":"https:\/\/diarioelpopular.com\/index.php\/wp-json\/wp\/v2\/types\/post"}],"author":[{"embeddable":true,"href":"https:\/\/diarioelpopular.com\/index.php\/wp-json\/wp\/v2\/users\/99"}],"replies":[{"embeddable":true,"href":"https:\/\/diarioelpopular.com\/index.php\/wp-json\/wp\/v2\/comments?post=494832"}],"version-history":[{"count":1,"href":"https:\/\/diarioelpopular.com\/index.php\/wp-json\/wp\/v2\/posts\/494832\/revisions"}],"predecessor-version":[{"id":494834,"href":"https:\/\/diarioelpopular.com\/index.php\/wp-json\/wp\/v2\/posts\/494832\/revisions\/494834"}],"wp:attachment":[{"href":"https:\/\/diarioelpopular.com\/index.php\/wp-json\/wp\/v2\/media?parent=494832"}],"wp:term":[{"taxonomy":"category","embeddable":true,"href":"https:\/\/diarioelpopular.com\/index.php\/wp-json\/wp\/v2\/categories?post=494832"},{"taxonomy":"post_tag","embeddable":true,"href":"https:\/\/diarioelpopular.com\/index.php\/wp-json\/wp\/v2\/tags?post=494832"}],"curies":[{"name":"wp","href":"https:\/\/api.w.org\/{rel}","templated":true}]}}