{"id":494844,"date":"2020-11-15T21:28:31","date_gmt":"2020-11-16T01:28:31","guid":{"rendered":"https:\/\/diarioelpopular.com\/?p=494844"},"modified":"2020-11-15T21:28:31","modified_gmt":"2020-11-16T01:28:31","slug":"colombia-bajo-el-agua-muertos-y-damnificados","status":"publish","type":"post","link":"https:\/\/diarioelpopular.com\/index.php\/2020\/11\/15\/colombia-bajo-el-agua-muertos-y-damnificados\/","title":{"rendered":"Colombia bajo el agua, muertos y damnificados"},"content":{"rendered":"<div id=\"attachment_494845\" style=\"width: 310px\" class=\"wp-caption alignnone\"><img loading=\"lazy\" decoding=\"async\" aria-describedby=\"caption-attachment-494845\" class=\"size-medium wp-image-494845\" src=\"https:\/\/diarioelpopular.com\/wp-content\/uploads\/2020\/11\/2f1884b08b90b94f91024f55e3194e81-300x200.jpg\" alt=\"\" width=\"300\" height=\"200\" \/><p id=\"caption-attachment-494845\" class=\"wp-caption-text\"><em>Presidente de Colombia, Iv\u00e1n Duque, recorre las zonas afectadas por temporal (Foto: gentileza de la Presidencia de Colombia)<\/em><\/p><\/div>\n<h4><em><strong>Cuatro muertos, cientos de damnificados por lluvias e Iota<\/strong><\/em><\/h4>\n<p><strong><em>BOGOT\u00c1, 15 NOV &#8211;<\/em> <\/strong>Estragos y tragedia est\u00e1 causando el fen\u00f3meno de la Ni\u00f1a y el hurac\u00e1n Iota a su paso por Colombia, luego de una semana de lluvias incesantes, inundaciones y derrumbes que han dejado a su paso cuatro muertes, miles de damnificados y ciudades bajo el agua.<br \/>\nLa mayor tragedia hasta ahora ocurri\u00f3 el fin de semana en Dabeiba, departamento de Antioquia (noroeste), donde tres personas, incluida una ni\u00f1a, murieron tras un deslizamiento de tierras producto de horas de una lluvia pertinaz sobre esa poblaci\u00f3n, ubicada a m\u00e1s de 600 kil\u00f3metros al norte de Bogot\u00e1.<br \/>\nEn principio tambi\u00e9n se crey\u00f3 que 16 personas hab\u00edan desaparecidos en medio del deslizamiento, pero la Gobernaci\u00f3n de Antioquia inform\u00f3 hoy que fueron rescatadas ocho personas, a quienes se traslad\u00f3 a los cinco albergues dispuestos para los damnificados. La b\u00fasqueda de los dem\u00e1s desaparecidos continuaba este domingo.<br \/>\n&#8220;Hoy hemos visto testimonios desgarradores, muy tristes, de familias que debido a la avalancha perdieron seres queridos, perdieron tambi\u00e9n su forma de vivir y estamos ac\u00e1 para ayudar&#8221;, manifest\u00f3 el presidente, Iv\u00e1n Duque, que sali\u00f3 desde temprano de Casa de Nari\u00f1o (sede de Presidencia) para recorrer varias de la zonas del pa\u00eds afectadas.<br \/>\nEl siguiente lugar a visitar de Duque era Cartagena de Indias, azotada por el coletazo del hurac\u00e1n Iota que descarg\u00f3 sobre ese balneario un aguacero descomunal de d\u00edas que aneg\u00f3 un porcentaje amplio de la ciudad.<br \/>\nFelipe Abello, jefe de la oficina de Gesti\u00f3n del Riesgo y de Desastre de Cartagena, precis\u00f3 hoy que son 21 mil los damnificados, 130 mil los afectados, 40 sectores inundados y 25 deslizamientos de tierras.<br \/>\nEl funcionario explic\u00f3 que le pedir\u00e1n al jefe de Estado maquinaria para remover la tierras que dejaron los deslaves, adem\u00e1s de ayudas humanitarias para los damnificados en una ciudad que desde la v\u00edspera fue declarada en calidad p\u00fablica.<br \/>\nLa tragedia por el temporal tambi\u00e9n toc\u00f3 al departamento del Choc\u00f3 (noroeste), a donde march\u00f3 hoy el ministro de Defensa, Carlos Holmes Trujillo, y quien evidenci\u00f3 que las lluvias dejaban hasta este domingo una persona fallecida, tres heridos, 6.771 familias damnificadas y 28.196 personas afectadas.<br \/>\nEso, adem\u00e1s de 27 viviendas afectadas, cinco m\u00e1s destruida, tres puentes averiados y da\u00f1os en cinco v\u00edas de ese departamento, seg\u00fan confirm\u00f3 el ministerio de Defensa.<br \/>\nSin embargo, las cosas podr\u00edan empeorar, puesto que Instituto de Hidrolog\u00eda, Meteorolog\u00eda y Estudios Ambientales (Ideam) pronostic\u00f3 que resta un mes m\u00e1s de lluvias en todo el pa\u00eds.<br \/>\nMientras que la Direcci\u00f3n General Mar\u00edtima (Dimar) inform\u00f3 que Iota iba camino a convertirse en hurac\u00e1n y &#8220;tendr\u00e1 particular incidencia sobre el archipi\u00e9lago de San Andr\u00e9s, Providencia y Santa Catalina&#8221;, sobre el Mar Caribe.<br \/>\nEl presidente Duque record\u00f3 que el pa\u00eds vive los estragos del fen\u00f3meno de la Ni\u00f1a, pero confi\u00f3 en que el temporal que est\u00e1 pronosticado no llevar\u00e1 al pa\u00eds a las situaciones vividas en los a\u00f1os 2010, 2011 y 2017 cuando la lluvias dejaron a su paso decenas de muertos y miles de damnificados en gran parte de la naci\u00f3n.<br \/>\n&#8220;Entre todos tenemos que estar con m\u00e1xima alerta; entender que esta es una situaci\u00f3n que amerita la solidaridad de todos los colombianos y que la capacidad de respuesta nuestra sea casi de manera inmediata cuando se presentan estos hechos&#8221;, a\u00f1adi\u00f3 el mandatario.<\/p>\n","protected":false},"excerpt":{"rendered":"<p>Cuatro muertos, cientos de damnificados por lluvias e Iota BOGOT\u00c1, 15 NOV &#8211; Estragos y tragedia est\u00e1 causando el fen\u00f3meno de la Ni\u00f1a y el&hellip;<\/p>\n","protected":false},"author":99,"featured_media":0,"comment_status":"open","ping_status":"open","sticky":false,"template":"","format":"standard","meta":{"footnotes":""},"categories":[23],"tags":[],"class_list":["post-494844","post","type-post","status-publish","format-standard","hentry","category-latinoamerica"],"_links":{"self":[{"href":"https:\/\/diarioelpopular.com\/index.php\/wp-json\/wp\/v2\/posts\/494844","targetHints":{"allow":["GET"]}}],"collection":[{"href":"https:\/\/diarioelpopular.com\/index.php\/wp-json\/wp\/v2\/posts"}],"about":[{"href":"https:\/\/diarioelpopular.com\/index.php\/wp-json\/wp\/v2\/types\/post"}],"author":[{"embeddable":true,"href":"https:\/\/diarioelpopular.com\/index.php\/wp-json\/wp\/v2\/users\/99"}],"replies":[{"embeddable":true,"href":"https:\/\/diarioelpopular.com\/index.php\/wp-json\/wp\/v2\/comments?post=494844"}],"version-history":[{"count":1,"href":"https:\/\/diarioelpopular.com\/index.php\/wp-json\/wp\/v2\/posts\/494844\/revisions"}],"predecessor-version":[{"id":494846,"href":"https:\/\/diarioelpopular.com\/index.php\/wp-json\/wp\/v2\/posts\/494844\/revisions\/494846"}],"wp:attachment":[{"href":"https:\/\/diarioelpopular.com\/index.php\/wp-json\/wp\/v2\/media?parent=494844"}],"wp:term":[{"taxonomy":"category","embeddable":true,"href":"https:\/\/diarioelpopular.com\/index.php\/wp-json\/wp\/v2\/categories?post=494844"},{"taxonomy":"post_tag","embeddable":true,"href":"https:\/\/diarioelpopular.com\/index.php\/wp-json\/wp\/v2\/tags?post=494844"}],"curies":[{"name":"wp","href":"https:\/\/api.w.org\/{rel}","templated":true}]}}