{"id":494847,"date":"2020-11-15T21:31:34","date_gmt":"2020-11-16T01:31:34","guid":{"rendered":"https:\/\/diarioelpopular.com\/?p=494847"},"modified":"2020-11-15T21:31:34","modified_gmt":"2020-11-16T01:31:34","slug":"mexico-rebasa-el-millon-de-casos","status":"publish","type":"post","link":"https:\/\/diarioelpopular.com\/index.php\/2020\/11\/15\/mexico-rebasa-el-millon-de-casos\/","title":{"rendered":"M\u00e9xico rebasa el mill\u00f3n de casos"},"content":{"rendered":"<div id=\"attachment_494848\" style=\"width: 310px\" class=\"wp-caption alignnone\"><img loading=\"lazy\" decoding=\"async\" aria-describedby=\"caption-attachment-494848\" class=\"size-medium wp-image-494848\" src=\"https:\/\/diarioelpopular.com\/wp-content\/uploads\/2020\/11\/0f6fb08a9419b4404d0fe60ccc310ae6-300x200.jpg\" alt=\"\" width=\"300\" height=\"200\" \/><p id=\"caption-attachment-494848\" class=\"wp-caption-text\"><em>M\u00e9xico rebasa el mill\u00f3n de casos (foto: EPA)<\/em><\/p><\/div>\n<h4><em><strong>Emerge fantasma de segunda oleada pero poblaci\u00f3n sigue relajada<\/strong><\/em><\/h4>\n<p><em><strong>CIUDAD DE MEXICO, 15 NOV &#8211;<\/strong><\/em> M\u00e9xico rebas\u00f3 el primer mill\u00f3n de casos de Covid-19 en el peor momento, cuando emerge su siniestra silueta el fantasma de la segunda ola, el pa\u00eds comienza a retroceder en el desconfinamiento y la poblaci\u00f3n inunda las calles y luce despreocupada desafiando el peligro.<br \/>\nDos estados decretaron en los \u00faltimos d\u00edas medidas como el toque de queda, la mascarilla obligatoria con penas de prisi\u00f3n y algunos hospitales en 8 estados, incluida la capital, se empiezan a saturar, pero r\u00edos de personas se observan en las zonas m\u00e1s c\u00e9ntricas, especialmente en la capital.<br \/>\nTuvieron que pasar ocho meses para que se franqueara la l\u00ednea macabra del mill\u00f3n de contagios y M\u00e9xico se ubica ya en el lugar n\u00famero 11 a nivel mundial en t\u00e9rminos absolutos por cifra de enfermos.<br \/>\nAdem\u00e1s, M\u00e9xico est\u00e1 por quebrar otra marca, la de los 100.000 muertos, pues hasta el pasado s\u00e1bado contabilizaba 98.259, mientras su \u00edndice de letalidad es todav\u00eda de 9,8%, cuatro veces la media mundial, que ha bajado muy lentamente en este aciago per\u00edodo.<br \/>\n&#8220;Uno sale a la calle y todos andan como si nada. Se aglomeran en los mercados sobre ruedas y se amontonan en las tiendas y los centros comerciales&#8221;, se\u00f1al\u00f3 Javier, un contador de 61 a\u00f1os.<br \/>\n&#8220;Y todav\u00eda hay algunos que creen que todo es un invento del gobierno o que si existe pero es menos grave de lo que sale en las noticias&#8221;, afirma.<br \/>\nEl uso limitado de pruebas de diagn\u00f3stico, uno por cada 100, ha sido una de las principales banderas de la oposici\u00f3n en sus reproches a las autoridades por su falta de acci\u00f3n que a veces raya en negligencia, contra la pandemia, junto con la falta de una campa\u00f1a para generalizar el empleo de barbijos.<br \/>\nS\u00f3lo en las \u00faltimas 24 horas se registraron 5.860 contagios adicionales, mientras que la cifra de muertes se elev\u00f3 en 635.<br \/>\nEl ministerio de Salud se jacta de &#8220;que gracias a la sociedad y a las intervenciones de los gobiernos estatales y locales, se ha mitigado el impacto de la epidemia y actualmente s\u00f3lo 4% de ese mill\u00f3n de casos est\u00e1 activo&#8221;.<br \/>\nRicardo Cort\u00e9s, director de Promoci\u00f3n de la Salud, indic\u00f3 que a la fecha 745.361 personas se han recuperado del virus, lo que equivale a 74% del total.<br \/>\nHasta ahora julio es el mes con mayor incidencia, con 198.538 infecciones (6.514 cada d\u00eda), pero despu\u00e9s de bajas consistentes en las semanas que siguieron, en octubre se elev\u00f3 otra vez la curva para llegar a 5.862, por lo que se teme que en noviembre o diciembre se llegue a un nuevo pico.<br \/>\nPor ahora, en este mes el promedio de casos ha sido de 5.571, aunque con una tendencia alcista.<br \/>\nLos especialistas se encuentran alarmados por la &#8220;relajaci\u00f3n de medidas de higiene y sana distancia&#8221; pero descartaron la posibilidad del retorno a &#8220;un confinamiento absoluto&#8221;, porque &#8220;ser\u00eda la \u00faltima opci\u00f3n para disminuir la propagaci\u00f3n del virus&#8221;.<br \/>\n&#8220;Lo que sin duda se puede adoptar es el uso de la mascarilla, entender que en la medida que salgamos y usemos transporte, vayamos a un centro comercial o lugares con mucha gente y sin ventilaci\u00f3n, hay m\u00e1s riesgo de contagio&#8221;, afirm\u00f3 Malaqu\u00edas Cervantes, acad\u00e9mico de la Universidad Nacional Aut\u00f3noma de M\u00e9xico (UNAM).<br \/>\nRodolfo de la Torre, director de Desarrollo Social del Centro de Estudios Espinosa Yglesias, insisti\u00f3 en la necesidad de mantener la distancia social de dos metros entre personas y &#8220;procurar que la sociedad no tenga la necesidad de salir al espacio p\u00fablico para obtener un ingreso&#8221;.<br \/>\n&#8220;Como sociedad debemos ser m\u00e1s emp\u00e1ticos y adoptar las medidas de limpieza y sana distancia, evitar salir s\u00ed es que podemos mantenernos en casa, pero hay que reconocer que M\u00e9xico es un pa\u00eds de desigualdades y mucha gente debe salir&#8221; para ganarse el pan, dijo.<br \/>\nPor ello, el gobierno &#8220;deber\u00eda proveer y brindar apoyos&#8221; por cuanto M\u00e9xico es uno de los pa\u00edses que menos subsidios ha otorgado a la poblaci\u00f3n de bajos recursos y a las peque\u00f1as empresas durante el largo confinamiento.<br \/>\nAdem\u00e1s, estim\u00f3 que el gobierno debe realizar m\u00e1s pruebas de diagn\u00f3stico, pues es todav\u00eda insuficiente la medida de ordenar pruebas r\u00e1pidas de tipo serol\u00f3gico.<br \/>\nM\u00e9xico tambi\u00e9n se ubica entre las naciones que menos ex\u00e1menes ha aplicado as\u00ed como medidas de rastreo de enfermos.<\/p>\n","protected":false},"excerpt":{"rendered":"<p>Emerge fantasma de segunda oleada pero poblaci\u00f3n sigue relajada CIUDAD DE MEXICO, 15 NOV &#8211; M\u00e9xico rebas\u00f3 el primer mill\u00f3n de casos de Covid-19 en&hellip;<\/p>\n","protected":false},"author":99,"featured_media":0,"comment_status":"open","ping_status":"open","sticky":false,"template":"","format":"standard","meta":{"footnotes":""},"categories":[23],"tags":[],"class_list":["post-494847","post","type-post","status-publish","format-standard","hentry","category-latinoamerica"],"_links":{"self":[{"href":"https:\/\/diarioelpopular.com\/index.php\/wp-json\/wp\/v2\/posts\/494847","targetHints":{"allow":["GET"]}}],"collection":[{"href":"https:\/\/diarioelpopular.com\/index.php\/wp-json\/wp\/v2\/posts"}],"about":[{"href":"https:\/\/diarioelpopular.com\/index.php\/wp-json\/wp\/v2\/types\/post"}],"author":[{"embeddable":true,"href":"https:\/\/diarioelpopular.com\/index.php\/wp-json\/wp\/v2\/users\/99"}],"replies":[{"embeddable":true,"href":"https:\/\/diarioelpopular.com\/index.php\/wp-json\/wp\/v2\/comments?post=494847"}],"version-history":[{"count":1,"href":"https:\/\/diarioelpopular.com\/index.php\/wp-json\/wp\/v2\/posts\/494847\/revisions"}],"predecessor-version":[{"id":494849,"href":"https:\/\/diarioelpopular.com\/index.php\/wp-json\/wp\/v2\/posts\/494847\/revisions\/494849"}],"wp:attachment":[{"href":"https:\/\/diarioelpopular.com\/index.php\/wp-json\/wp\/v2\/media?parent=494847"}],"wp:term":[{"taxonomy":"category","embeddable":true,"href":"https:\/\/diarioelpopular.com\/index.php\/wp-json\/wp\/v2\/categories?post=494847"},{"taxonomy":"post_tag","embeddable":true,"href":"https:\/\/diarioelpopular.com\/index.php\/wp-json\/wp\/v2\/tags?post=494847"}],"curies":[{"name":"wp","href":"https:\/\/api.w.org\/{rel}","templated":true}]}}