{"id":494850,"date":"2020-11-15T21:33:39","date_gmt":"2020-11-16T01:33:39","guid":{"rendered":"https:\/\/diarioelpopular.com\/?p=494850"},"modified":"2020-11-15T21:33:39","modified_gmt":"2020-11-16T01:33:39","slug":"presidente-por-seis-dias-renuncio-manuel-merino","status":"publish","type":"post","link":"https:\/\/diarioelpopular.com\/index.php\/2020\/11\/15\/presidente-por-seis-dias-renuncio-manuel-merino\/","title":{"rendered":"Presidente por seis d\u00edas, renunci\u00f3 Manuel Merino"},"content":{"rendered":"<div id=\"attachment_494851\" style=\"width: 310px\" class=\"wp-caption alignnone\"><img loading=\"lazy\" decoding=\"async\" aria-describedby=\"caption-attachment-494851\" class=\"size-medium wp-image-494851\" src=\"https:\/\/diarioelpopular.com\/wp-content\/uploads\/2020\/11\/355ddad5376442fa5204589ed50d7c14-300x200.jpg\" alt=\"\" width=\"300\" height=\"200\" \/><p id=\"caption-attachment-494851\" class=\"wp-caption-text\"><em>Brutal represi\u00f3n a las protestas en las calles de Lima, dos estudiantes muertos (foto: ANSA)<\/em><\/p><\/div>\n<h4><em><strong>El Congreso intenta evitar el vac\u00edo de poder. Grave crisis<\/strong><\/em><\/h4>\n<p><em><strong>LIMA, 15 NOV &#8211;<\/strong><\/em> El presidente interino de Per\u00fa, Manuel Merino, present\u00f3 su renuncia a la presidencia de la Rep\u00fablica tras la represi\u00f3n y la muerte de dos j\u00f3venes en protestas contra su gobieno, lo que deja al pa\u00eds al borde del vac\u00edo de poder, un colapso que el parlamento intenta evitar.<br \/>\n&#8220;Quiero hacer de conocimiento a todo el pa\u00eds que presento mi renuncia irrevocable al cargo de presidente de la Rep\u00fablica.<br \/>\nE invoco a la paz y la unidad de todos los peruanos&#8221;, anunci\u00f3 el mandatario provisorio en un mensaje dirigido a la naci\u00f3n.<br \/>\n&#8220;Los lamentables hechos ocurridos en las \u00faltimas horas agravan la crisis que ya ven\u00edamos atravesando y que produjo hace unos d\u00edas la vacancia del expresidente Mart\u00edn Vizcarra&#8221;, fue la frase inicial del mensaje de Merino.<br \/>\n&#8220;Nada ni nadie puede impedir que las Elecciones Generales se realicen el 11 de abril del 2021. Estamos en un proceso electoral en marcha y el pueblo debe elegir democr\u00e1ticamente sus autoridades&#8221;, afirm\u00f3. &#8220;Ninguna salida a esta crisis debe realizarse fuera del marco legal y constitucional. Todos debemos defender la democracia&#8221;, remarc\u00f3 luego.<br \/>\nTambi\u00e9n dijo que cre\u00eda &#8220;en la lucha frontal contra la corrupci\u00f3n&#8221; porque &#8220;los corruptos no deben representarnos, ning\u00fan presidente debe tener acusaciones de haber recibido coimas (en alusi\u00f3n a Vizcarra, NDR)&#8221;. &#8220;El poder es para servir a los dem\u00e1s&#8221;, sentenci\u00f3.<br \/>\nMerino asumi\u00f3 el martes 10 de noviembre, luego de que el Congreso aprobara la vacancia presidencial contra Vizcarra por 105 votos (de 130) por &#8220;incapacidad moral permanente&#8221; por presuntos sobornos recibidos cuando era gobernador de Moquegua en 2011.<br \/>\nLleg\u00f3 al m\u00e1ximo cargo de la misma manera que Vizcarra, quien asumi\u00f3 luego de que su antecesor, Pedro Pablo Kuczynski (PPK), enfrentara dos pedidos de vacancia (destituci\u00f3n) y renunciara ante la inminencia de que se concretara la segunda.<br \/>\nEse mismo derrotero se consum\u00f3 para Vizcarra, quien dej\u00f3 la presidencia tras no superar un segundo pedido de destituci\u00f3n en su contra y fue reemplazado, por Merino de Lama -entonces presidente del Congreso- ya que la vicepresidenta del pa\u00eds Mercedes Ar\u00e1oz -quien deb\u00eda sucederle seg\u00fan la l\u00ednea sucesoria constitucional- hab\u00eda dimitido en mayo pasado.<br \/>\nSeg\u00fan explicaron juristas al diario El Comercio, para la asunci\u00f3n de Merino se aplic\u00f3 el art\u00edculo 115 de la Constituci\u00f3n Pol\u00edtica, que reconoce que el presidente del Congreso asume las funciones de presidente de la Rep\u00fablica cuando no hay vicepresidentes.<br \/>\nSin embargo, existe una aclaraci\u00f3n a este art\u00edculo, la Ley N\u00ba 27375, publicada en diciembre del 2000, que interpreta que este mandato conferido no anula la condici\u00f3n de congresista ni implica la vacancia como presidente del Legislativo. Por lo tanto, Merino sigue siendo legislador y presidente del Parlamento.<br \/>\nAl d\u00eda siguiente de Asumir, Merino nombr\u00f3 a Antero Flores Ar\u00e1oz como su primer ministro, y el jueves le tom\u00f3 el juramento al Gabinete Ministerial.<br \/>\nTras la represi\u00f3n y muerte en las marchas, 13 ministros de su gabinete hab\u00edan renunciado esta madrugada. &#8220;Debo anunciar que los ministros continuar\u00e1n en sus cargos hasta que la incertidumbre del momento actual en que vivimos se pueda resolver. De ninguna manera habr\u00e1 un vac\u00edo de poder&#8221;, aclar\u00f3 en su discurso Merino.<br \/>\nNacido en Tumbes, en el norte de Per\u00fa, el ahora ex presidente es un empresario de 59 a\u00f1os que inici\u00f3 estudios de Agronom\u00eda y se vincul\u00f3 al sector agr\u00edcola y ganadero de su regi\u00f3n, actividad que realiza paralelamente a la pol\u00edtica. Desde 1979 pertenece al centrista partido Acci\u00f3n Popular (AP), uno de los m\u00e1s antiguos del pa\u00eds y que ha ocupado la presidencia de Per\u00fa dos veces, de 1963 a 1968 y de 1980 a 1985, con Fernando Bela\u00fande Terry.<br \/>\nDurante la agitada jornada del domingo, la presi\u00f3n sobre el agropruductor y pol\u00edtico se hizo insostenible.<br \/>\nEl presidente del Congreso de Per\u00fa, Luis Valdez, que ocup\u00f3 el lugar que Merino dej\u00f3 vacante al asumir la presidencia, fue uno de los m\u00e1s enf\u00e1ticos: &#8220;le pido al se\u00f1or Merino que pueda evaluar su inmediata renuncia&#8221;, sispar\u00f3 esta ma\u00f1ana en el Canal N de televisi\u00f3n.<br \/>\n&#8220;Lamento profundamente las muertes ocurridas a causa de la represi\u00f3n de este gobierno ilegal e ileg\u00edtimo. Mis condolencias a los familiares de estos h\u00e9roes civiles que, ejerciendo su derecho, salieron en defensa de la democracia y en busca de un pa\u00eds mejor&#8221;, dijo Vizcarra en Twitter.<br \/>\nOtro ex presidente Ollanta Humala Tasso escribi\u00f3 en la red social que la situaci\u00f3n era &#8220;insostenible&#8221; y qu eel mandatario y los ministros interinos &#8220;deben renunciar&#8221;.<br \/>\nEl escritor Mario Vargas Llosa, premio Nobel de Literatura, se pronunci\u00f3 tambi\u00e9n ante la crisis de su pa\u00eds con un mensaje de voz publicado en las redes sociales. &#8220;Ayer unos estudiantes que manifestaban pac\u00edficamente han sido abaleados por la polic\u00eda (&#8230;) es indispensable que cese la represi\u00f3n, es una represi\u00f3n contra todo el Per\u00fa, pocas veces se ha visto protestas masivas y generalizadas contra la decisi\u00f3n del Congreso de expulsar al presidente&#8221; Vizcarra, dijo el autor de &#8220;La ciudad de los perros&#8221;.<br \/>\nAsimismo, la Asamblea Nacional de Gobierno Regionales (ANGR) exigi\u00f3 tambi\u00e9n la dimisi\u00f3n de Merino por ser &#8220;responsable pol\u00edtico de los hechos de violencia desatados contra la poblaci\u00f3n indefensa, conformada mayoritariamente por la juventud&#8221;.<br \/>\nLa entidad exigi\u00f3 una investigaci\u00f3n y sanci\u00f3n a los responsables directos de los hechos ocurridos.<br \/>\nEl Congreso intentaba ahora encontrar una salida a la crisis, en medio de agitadas reuniones, en un pa\u00eds acostumbrado a este tipo de colapsos pol\u00edticos.<\/p>\n","protected":false},"excerpt":{"rendered":"<p>El Congreso intenta evitar el vac\u00edo de poder. Grave crisis LIMA, 15 NOV &#8211; El presidente interino de Per\u00fa, Manuel Merino, present\u00f3 su renuncia a&hellip;<\/p>\n","protected":false},"author":99,"featured_media":0,"comment_status":"open","ping_status":"open","sticky":false,"template":"","format":"standard","meta":{"footnotes":""},"categories":[23],"tags":[],"class_list":["post-494850","post","type-post","status-publish","format-standard","hentry","category-latinoamerica"],"_links":{"self":[{"href":"https:\/\/diarioelpopular.com\/index.php\/wp-json\/wp\/v2\/posts\/494850","targetHints":{"allow":["GET"]}}],"collection":[{"href":"https:\/\/diarioelpopular.com\/index.php\/wp-json\/wp\/v2\/posts"}],"about":[{"href":"https:\/\/diarioelpopular.com\/index.php\/wp-json\/wp\/v2\/types\/post"}],"author":[{"embeddable":true,"href":"https:\/\/diarioelpopular.com\/index.php\/wp-json\/wp\/v2\/users\/99"}],"replies":[{"embeddable":true,"href":"https:\/\/diarioelpopular.com\/index.php\/wp-json\/wp\/v2\/comments?post=494850"}],"version-history":[{"count":1,"href":"https:\/\/diarioelpopular.com\/index.php\/wp-json\/wp\/v2\/posts\/494850\/revisions"}],"predecessor-version":[{"id":494852,"href":"https:\/\/diarioelpopular.com\/index.php\/wp-json\/wp\/v2\/posts\/494850\/revisions\/494852"}],"wp:attachment":[{"href":"https:\/\/diarioelpopular.com\/index.php\/wp-json\/wp\/v2\/media?parent=494850"}],"wp:term":[{"taxonomy":"category","embeddable":true,"href":"https:\/\/diarioelpopular.com\/index.php\/wp-json\/wp\/v2\/categories?post=494850"},{"taxonomy":"post_tag","embeddable":true,"href":"https:\/\/diarioelpopular.com\/index.php\/wp-json\/wp\/v2\/tags?post=494850"}],"curies":[{"name":"wp","href":"https:\/\/api.w.org\/{rel}","templated":true}]}}