{"id":494870,"date":"2020-11-16T20:36:42","date_gmt":"2020-11-17T00:36:42","guid":{"rendered":"https:\/\/diarioelpopular.com\/?p=494870"},"modified":"2020-11-16T20:36:42","modified_gmt":"2020-11-17T00:36:42","slug":"francisco-sagasti-nuevo-presidente-interino-de-peru","status":"publish","type":"post","link":"https:\/\/diarioelpopular.com\/index.php\/2020\/11\/16\/francisco-sagasti-nuevo-presidente-interino-de-peru\/","title":{"rendered":"Francisco Sagasti, nuevo presidente interino de Per\u00fa"},"content":{"rendered":"<div id=\"attachment_494871\" style=\"width: 310px\" class=\"wp-caption alignnone\"><img loading=\"lazy\" decoding=\"async\" aria-describedby=\"caption-attachment-494871\" class=\"size-medium wp-image-494871\" src=\"https:\/\/diarioelpopular.com\/wp-content\/uploads\/2020\/11\/81d9b8797369c400f0d9bd3e9ea0f4fc-300x182.jpg\" alt=\"\" width=\"300\" height=\"182\" \/><p id=\"caption-attachment-494871\" class=\"wp-caption-text\"><em>Francisco Sagasti nuevo presidente interino de Per\u00fa (foto de redes sociales). (foto: Ansa)<\/em><\/p><\/div>\n<p><em><strong>LIMA 16 NOV &#8211;<\/strong> <\/em>El congresista Francisco Sagasti, del\u00a0partido Morado, fue elegido hoy como nuevo presidente interino\u00a0de Per\u00fa, despu\u00e9s de una extensa sesi\u00f3n parlamentaria, y asumir\u00e1\u00a0la presidencia en lugar de Manuel Merino de Lama, quien dimiti\u00f3\u00a0luego de los violentos incidentes registrados en Lima y que\u00a0causaron dos muertos y m\u00e1s de un centenar de heridos.<br \/>\nSagasti, de 76 a\u00f1os, cont\u00f3 con una amplia mayor\u00eda el\u00a0parlamento , con 97 votos a favor, 26 en contra y 0<br \/>\nabstenciones.<br \/>\nSeg\u00fan el diario el Comercio de Per\u00fa, el designado presidente\u00a0interino contar\u00e1 con una nueva mesa directiva que estar\u00e1\u00a0integrada por Mirtha V\u00e1squez (Frente Amplio), Luis Roel (Acci\u00f3n\u00a0Popular) y Matilde Fern\u00e1ndez (Somos Per\u00fa) en la primera, segunda\u00a0y tercera vicepresidencia.<br \/>\nLa presidencia del Parlamento por lo tanto, estar\u00e1 a cargo\u00a0de la legisladora del Frente Amplio, Mirtha V\u00e1squez.<br \/>\nSagasti reemplazar\u00e1 as\u00ed a Manuel Merino, quien renunci\u00f3 el\u00a0pasado domingo luego de que dos estudiantes fueran asesinados en\u00a0una represi\u00f3n policial en una marcha de protesta contra su\u00a0gobierno.<br \/>\nMerino ocup\u00f3 el cargo por seis d\u00edas luego de la destituci\u00f3n\u00a0de Mart\u00edn Vizcarra por presunta corrupci\u00f3n. Sagasti, quien es ingeniero de profesi\u00f3n y cuenta con una\u00a0maestr\u00eda en Ciencias en Ingenier\u00eda Industrial, grado obtenido en<br \/>\n1970, por la Universidad Estatal de Pennsylvania (Penn State,\u00a0Estados Unidos), ocupar\u00e1 el cargo de presidente interino hasta\u00a0las pr\u00f3ximas elecciones generales programadas para abril de\u00a02021.<\/p>\n","protected":false},"excerpt":{"rendered":"<p>LIMA 16 NOV &#8211; El congresista Francisco Sagasti, del\u00a0partido Morado, fue elegido hoy como nuevo presidente interino\u00a0de Per\u00fa, despu\u00e9s de una extensa sesi\u00f3n parlamentaria, y&hellip;<\/p>\n","protected":false},"author":99,"featured_media":0,"comment_status":"open","ping_status":"open","sticky":false,"template":"","format":"standard","meta":{"footnotes":""},"categories":[23],"tags":[],"class_list":["post-494870","post","type-post","status-publish","format-standard","hentry","category-latinoamerica"],"_links":{"self":[{"href":"https:\/\/diarioelpopular.com\/index.php\/wp-json\/wp\/v2\/posts\/494870","targetHints":{"allow":["GET"]}}],"collection":[{"href":"https:\/\/diarioelpopular.com\/index.php\/wp-json\/wp\/v2\/posts"}],"about":[{"href":"https:\/\/diarioelpopular.com\/index.php\/wp-json\/wp\/v2\/types\/post"}],"author":[{"embeddable":true,"href":"https:\/\/diarioelpopular.com\/index.php\/wp-json\/wp\/v2\/users\/99"}],"replies":[{"embeddable":true,"href":"https:\/\/diarioelpopular.com\/index.php\/wp-json\/wp\/v2\/comments?post=494870"}],"version-history":[{"count":1,"href":"https:\/\/diarioelpopular.com\/index.php\/wp-json\/wp\/v2\/posts\/494870\/revisions"}],"predecessor-version":[{"id":494872,"href":"https:\/\/diarioelpopular.com\/index.php\/wp-json\/wp\/v2\/posts\/494870\/revisions\/494872"}],"wp:attachment":[{"href":"https:\/\/diarioelpopular.com\/index.php\/wp-json\/wp\/v2\/media?parent=494870"}],"wp:term":[{"taxonomy":"category","embeddable":true,"href":"https:\/\/diarioelpopular.com\/index.php\/wp-json\/wp\/v2\/categories?post=494870"},{"taxonomy":"post_tag","embeddable":true,"href":"https:\/\/diarioelpopular.com\/index.php\/wp-json\/wp\/v2\/tags?post=494870"}],"curies":[{"name":"wp","href":"https:\/\/api.w.org\/{rel}","templated":true}]}}