{"id":494901,"date":"2020-11-19T11:12:25","date_gmt":"2020-11-19T15:12:25","guid":{"rendered":"https:\/\/diarioelpopular.com\/?p=494901"},"modified":"2020-11-19T11:12:25","modified_gmt":"2020-11-19T15:12:25","slug":"reconstruir-el-mundo-desde-la-cultura-de-la-acogida","status":"publish","type":"post","link":"https:\/\/diarioelpopular.com\/index.php\/2020\/11\/19\/reconstruir-el-mundo-desde-la-cultura-de-la-acogida\/","title":{"rendered":"RECONSTRUIR EL MUNDO  DESDE LA CULTURA DE LA ACOGIDA"},"content":{"rendered":"<p><strong><em>\u201cLos pedestales hay que saberlos utilizar para servir al bien colectivo, no para servirnos ego\u00edstamente\u201d <\/em><\/strong><\/p>\n<p><strong><em>=============================<\/em><\/strong><\/p>\n<p><strong><em>V\u00edctor CORCOBA HERRERO\/ Escritor<\/em><\/strong><\/p>\n<p><strong><em>corcoba@telefonica.net\u00a0\u00a0\u00a0\u00a0\u00a0\u00a0\u00a0\u00a0\u00a0\u00a0\u00a0\u00a0\u00a0\u00a0\u00a0\u00a0\u00a0\u00a0\u00a0\u00a0\u00a0\u00a0\u00a0\u00a0\u00a0\u00a0 <\/em><\/strong><\/p>\n<p><strong>=============================<\/strong><\/p>\n<p>&nbsp;<\/p>\n<p>No podemos caminar bajo el permanente deterioro, hemos venido para reconstruir, no para destruir; y, en este sentido, hay que poner m\u00e1s voluntad en la resoluci\u00f3n de los problemas medioambientales, pero tambi\u00e9n en nuestra propia misi\u00f3n, lo que nos exhorta, como seres pensantes, a un fuerte entendimiento de solidaridad entre todos. Quiz\u00e1s lo importante es que consolidemos nuestras ra\u00edces, y a partir de ah\u00ed, evolucionemos sin devaluar los derechos humanos, y sin desfigurar la belleza de nuestra casa com\u00fan. Dejar que se nos muera nuestra propia atm\u00f3sfera, sin apenas hacer nada por ello, es un mal camino y, como tal, hemos de enmendarlo. Sabemos que esto no es nada f\u00e1cil. Tenemos que congregar esfuerzos, ayud\u00e1ndonos unos a otros a mirar siempre hacia delante, sabiendo que la savia no es tiempo que se traspasa, que pasa y no vuelve, adem\u00e1s es instante que se vive en el reencuentro permanente, en la cercan\u00eda vivencial, puesto que todo est\u00e1 enhebrado en el compartir, en el cooperar y en el colaborar con esa innata dimensi\u00f3n humana que nos fraterniza.<\/p>\n<p>Cada d\u00eda son m\u00e1s las vidas que huyen del terrorismo y la guerra en sus pa\u00edses y llaman a la puerta de nuestro coraz\u00f3n para que cuando menos los acojamos con una sonrisa entre sus r\u00edos de l\u00e1grimas. Consecuentemente, en esa reconstrucci\u00f3n del nuevo mundo, es menester promover en justicia los objetivos sociales, con otra visi\u00f3n m\u00e1s est\u00e9tica; de igual manera, el cuidado de nuestro h\u00e1bitat natural a trav\u00e9s de otros modos de producci\u00f3n y de consumo tambi\u00e9n m\u00e1s \u00e9ticos; lo que nos requiere una toma de conciencia mucho m\u00e1s responsable con el entornos en los que nos movemos. Luego est\u00e1 la corriente de flujos financieros il\u00edcitos que trasciende todas las fronteras, y no ayuda en absoluto a un desarrollo equitativo, ni contribuye tampoco a la erradicaci\u00f3n de la pobreza, a trav\u00e9s de la creaci\u00f3n de empleo y de capital. Lo cierto es que las naciones m\u00e1s pobres del mundo corren el riesgo de quedarse a\u00fan m\u00e1s rezagadas a consecuencia de la crisis econ\u00f3mica inducida por COVID-19, que agravar\u00e1 viejas desigualdades y aumentar\u00e1 el hambre, la malnutrici\u00f3n y la vulnerabilidad a las enfermedades. Subsiguientemente, esta restauraci\u00f3n mundial nos demanda una vez m\u00e1s ese esp\u00edritu solidario universalizado, para que se active como acci\u00f3n expresiva de acogida, que es lo que verdaderamente nos hace avanzar.<\/p>\n<p>Tenemos que dejar de liderar esta in\u00fatil contienda contra la naturaleza, necesitamos reconstruirnos como poetas y alzar nuestra voz en la defensa de esta biograf\u00eda silvestre, que forma parte de la po\u00e9tica red de vida planetaria. Por otra parte, si tenemos presente que todo ser humano por s\u00ed mismo no puede hacer nada, y lo puede hacer todo cuando se une a sus semejantes, esto nos exige un esfuerzo com\u00fan de b\u00fasquedas, donde prime la concordia, jam\u00e1s la especulaci\u00f3n de una renta financiera que tiende a ignorar contextos que nos dignifican. Hace falta, pues, una reconstrucci\u00f3n m\u00e1s desinteresada, que active comportamientos c\u00edvicos. No es de recibo continuar alimentando vicios autodestructivos, actuando como si nada ocurriera o postergando decisiones que han de ser tomadas de inmediato. Se me ocurre pensar, en tantas poblaciones que necesitan ayuda, ante el aluvi\u00f3n de desastres propiciados por el cambio clim\u00e1tico, para poder continuar ofreciendo energ\u00eda viviente. La emergencia ocurre en cualquier lugar del globo, donde cada d\u00eda m\u00e1s se manifiestan, con toda su fuerza destructiva, oleajes de venganza que nos dejan sin humanidad, con el abandono de los m\u00e1s fr\u00e1giles y sin entusiasmo por rectificar. Nos conviene, desde luego, tomar otras actitudes m\u00e1s liberadoras, de construcci\u00f3n en un camino de decadencia y de mutua destrucci\u00f3n entre an\u00e1logos.<\/p>\n<p>Si en verdad activamos la cultura contemplativa de la acogida, esto nos dar\u00e1 fuerza para explorar universos olvidados, a causa de los h\u00e1bitos injustos de una parte privilegiada de la humanidad. El poder no es para unos pocos; sin embargo, la capacidad de servicio si se postula en todo momento y para toda circunstancia. Los pedestales hay que saberlos utilizar para servir al bien colectivo, no para servirnos ego\u00edstamente. No olvidemos que el bien com\u00fan presupone la consideraci\u00f3n hacia toda existencia, con derechos b\u00e1sicos e inalienables ordenados a su desarrollo integral. Tambi\u00e9n demanda el bienestar social y el progreso que todos nos merecemos por principio. Por desgracia, en multitud de ocasiones nos vendemos al \u00edmpetu ciego del inconsciente, y utilizamos la violencia y el ego\u00edsmo como lenguaje, sin considerar que un mal poder utilizado nos retrotrae a \u00e9pocas ya vividas, pues lo transcendente es que estas enormes olas de cambios, contribuyan a hermanarnos m\u00e1s, a querernos mejor, a considerarnos decentes. Ojal\u00e1 superemos esta necedad altanera, y retomemos un estilo de andar, con m\u00e1s entrega y donaci\u00f3n entre s\u00ed. En cualquier caso, que nuestras luchas y nuestra preocupaci\u00f3n por esta morada, en la que todos nos movemos y habitamos, no nos reste el gozo de la espera y la virtud de la esperanza, para poder cambiar de rumbo y transformar nuestra relaci\u00f3n con el mundo natural, en un v\u00ednculo de aut\u00e9ntico amor.<\/p>\n<p><strong>V\u00edctor CORCOBA HERRERO \/ Escritor<\/strong><\/p>\n<p><strong><a href=\"mailto:corcoba@telefonica.net\">corcoba@telefonica.net<\/a><\/strong><\/p>\n<p><strong>19 de noviembre de 2020.-<\/strong><\/p>\n","protected":false},"excerpt":{"rendered":"<p>\u201cLos pedestales hay que saberlos utilizar para servir al bien colectivo, no para servirnos ego\u00edstamente\u201d ============================= V\u00edctor CORCOBA HERRERO\/ Escritor corcoba@telefonica.net\u00a0\u00a0\u00a0\u00a0\u00a0\u00a0\u00a0\u00a0\u00a0\u00a0\u00a0\u00a0\u00a0\u00a0\u00a0\u00a0\u00a0\u00a0\u00a0\u00a0\u00a0\u00a0\u00a0\u00a0\u00a0\u00a0 ============================= &nbsp; No podemos&hellip;<\/p>\n","protected":false},"author":99,"featured_media":0,"comment_status":"open","ping_status":"open","sticky":false,"template":"","format":"standard","meta":{"footnotes":""},"categories":[11353,81],"tags":[],"class_list":["post-494901","post","type-post","status-publish","format-standard","hentry","category-algo-mas-que-palabras","category-columnistas"],"_links":{"self":[{"href":"https:\/\/diarioelpopular.com\/index.php\/wp-json\/wp\/v2\/posts\/494901","targetHints":{"allow":["GET"]}}],"collection":[{"href":"https:\/\/diarioelpopular.com\/index.php\/wp-json\/wp\/v2\/posts"}],"about":[{"href":"https:\/\/diarioelpopular.com\/index.php\/wp-json\/wp\/v2\/types\/post"}],"author":[{"embeddable":true,"href":"https:\/\/diarioelpopular.com\/index.php\/wp-json\/wp\/v2\/users\/99"}],"replies":[{"embeddable":true,"href":"https:\/\/diarioelpopular.com\/index.php\/wp-json\/wp\/v2\/comments?post=494901"}],"version-history":[{"count":1,"href":"https:\/\/diarioelpopular.com\/index.php\/wp-json\/wp\/v2\/posts\/494901\/revisions"}],"predecessor-version":[{"id":494902,"href":"https:\/\/diarioelpopular.com\/index.php\/wp-json\/wp\/v2\/posts\/494901\/revisions\/494902"}],"wp:attachment":[{"href":"https:\/\/diarioelpopular.com\/index.php\/wp-json\/wp\/v2\/media?parent=494901"}],"wp:term":[{"taxonomy":"category","embeddable":true,"href":"https:\/\/diarioelpopular.com\/index.php\/wp-json\/wp\/v2\/categories?post=494901"},{"taxonomy":"post_tag","embeddable":true,"href":"https:\/\/diarioelpopular.com\/index.php\/wp-json\/wp\/v2\/tags?post=494901"}],"curies":[{"name":"wp","href":"https:\/\/api.w.org\/{rel}","templated":true}]}}