{"id":494903,"date":"2020-11-19T11:15:53","date_gmt":"2020-11-19T15:15:53","guid":{"rendered":"https:\/\/diarioelpopular.com\/?p=494903"},"modified":"2020-11-19T11:15:53","modified_gmt":"2020-11-19T15:15:53","slug":"islas-del-caribe-declaradas-en-desastre","status":"publish","type":"post","link":"https:\/\/diarioelpopular.com\/index.php\/2020\/11\/19\/islas-del-caribe-declaradas-en-desastre\/","title":{"rendered":"Islas del Caribe declaradas en desastre"},"content":{"rendered":"<div id=\"attachment_494904\" style=\"width: 310px\" class=\"wp-caption alignnone\"><img loading=\"lazy\" decoding=\"async\" aria-describedby=\"caption-attachment-494904\" class=\"size-medium wp-image-494904\" src=\"https:\/\/diarioelpopular.com\/wp-content\/uploads\/2020\/11\/3d2f6958434657dd2fbc9f3a50f1f3a6-300x200.jpg\" alt=\"\" width=\"300\" height=\"200\" \/><p id=\"caption-attachment-494904\" class=\"wp-caption-text\"><em>Islas del Caribe colombiano declaradas en desastre (foto: EPA)<\/em><\/p><\/div>\n<h4><em><strong>Expiden norma para atender reconstrucci\u00f3n de Providencia<\/strong><\/em><\/h4>\n<p><em><strong>BOGOTA, 19 NOV &#8211;<\/strong><\/em> El gobierno colombiano declar\u00f3 este mi\u00e9rcoles en situaci\u00f3n de &#8220;desastre&#8221; el archipi\u00e9lago de San Andr\u00e9s y Providencia, tras el paso devastador del hurac\u00e1n Iota y ante la urgente necesidad de reconstruir y reparar los da\u00f1os causados por ese fen\u00f3meno clim\u00e1tico.<br \/>\nLa decisi\u00f3n se convirti\u00f3 en decreto expedido este mi\u00e9rcoles, un d\u00eda despu\u00e9s de que las autoridades pudieran ingresar a la isla de Providencia y evidenciar la destrucci\u00f3n de la totalidad de la infraestructura de ese lugar paradisiaco, habitado por unas 5 mil personas.<br \/>\nCon la declaratoria de &#8220;desastre&#8221; en el archipi\u00e9lago, que es un departamento del pa\u00eds e incluye un conjunto de islas e islotes en el Mar Caribe, el gobierno facilita todo el proceso de reconstrucci\u00f3n, desde las compras e importaciones necesarias, hasta la orden de establecer un &#8220;plan de acci\u00f3n&#8221; para el rescate del archipi\u00e9lago.<br \/>\nEntre las posibilidades que ofrece la norma, vigente por un a\u00f1o, est\u00e1 el levantamiento de las restricciones aduaneras para la importaci\u00f3n de mercanc\u00edas y materiales destinados a la atenci\u00f3n de los damnificados y el proceso de reconstrucci\u00f3n, que incluye edificar de nuevo todas las viviendas que quedaron reducidas a mont\u00edculos de palos y piedras.<br \/>\nEl decreto tambi\u00e9n orden\u00f3 que se establezca un plan para atender a los damnificados, desde la creaci\u00f3n de albergues, pasando por reparar y poner en funcionamiento los servicios p\u00fablicos domiciliarios, hasta crear los mecanismo para reactivar la econom\u00eda local, afectada desde antes por la pandemia.<br \/>\nEl presidente, Iv\u00e1n Duque, parti\u00f3 hoy nuevamente desde San Andr\u00e9s rumbo a Providencia con ayudas humanitarias para los damnificados, que son la mayor\u00eda de habitantes de la isla quienes lo perdieron todo, y en este momento no tienen acueducto, ni energ\u00eda el\u00e9ctrica, ni sistemas de comunicaci\u00f3n.<br \/>\nEl &#8220;reto de la reconstrucci\u00f3n ser\u00e1 enorme, debido a la destrucci\u00f3n total de mucha de la infraestructura&#8221; en la isla, advirti\u00f3 el mandatario.<br \/>\nDuque revalu\u00f3 su idea inicial que estimaba que en tan solo 100 d\u00edas se podr\u00eda reconstruir la isla. Ese tiempo tan solo servir\u00e1 para recoger escombros y ayudar a los habitantes, advirti\u00f3.<br \/>\n&#8220;Primer reto, remoci\u00f3n de todos los escombros, limpieza de Providencia. En paralelo, entrega de ayuda humanitaria, seguir haciendo la supervisi\u00f3n en materia de salud; restablecer, dentro de lo que son servicios humanitarios, el flujo de energ\u00eda, comunicaciones&#8221;, describi\u00f3 Duque.<br \/>\nIota pas\u00f3 de ser una onda tropical a tormenta en cuesti\u00f3n de horas, luego se robusteci\u00f3 y se convirti\u00f3 en hurac\u00e1n, all\u00ed escal\u00f3 hasta la categor\u00eda cinco, la m\u00e1s destructora posible.<br \/>\nVarios de los habitantes de Providencia relataron hoy a radios locales los momentos de terror que vivieron el fin de semana cuando el hurac\u00e1n golpe\u00f3 la isla y derrib\u00f3 todo a su paso con la violencia de un viento acelerado y enfurecido, acompa\u00f1ado de tormentas b\u00edblicas.<br \/>\nColombia atraviesa por un temporal de lluvias que tambi\u00e9n han afectado otras regiones del pa\u00eds, causado muertes, destrucci\u00f3n y cientos de damnificados, aunque todav\u00eda resta un mes de lluvias intensas y sus consecuencias, como lo han advertido autoridades en temas clim\u00e1ticos y meteorol\u00f3gicos.<\/p>\n","protected":false},"excerpt":{"rendered":"<p>Expiden norma para atender reconstrucci\u00f3n de Providencia BOGOTA, 19 NOV &#8211; El gobierno colombiano declar\u00f3 este mi\u00e9rcoles en situaci\u00f3n de &#8220;desastre&#8221; el archipi\u00e9lago de San&hellip;<\/p>\n","protected":false},"author":99,"featured_media":0,"comment_status":"open","ping_status":"open","sticky":false,"template":"","format":"standard","meta":{"footnotes":""},"categories":[23],"tags":[],"class_list":["post-494903","post","type-post","status-publish","format-standard","hentry","category-latinoamerica"],"_links":{"self":[{"href":"https:\/\/diarioelpopular.com\/index.php\/wp-json\/wp\/v2\/posts\/494903","targetHints":{"allow":["GET"]}}],"collection":[{"href":"https:\/\/diarioelpopular.com\/index.php\/wp-json\/wp\/v2\/posts"}],"about":[{"href":"https:\/\/diarioelpopular.com\/index.php\/wp-json\/wp\/v2\/types\/post"}],"author":[{"embeddable":true,"href":"https:\/\/diarioelpopular.com\/index.php\/wp-json\/wp\/v2\/users\/99"}],"replies":[{"embeddable":true,"href":"https:\/\/diarioelpopular.com\/index.php\/wp-json\/wp\/v2\/comments?post=494903"}],"version-history":[{"count":1,"href":"https:\/\/diarioelpopular.com\/index.php\/wp-json\/wp\/v2\/posts\/494903\/revisions"}],"predecessor-version":[{"id":494905,"href":"https:\/\/diarioelpopular.com\/index.php\/wp-json\/wp\/v2\/posts\/494903\/revisions\/494905"}],"wp:attachment":[{"href":"https:\/\/diarioelpopular.com\/index.php\/wp-json\/wp\/v2\/media?parent=494903"}],"wp:term":[{"taxonomy":"category","embeddable":true,"href":"https:\/\/diarioelpopular.com\/index.php\/wp-json\/wp\/v2\/categories?post=494903"},{"taxonomy":"post_tag","embeddable":true,"href":"https:\/\/diarioelpopular.com\/index.php\/wp-json\/wp\/v2\/tags?post=494903"}],"curies":[{"name":"wp","href":"https:\/\/api.w.org\/{rel}","templated":true}]}}