{"id":494943,"date":"2020-11-24T11:55:23","date_gmt":"2020-11-24T15:55:23","guid":{"rendered":"https:\/\/diarioelpopular.com\/?p=494943"},"modified":"2020-11-24T11:55:23","modified_gmt":"2020-11-24T15:55:23","slug":"el-congreso-de-guatemala-dara-marcha-atras-al-presupuesto-que-origino-las-protestas","status":"publish","type":"post","link":"https:\/\/diarioelpopular.com\/index.php\/2020\/11\/24\/el-congreso-de-guatemala-dara-marcha-atras-al-presupuesto-que-origino-las-protestas\/","title":{"rendered":"El Congreso de Guatemala dar\u00e1 marcha atr\u00e1s al presupuesto que origin\u00f3 las protestas"},"content":{"rendered":"<div id=\"attachment_494944\" style=\"width: 310px\" class=\"wp-caption alignnone\"><img loading=\"lazy\" decoding=\"async\" aria-describedby=\"caption-attachment-494944\" class=\"size-medium wp-image-494944\" src=\"https:\/\/diarioelpopular.com\/wp-content\/uploads\/2020\/11\/Screen-Shot-2020-11-24-at-10.54.31-AM-300x200.png\" alt=\"\" width=\"300\" height=\"200\" \/><p id=\"caption-attachment-494944\" class=\"wp-caption-text\"><em>Manifestantes piden la dimisi\u00f3n del presidente de Guatemala Alejandro Giammattei.<\/em><br \/><em>JOHAN ORDONEZ AFP<\/em><\/p><\/div>\n<h4><em><strong>El presidente del Congreso ha informado de la decisi\u00f3n en un mensaje pregrabado en compa\u00f1\u00eda de otros 16 diputados de varios bloques aliados al oficialismo, divulgado en la madrugada de este lunes<\/strong><\/em><\/h4>\n<p class=\"ue-c-article--first-letter-highlighted\">El presidente del Congreso de Guatemala, Allan Rodr\u00edguez, asegur\u00f3 este lunes que dar\u00e1 marcha atr\u00e1s al presupuesto del Estado 2021, cuya aprobaci\u00f3n el pasado mi\u00e9rcoles dio origen el s\u00e1bado a una multitudinaria manifestaci\u00f3n y la quema de un parte del Parlamento a manos de encapuchados.<\/p>\n<div id=\"hybs-mslot-7606-3\" class=\"hybs-mslot\"><\/div>\n<p>Rodr\u00edguez inform\u00f3 de la decisi\u00f3n en un mensaje pregrabado en compa\u00f1\u00eda de otros 16 diputados de varios bloques aliados al oficialismo, divulgado en la madrugada de este lunes por los canales de comunicaci\u00f3n del Congreso.<\/p>\n<div id=\"hybs-mslot-7606-2\" class=\"hybs-mslot\"><\/div>\n<p>Seg\u00fan medios locales, el mensaje fue grabado en un sede delMinisterio de Defensa, aunque las autoridades no han confirmado dicha versi\u00f3n pese a la insistencia de periodistas. Tampoco se ha explicado el motivo de la hora del mensaje, pasados varios minutos despu\u00e9s de la media noche.<\/p>\n<p>&#8220;Hemos acordado suspender el tr\u00e1mite del presupuesto de ingresos y egresos del Estado para 2021&#8221;, asever\u00f3 Rodr\u00edguez, quien a\u00f1adi\u00f3 que &#8220;en consecuencia dicho Decreto no ser\u00e1 remitido al Organismo Ejecutivo&#8221;.<\/p>\n<div id=\"hybs-mslot-7606-1\" class=\"hybs-mslot\"><\/div>\n<p>Sin embargo, el presidente del Congreso no se refiri\u00f3 a los cambios que se realizar\u00e1n al mismo para su env\u00edo al presidente de Guatemala, Alejandro Giammattei, antes de diciembre, como contempla la ley.<\/p>\n<p>Adem\u00e1s, la diputada de oposici\u00f3n, Lucrecia Hern\u00e1ndez Mack, advirti\u00f3 en un mensaje en sus redes sociales de que legalmente &#8220;ni la Junta Directiva (del Congreso) ni sus bloques tienen la potestad de archivar una ley aprobada por el pleno&#8221; e inst\u00f3 a la poblaci\u00f3n a no dejarse enga\u00f1ar por las autoridades parlamentarias.<\/p>\n<div id=\"hybs-mslot-7606-0\" class=\"hybs-mslot\"><\/div>\n<p>La aprobaci\u00f3n del presupuesto el pasado mi\u00e9rcoles, a las 05.30 de la madrugada, provoc\u00f3 un malestar en la poblaci\u00f3n que se tradujo en <a href=\"https:\/\/www.elmundo.es\/internacional\/2020\/11\/21\/5fb98674fdddff46428b4676.html\" target=\"_blank\" rel=\"noopener\">las manifestaciones del s\u00e1bado<\/a>, convocadas durante la semana para expresar el rechazo al Congreso.<\/p>\n<p>Dicho presupuesto, aprobado por 115 de los 160 legisladores bajo estrictas medidas de seguridad con cierre de varias calles a la redonda, ha sido descrito como &#8220;opaco&#8221; por legisladores de oposici\u00f3n que indicaron que nunca tuvieron acceso al documento.<\/p>\n<p>Adem\u00e1s, seg\u00fan expertos, el presupuesto presenta amplias reducciones para temas sanitarios y de derechos humanos.<\/p>\n<h2 class=\"ue-c-article__subheadline\">LA QUEMA DEL CONGRESO<\/h2>\n<p>Las instalaciones del Parlamento fueron quemadas entre un 15 y 20% -a la espera de confirmaci\u00f3n por las autoridades- el s\u00e1bado por cientos de manifestantes encapuchados que asaltaron el Congreso y <a href=\"https:\/\/www.elmundo.es\/internacional\/2020\/11\/21\/5fb98674fdddff46428b4676.html\" target=\"_blank\" rel=\"noopener\">le prendieron fuego con antorchas<\/a>.<\/p>\n<p>Tras diez minutos de caos en el que los manifestantes destruyeron parte de las instalaciones, las fuerzas de seguridad limpiaron la zona y los cuerpos de socorro apagaron el incendio.<\/p>\n<p>En paralelo, al mismo tiempo a menos de un kil\u00f3metro de distancia, unos 10.000 guatemaltecos manifestaron pac\u00edficamente contra Giammattei y el Parlamento frente al Palacio Nacional de la Cultura, sede del Gobierno.<\/p>\n<h2 class=\"ue-c-article__subheadline\">SOSPECHA DE INFILTRADOS<\/h2>\n<p>Este domingo, el diputado de oposici\u00f3n Orlando Blanco dijo que sospecha que existieron &#8220;infiltrados&#8221;, probablemente pandilleros, en las manifestaciones del s\u00e1bado en contra del Gobierno y que podr\u00edan estar involucrados en la quema del Congreso.<\/p>\n<p>Blanco indic\u00f3 adem\u00e1s que es posible la participaci\u00f3n en el incendio de &#8220;personal interno&#8221; del mismo Parlamento guatemalteco, ubicado en el centro de la capital del pa\u00eds.<\/p>\n<p>&#8220;Nosotros conocemos el Congreso. Este hecho no se habr\u00eda perpetrado sin la participaci\u00f3n de personal interno del Congreso&#8221;, argument\u00f3 Blanco, de la agrupaci\u00f3n pol\u00edticaUnidad Nacional de la Esperanza (UNE).<\/p>\n<h2 class=\"ue-c-article__subheadline\">CRISIS PARA GIAMMATTEI<\/h2>\n<p>Giammattei compareci\u00f3 p\u00fablicamente por \u00faltima vez el viernes por la tarde y desde entonces s\u00f3lo se ha referido a los incidentes del s\u00e1bado en un mensaje en redes sociales en el que indic\u00f3 que &#8220;se tiene el derecho de manifestar conforme la ley&#8221; pero &#8220;tampoco podremos permitir que se vandalice con la propiedad p\u00fablica o privada&#8221;.<\/p>\n<p>Sin embargo, el mandatario ha avalado en todo momento el presupuesto al igual que su bancada, la agrupaci\u00f3n pol\u00edtica Vamos, con mayor\u00eda en el Congreso mediante alianzas.<\/p>\n<p>La crisis pol\u00edtica se hizo m\u00e1s grande para Giammattei cuando su vicepresidente, Guillermo Castillo, le pidi\u00f3 el viernes en rueda de prensa que renunciaran en conjunto para &#8220;oxigenar&#8221; Guatemala ya que &#8220;el pa\u00eds no se encuentra bien&#8221;.<\/p>\n<p>Mientras tanto, este domingo cientos de personas volvieron a reunirse tal y como lo hicieron el s\u00e1bado frente al Palacio Nacional de la Cultura para expresar su rechazo al presidente.<\/p>\n","protected":false},"excerpt":{"rendered":"<p>El presidente del Congreso ha informado de la decisi\u00f3n en un mensaje pregrabado en compa\u00f1\u00eda de otros 16 diputados de varios bloques aliados al oficialismo,&hellip;<\/p>\n","protected":false},"author":99,"featured_media":0,"comment_status":"open","ping_status":"open","sticky":false,"template":"","format":"standard","meta":{"footnotes":""},"categories":[23],"tags":[],"class_list":["post-494943","post","type-post","status-publish","format-standard","hentry","category-latinoamerica"],"_links":{"self":[{"href":"https:\/\/diarioelpopular.com\/index.php\/wp-json\/wp\/v2\/posts\/494943","targetHints":{"allow":["GET"]}}],"collection":[{"href":"https:\/\/diarioelpopular.com\/index.php\/wp-json\/wp\/v2\/posts"}],"about":[{"href":"https:\/\/diarioelpopular.com\/index.php\/wp-json\/wp\/v2\/types\/post"}],"author":[{"embeddable":true,"href":"https:\/\/diarioelpopular.com\/index.php\/wp-json\/wp\/v2\/users\/99"}],"replies":[{"embeddable":true,"href":"https:\/\/diarioelpopular.com\/index.php\/wp-json\/wp\/v2\/comments?post=494943"}],"version-history":[{"count":1,"href":"https:\/\/diarioelpopular.com\/index.php\/wp-json\/wp\/v2\/posts\/494943\/revisions"}],"predecessor-version":[{"id":494945,"href":"https:\/\/diarioelpopular.com\/index.php\/wp-json\/wp\/v2\/posts\/494943\/revisions\/494945"}],"wp:attachment":[{"href":"https:\/\/diarioelpopular.com\/index.php\/wp-json\/wp\/v2\/media?parent=494943"}],"wp:term":[{"taxonomy":"category","embeddable":true,"href":"https:\/\/diarioelpopular.com\/index.php\/wp-json\/wp\/v2\/categories?post=494943"},{"taxonomy":"post_tag","embeddable":true,"href":"https:\/\/diarioelpopular.com\/index.php\/wp-json\/wp\/v2\/tags?post=494943"}],"curies":[{"name":"wp","href":"https:\/\/api.w.org\/{rel}","templated":true}]}}