{"id":495013,"date":"2020-11-28T19:04:57","date_gmt":"2020-11-28T23:04:57","guid":{"rendered":"https:\/\/diarioelpopular.com\/?p=495013"},"modified":"2020-11-28T19:04:57","modified_gmt":"2020-11-28T23:04:57","slug":"ni-desfibrilador-ni-medico-en-la-casa-de-maradona","status":"publish","type":"post","link":"https:\/\/diarioelpopular.com\/index.php\/2020\/11\/28\/ni-desfibrilador-ni-medico-en-la-casa-de-maradona\/","title":{"rendered":"Ni desfibrilador, ni m\u00e9dico en la casa de Maradona"},"content":{"rendered":"<div id=\"attachment_495014\" style=\"width: 310px\" class=\"wp-caption alignnone\"><img loading=\"lazy\" decoding=\"async\" aria-describedby=\"caption-attachment-495014\" class=\"size-medium wp-image-495014\" src=\"https:\/\/diarioelpopular.com\/wp-content\/uploads\/2020\/11\/3e8ab34aa3d23a41427e4d213d6afdb8-300x200.jpg\" alt=\"\" width=\"300\" height=\"200\" \/><p id=\"caption-attachment-495014\" class=\"wp-caption-text\"><em>Tributo a Diego Armando Maradona en todo el mundo. En la imagen homenaje de la Confederaci\u00f3n Sudamericana de F\u00fatbol en Paraguay (foto: ANSA)<\/em><\/p><\/div>\n<h4><em><strong>La justicia avanza en la investigaci\u00f3n. Puntos oscuros<\/strong><\/em><\/h4>\n<p><em><strong>BUENOS AIRES 28 NOV &#8211;<\/strong><\/em> Diego Maradona hab\u00eda tenido una &#8220;pelea&#8221; con su m\u00e9dico personal, Leopoldo Luque, el jueves de la semana pasada y el profesional no volvi\u00f3 en todo el fin de semana a verlo, seg\u00fan testimonios de testigos en la causa que investiga la muerte del astro.<br \/>\nLo revela hoy el peri\u00f3dico P\u00e1gina 12, que se\u00f1ala que en el expediente judicial figura que el enfermero Ricardo se\u00f1al\u00f3 que &#8220;esas cosas sol\u00edan suceder&#8221; y que Diego &#8220;empuj\u00f3 a Luque, ech\u00e1ndolo&#8221;.<br \/>\nTambi\u00e9n la cocinera confirm\u00f3 la pelea entre el astro y el galeno.<br \/>\nPero, por momentos, Maradona no quer\u00eda ni que lo toquen ni que lo despierten ni que lo controlen, pasaba horas encerrado en su habitaci\u00f3n, ampli\u00f3 el peri\u00f3dico basado en testimonios que est\u00e1n en la causa.<br \/>\nAparentemente, seg\u00fan los dichos de dos enfermeros (un hombre y una mujer), que se desempe\u00f1aban en la casa de Maradona, el control al Diez (temperatura, signos vitales, etc.) era desordenado y con altos y bajos.<br \/>\n&#8220;Maradona no estaba en internaci\u00f3n domiciliaria. Estaba dado de alta&#8221;, recalc\u00f3 la enfermera Dahiana ante los fiscales, lo que muestra que nadie vislumbraba el peligro.<br \/>\nDahiana describi\u00f3 que a las 7.30 del mi\u00e9rcoles -cuando Maradona muri\u00f3- lo escuch\u00f3 ir al ba\u00f1o y que a las 8.20 o 9.20 Maradona se neg\u00f3 a los controles, seg\u00fan su testimonio. Esto implica, que seg\u00fan sus datos, Maradona estaba con vida a esa hora.<br \/>\nNo obstante, ni ella ni nadie entr\u00f3 a la habitaci\u00f3n.<br \/>\nAlgunos testimonios, prosigue P\u00e1gina 12, indicaron que el astro ni siquiera recib\u00eda la medicaci\u00f3n de los enfermeros, s\u00f3lo de su sobrino Johny y su asistente, Maxi.<br \/>\nLos fiscales de San Isidro que intervienen en el caso, bajo la conducci\u00f3n del procurador John Broyard, investigan posibles negligencias m\u00e9dicas.<br \/>\nHasta ahora, los dos personajes claves en la trama m\u00e9dica, el neurocirujano Luque y la psiquiatra Agustina Cosachov no fueron citados a declarar.<br \/>\nPara algunos expertos en derecho, eso podr\u00eda ser indicio de que corren riesgo de ser imputados. Pero la investigaci\u00f3n a\u00fan est\u00e1 en marcha.<br \/>\nHay algo concreto de los testimonios que la justicia recogi\u00f3 hasta el momento: al barrio cerrado San Andr\u00e9s -en la periferia de Buenos Aires, donde se alojaba Maradona- no concurri\u00f3 ning\u00fan m\u00e9dico durante todo el fin de semana largo (el lunes pasado fue feriado en Argentina), aunque hubo consultas telef\u00f3nicas.<br \/>\nLa falta de un desfribilador card\u00edaco en la casa o la ausencia de un m\u00e9dico representan los puntos oscuros que deber\u00e1 dilucidar la Justicia.<br \/>\nLos fiscales investigan si esa falta de atenci\u00f3n implica alg\u00fan delito como mala praxis m\u00e9dica.<br \/>\nLa \u00faltima planilla con sus signos vitales, completada a las 21.30 del martes, dej\u00f3 establecidos los siguientes valores: presi\u00f3n arterial 130\/100; frecuencia card\u00edaca 107; temperatura 36,8 y saturaci\u00f3n de ox\u00edgeno 98.<br \/>\nLos par\u00e1metros seguramente llevan a un dilema y habr\u00e1 que ver con precisi\u00f3n cient\u00edfica si Maradona debi\u00f3 concurrir un m\u00e9dico porque tal vez los datos eran inquietantes para un paciente con antecedentes card\u00edacos serios.<br \/>\nOtra pol\u00e9mica se instala en el momento en que se fue de la Cl\u00ednica Olivos, tras la operaci\u00f3n de Los m\u00e9dicos de la empresa prepaga de medicina Swiss Medical no estaban de acuerdo en que se fuera a una casa e insist\u00edan en que deb\u00eda ir a un instituto donde realizar la rehabilitaci\u00f3n toxicol\u00f3gica y neurol\u00f3gica.<br \/>\nEllos se opon\u00edan a que volviera a estar en un lugar en el que no est\u00e1 claro qui\u00e9n entra. Pero, la voluntad de Maradona, como siempre, es lo que pes\u00f3.<\/p>\n","protected":false},"excerpt":{"rendered":"<p>La justicia avanza en la investigaci\u00f3n. Puntos oscuros BUENOS AIRES 28 NOV &#8211; Diego Maradona hab\u00eda tenido una &#8220;pelea&#8221; con su m\u00e9dico personal, Leopoldo Luque,&hellip;<\/p>\n","protected":false},"author":99,"featured_media":0,"comment_status":"open","ping_status":"open","sticky":false,"template":"","format":"standard","meta":{"footnotes":""},"categories":[23],"tags":[],"class_list":["post-495013","post","type-post","status-publish","format-standard","hentry","category-latinoamerica"],"_links":{"self":[{"href":"https:\/\/diarioelpopular.com\/index.php\/wp-json\/wp\/v2\/posts\/495013","targetHints":{"allow":["GET"]}}],"collection":[{"href":"https:\/\/diarioelpopular.com\/index.php\/wp-json\/wp\/v2\/posts"}],"about":[{"href":"https:\/\/diarioelpopular.com\/index.php\/wp-json\/wp\/v2\/types\/post"}],"author":[{"embeddable":true,"href":"https:\/\/diarioelpopular.com\/index.php\/wp-json\/wp\/v2\/users\/99"}],"replies":[{"embeddable":true,"href":"https:\/\/diarioelpopular.com\/index.php\/wp-json\/wp\/v2\/comments?post=495013"}],"version-history":[{"count":1,"href":"https:\/\/diarioelpopular.com\/index.php\/wp-json\/wp\/v2\/posts\/495013\/revisions"}],"predecessor-version":[{"id":495015,"href":"https:\/\/diarioelpopular.com\/index.php\/wp-json\/wp\/v2\/posts\/495013\/revisions\/495015"}],"wp:attachment":[{"href":"https:\/\/diarioelpopular.com\/index.php\/wp-json\/wp\/v2\/media?parent=495013"}],"wp:term":[{"taxonomy":"category","embeddable":true,"href":"https:\/\/diarioelpopular.com\/index.php\/wp-json\/wp\/v2\/categories?post=495013"},{"taxonomy":"post_tag","embeddable":true,"href":"https:\/\/diarioelpopular.com\/index.php\/wp-json\/wp\/v2\/tags?post=495013"}],"curies":[{"name":"wp","href":"https:\/\/api.w.org\/{rel}","templated":true}]}}