{"id":495020,"date":"2020-11-29T12:50:41","date_gmt":"2020-11-29T16:50:41","guid":{"rendered":"https:\/\/diarioelpopular.com\/?p=495020"},"modified":"2020-11-29T12:50:41","modified_gmt":"2020-11-29T16:50:41","slug":"ademas-de-covid-19-sarampion-en-bolivia","status":"publish","type":"post","link":"https:\/\/diarioelpopular.com\/index.php\/2020\/11\/29\/ademas-de-covid-19-sarampion-en-bolivia\/","title":{"rendered":"Adem\u00e1s de Covid-19, sarampi\u00f3n en Bolivia"},"content":{"rendered":"<div id=\"attachment_495022\" style=\"width: 486px\" class=\"wp-caption alignnone\"><img loading=\"lazy\" decoding=\"async\" aria-describedby=\"caption-attachment-495022\" class=\"size-custom-full-size wp-image-495022\" src=\"https:\/\/diarioelpopular.com\/wp-content\/uploads\/2020\/11\/241058aeb632c7b0184e23e9cf52471e.jpg\" alt=\"\" width=\"476\" height=\"309\" \/><p id=\"caption-attachment-495022\" class=\"wp-caption-text\"><em>Gente espera para recibir atenci\u00f3n en un hospital de La Paz.<\/em><br \/><em>(foto: ANSA)<\/em><\/p><\/div>\n<h4><em><strong>Enfermedad erradicada, pero surgen casos y encienden temores<\/strong><\/em><\/h4>\n<p><em><strong>LA PAZ 29 NOV &#8211;<\/strong> <\/em>El sarampi\u00f3n, una enfermedad considerada erradicada de Bolivia, despu\u00e9s de 20 a\u00f1os sin ning\u00fan caso, vuelve a aparecer en el pa\u00eds y pone en alerta al sistema sanitario en medio de la a\u00fan latente pandemia de Covid-19.<br \/>\nEste fin de semana se confirm\u00f3 el tercer caso de esta enfermedad (un ni\u00f1o de un a\u00f1o y cuatro meses) entre abril y noviembre en Santa Cruz, un brote que es considerado pro las nuevas autoridades del pa\u00eds como &#8220;una nueva emergencia sanitaria&#8221;.<br \/>\nBolivia tiene un sistema sanitario precario y su crisis puede agravarse pues al Covid-19 se suma la amenaza del dengue, zika y chinkungunya (males transmitidos por los mosquitos y end\u00e9micos en algunas regiones) y ahora, inesperadamente, el sarampi\u00f3n.<br \/>\nLas autoridades del Servicio Departamental de Salud (Sedes) informaron que a\u00fan se desconoce el origen del contagio de este nuevo caso de sarampi\u00f3n y adelantaron que detectarlo ser\u00e1 una tarea compleja porque el paciente, junto con sus padres, recorri\u00f3 varios centros de salud, por otra enfermedad, antes de que sea diagnosticado con sarampi\u00f3n, public\u00f3 el diario El Deber.<br \/>\nEl director del Programa Ampliado de Inmunizaci\u00f3n (PAI), Boris Chan, advirti\u00f3 que el sarampi\u00f3n ya est\u00e1 en el departamento de Santa Cruz y se quedar\u00e1 si la poblaci\u00f3n no es consciente de la importancia de hacer vacunar a sus hijos.<br \/>\n&#8220;Si no hacemos acciones como la vacunaci\u00f3n vamos a seguir teniendo casos&#8221;, advirti\u00f3 Chan.<br \/>\nPara el presidente del Colegio M\u00e9dico de Santa Cruz, Wilfredo Anzo\u00e1tegui, el sistema de salud de Bolivia &#8220;no podr\u00eda soportar una emergencia por tres enfermedades de forma simult\u00e1nea&#8221;.<br \/>\n&#8220;Si no tenemos los recursos humanos para enfrentar el coronavirus, peor ser\u00e1 para encarar otras dos patolog\u00edas. El sistema no est\u00e1 preparado, los hospitales no est\u00e1n en condiciones para soportar una tercera epidemia&#8221;, remarc\u00f3.<br \/>\nEn abril pasado se report\u00f3 el primer caso de sarampi\u00f3n en Santa Cruz, tras 20 a\u00f1os libres de la enfermedad. Se trataba de una pediatra de 29 a\u00f1os que estaba embarazada.<br \/>\nSemanas despu\u00e9s se identific\u00f3 al paciente cero, un peque\u00f1o que viaj\u00f3 con su familia al exterior. Ambos est\u00e1n recuperados.<br \/>\nSeg\u00fan El Deber, el riesgo de que esta enfermedad se expanda por todo Bolivia est\u00e1 latente debido a que, seg\u00fan el reporte del PAI, un 50% de ni\u00f1os a\u00fan no fue inmunizado este a\u00f1o contra esta enfermedad debido a las restricciones de circulaci\u00f3n por causa de la pandemia de coronavirus.<br \/>\n&#8220;Al bajar la cobertura de vacunaci\u00f3n autom\u00e1ticamente emerge la enfermedad&#8221;, alert\u00f3 R\u00edos. &#8220;El sarampi\u00f3n tiene para nosotros mucho m\u00e1s riesgo, preocupaci\u00f3n y respeto que el Covid-19 en s\u00ed&#8221;, acot\u00f3 el experto.<br \/>\nEs que el sarampi\u00f3n es considerado de alto riesgo debido a su capacidad de propagaci\u00f3n, se estima que un enfermo puede contagiar a 18 personas mientras que el coronavirus, el promedio es tres.<br \/>\nDurante la pandemia de Covid-19 se registraron brotes de sarampi\u00f3n en M\u00e9xico, Estados Unidos, Brasil, Argentina, adem\u00e1s de Bolivia, y tambi\u00e9n fueron confirmados casos de difteria en Per\u00fa luego de 20 a\u00f1os de haberse reportado el \u00faltimo paciente, con contagios surgidos en Venezuela y Rep\u00fablica Dominicana.<br \/>\nTodo efecto colateral del Covid-19, al no ser eficaz por las restricciones el proceso de vacunaci\u00f3n. As\u00ed, a la crisis del coronavirus, se suman otros problemas sanitarios de peso.<\/p>\n","protected":false},"excerpt":{"rendered":"<p>Enfermedad erradicada, pero surgen casos y encienden temores LA PAZ 29 NOV &#8211; El sarampi\u00f3n, una enfermedad considerada erradicada de Bolivia, despu\u00e9s de 20 a\u00f1os&hellip;<\/p>\n","protected":false},"author":99,"featured_media":0,"comment_status":"open","ping_status":"open","sticky":false,"template":"","format":"standard","meta":{"footnotes":""},"categories":[23],"tags":[],"class_list":["post-495020","post","type-post","status-publish","format-standard","hentry","category-latinoamerica"],"_links":{"self":[{"href":"https:\/\/diarioelpopular.com\/index.php\/wp-json\/wp\/v2\/posts\/495020","targetHints":{"allow":["GET"]}}],"collection":[{"href":"https:\/\/diarioelpopular.com\/index.php\/wp-json\/wp\/v2\/posts"}],"about":[{"href":"https:\/\/diarioelpopular.com\/index.php\/wp-json\/wp\/v2\/types\/post"}],"author":[{"embeddable":true,"href":"https:\/\/diarioelpopular.com\/index.php\/wp-json\/wp\/v2\/users\/99"}],"replies":[{"embeddable":true,"href":"https:\/\/diarioelpopular.com\/index.php\/wp-json\/wp\/v2\/comments?post=495020"}],"version-history":[{"count":1,"href":"https:\/\/diarioelpopular.com\/index.php\/wp-json\/wp\/v2\/posts\/495020\/revisions"}],"predecessor-version":[{"id":495023,"href":"https:\/\/diarioelpopular.com\/index.php\/wp-json\/wp\/v2\/posts\/495020\/revisions\/495023"}],"wp:attachment":[{"href":"https:\/\/diarioelpopular.com\/index.php\/wp-json\/wp\/v2\/media?parent=495020"}],"wp:term":[{"taxonomy":"category","embeddable":true,"href":"https:\/\/diarioelpopular.com\/index.php\/wp-json\/wp\/v2\/categories?post=495020"},{"taxonomy":"post_tag","embeddable":true,"href":"https:\/\/diarioelpopular.com\/index.php\/wp-json\/wp\/v2\/tags?post=495020"}],"curies":[{"name":"wp","href":"https:\/\/api.w.org\/{rel}","templated":true}]}}