{"id":495024,"date":"2020-11-29T12:54:20","date_gmt":"2020-11-29T16:54:20","guid":{"rendered":"https:\/\/diarioelpopular.com\/?p=495024"},"modified":"2020-11-29T12:54:20","modified_gmt":"2020-11-29T16:54:20","slug":"giro-radical-en-la-causa-maradona-investigan-mala-praxis","status":"publish","type":"post","link":"https:\/\/diarioelpopular.com\/index.php\/2020\/11\/29\/giro-radical-en-la-causa-maradona-investigan-mala-praxis\/","title":{"rendered":"Giro radical en la causa Maradona, investigan mala praxis"},"content":{"rendered":"<div id=\"attachment_495025\" style=\"width: 160px\" class=\"wp-caption alignnone\"><img loading=\"lazy\" decoding=\"async\" aria-describedby=\"caption-attachment-495025\" class=\"size-thumbnail wp-image-495025\" src=\"https:\/\/diarioelpopular.com\/wp-content\/uploads\/2020\/11\/7c5b956aacfd72f0828bd2ee1b6e1355-150x150.jpg\" alt=\"\" width=\"150\" height=\"150\" \/><p id=\"caption-attachment-495025\" class=\"wp-caption-text\"><em>Homenaje en Villa Fiorito, el barrio pobre donde se cri\u00f3 en Buenos Aires. La imagen de Diego Maradona y la pelota en la ventana.<\/em><br \/><em>(foto: ANSA)<\/em><\/p><\/div>\n<h4><em><strong>Allanaron la vivienda y consultorio del m\u00e9dico personal del Diez<\/strong><\/em><\/h4>\n<p><em><strong>BUENOS AIRES 29 NOV &#8211;<\/strong><\/em> La casa y el consultorio de Leopoldo Luque, el m\u00e9dico personal de Diego Armando Maradona, fueron allanados porque la fiscal\u00eda sospecha de un homicidio culposo y avanza en una investigaci\u00f3n de presunta mala praxis en el tratamiento y cuidados del astro fallecido el mi\u00e9rcoles.<br \/>\nSeg\u00fan inform\u00f3 este domingo el portal Infobase, el juez de garant\u00edas de San Isidro Orlando D\u00edaz orden\u00f3 las actuaciones judiciales por pedido del equipo de fiscales que investiga las condiciones en que muri\u00f3 el astro argentino.<br \/>\nDe este modo, el caso toma un giro radical pues la autopsia no hab\u00eda revelado una mala praxis, pero los fiscales investigan ahora negligencia m\u00e9dica o impericia con el especialista como principal sospechoso.<br \/>\nEl juez D\u00edaz requiri\u00f3 a trav\u00e9s de un exhorto a la Justicia porte\u00f1a el allanamiento en la casa y el consultorio privado de Luque, un neurocirujano que fue el \u00faltimo m\u00e9dico personal de la estrella del f\u00fatbol mundial.<br \/>\n&#8220;En virtud de la prueba que se fue recabando se consider\u00f3 necesario solicitar allanamientos en el domicilio y consultorio del m\u00e9dico Luque. Si se confirman las irregularidades en la internaci\u00f3n domiciliaria de Maradona se podr\u00eda estar ante el delito de homicidio culposo&#8221;, explicaron informantes cercanos a la causa consultados por La Naci\u00f3n.<\/p>\n","protected":false},"excerpt":{"rendered":"<p>Allanaron la vivienda y consultorio del m\u00e9dico personal del Diez BUENOS AIRES 29 NOV &#8211; La casa y el consultorio de Leopoldo Luque, el m\u00e9dico&hellip;<\/p>\n","protected":false},"author":99,"featured_media":0,"comment_status":"open","ping_status":"open","sticky":false,"template":"","format":"standard","meta":{"footnotes":""},"categories":[23],"tags":[],"class_list":["post-495024","post","type-post","status-publish","format-standard","hentry","category-latinoamerica"],"_links":{"self":[{"href":"https:\/\/diarioelpopular.com\/index.php\/wp-json\/wp\/v2\/posts\/495024","targetHints":{"allow":["GET"]}}],"collection":[{"href":"https:\/\/diarioelpopular.com\/index.php\/wp-json\/wp\/v2\/posts"}],"about":[{"href":"https:\/\/diarioelpopular.com\/index.php\/wp-json\/wp\/v2\/types\/post"}],"author":[{"embeddable":true,"href":"https:\/\/diarioelpopular.com\/index.php\/wp-json\/wp\/v2\/users\/99"}],"replies":[{"embeddable":true,"href":"https:\/\/diarioelpopular.com\/index.php\/wp-json\/wp\/v2\/comments?post=495024"}],"version-history":[{"count":1,"href":"https:\/\/diarioelpopular.com\/index.php\/wp-json\/wp\/v2\/posts\/495024\/revisions"}],"predecessor-version":[{"id":495027,"href":"https:\/\/diarioelpopular.com\/index.php\/wp-json\/wp\/v2\/posts\/495024\/revisions\/495027"}],"wp:attachment":[{"href":"https:\/\/diarioelpopular.com\/index.php\/wp-json\/wp\/v2\/media?parent=495024"}],"wp:term":[{"taxonomy":"category","embeddable":true,"href":"https:\/\/diarioelpopular.com\/index.php\/wp-json\/wp\/v2\/categories?post=495024"},{"taxonomy":"post_tag","embeddable":true,"href":"https:\/\/diarioelpopular.com\/index.php\/wp-json\/wp\/v2\/tags?post=495024"}],"curies":[{"name":"wp","href":"https:\/\/api.w.org\/{rel}","templated":true}]}}