{"id":495032,"date":"2020-11-29T20:25:38","date_gmt":"2020-11-30T00:25:38","guid":{"rendered":"https:\/\/diarioelpopular.com\/?p=495032"},"modified":"2020-11-29T20:25:38","modified_gmt":"2020-11-30T00:25:38","slug":"se-defiende-el-medico-de-maradona-no-hubo-un-error","status":"publish","type":"post","link":"https:\/\/diarioelpopular.com\/index.php\/2020\/11\/29\/se-defiende-el-medico-de-maradona-no-hubo-un-error\/","title":{"rendered":"Se defiende el m\u00e9dico de Maradona: &#8216;No hubo un error&#8217;"},"content":{"rendered":"<div id=\"attachment_495033\" style=\"width: 160px\" class=\"wp-caption alignnone\"><img loading=\"lazy\" decoding=\"async\" aria-describedby=\"caption-attachment-495033\" class=\"size-thumbnail wp-image-495033\" src=\"https:\/\/diarioelpopular.com\/wp-content\/uploads\/2020\/11\/5fc18cdd8ddd4-150x150.jpeg\" alt=\"\" width=\"150\" height=\"150\" \/><p id=\"caption-attachment-495033\" class=\"wp-caption-text\"><em>Los hechos ocurrieron minutos antes de trasladar el cuerpo de Maradona a la Casa Rosada, donde miles de argentinos lo esperaban para despedirse.<\/em><\/p><\/div>\n<h4><em><strong>Leopoldo Duque fue claro sobre la investigaci\u00f3n que hay en su contra por &#8220;homicidio culposo&#8221;<\/strong><\/em><\/h4>\n<p id=\"p551814-m358-357-359\" class=\"contenido\">Leopoldo Luque, el m\u00e9dico de cabecera del \u00eddolo deportivo <a href=\"https:\/\/www.eltiempo.com\/noticias\/diego-maradona\" target=\"_blank\" rel=\"noopener\">Diego Maradona<\/a>, qued\u00f3 este domingo en el ojo del hurac\u00e1n por presunta negligencia en los cuidados del \u00eddolo argentino, fallecido el mi\u00e9rcoles a los 60 a\u00f1os de una crisis card\u00edaca.<\/p>\n<p id=\"p551814-m402-2-403\" class=\"contenido\">De inmediato, Luque sali\u00f3 a aclarar todas estas acusaciones y se defendi\u00f3 al igual que todos los procedimientos que se ejecutaron para mantener estable a Maradona, luego de su operaci\u00f3n en la cabeza.<\/p>\n<p>&#8220;Es mentira que la Cl\u00ednica (Olivos) recomend\u00f3 no externarlo. No hubo un error m\u00e9dicode parte de nadie. Diego tuvo un ataque card\u00edaco. En un paciente con las caracter\u00edsticas de \u00e9l es lo m\u00e1s com\u00fan del mundo que muera as\u00ed. Se hac\u00eda todo lo posible para disminuir ese evento. La Cl\u00ednica actu\u00f3 perfecto. Lo operamos, estuvo en condiciones de alta, lo retuvimos un poco m\u00e1s, pero me dijeron: &#8220;Esto no es un centro de rehabilitaci\u00f3n, es un centro de patolog\u00eda aguda&#8221;. Yo extend\u00ed todo lo que pude la internaci\u00f3n&#8221;, dijo en entrevista con TN.<\/p>\n<div id=\"p551814-m408-3-409\" class=\"articulo-quote\">\n<div class=\"quote-bk\">\n<p id=\"m413-412-414\" class=\"mensaje\">No hubo un error m\u00e9dico de parte de nadie. Diego tuvo un ataque card\u00edaco, en un paciente con las car\u00e1cter\u00edsticas de \u00e9l es lo m\u00e1s com\u00fan del mundo que muera as\u00ed.<\/p>\n<\/div>\n<\/div>\n<p id=\"p551814-m432-4-433\" class=\"contenido\">Luque afirm\u00f3, una y otra vez, que la muerte de Maradona fue un hecho fortuito y que nadie tuvo la culpa. &#8220;Ac\u00e1 no hay decisiones. Yo no decido hoy te vas. Ac\u00e1 hay criterios m\u00e9dicos. En 48-72 horas puede haber alta. No hubo un error m\u00e9dico, lo de Diego fue un hecho fortuito. Es un hecho que pod\u00eda pasar. Se hac\u00eda todo lo posible para evitar eso&#8221;.<\/p>\n<p>Por otro lado, Luque narr\u00f3 lo dif\u00edcil que se vivi\u00f3 con Maradona y esos instantes en los que el exjugador no quer\u00eda compartir nada con nadie, ni con su familia.<\/p>\n<p>&#8220;\u00bfQui\u00e9n era el \u00fanico que pod\u00eda estar ah\u00ed adentro? Yo. Entr\u00e9 y me dijo: &#8216;Luqued\u00e9jame\u00a0tranquilo, dale&#8217; Yo le dec\u00eda que se levante. Diego no quer\u00eda ni recibir a las hijas. Y ese d\u00eda me ech\u00f3. Pero yo &#8216;lo banqu\u00e9&#8217; porque lo quer\u00eda, porque sab\u00eda que necesitaba ayuda y sab\u00eda que quiz\u00e1 era el \u00fanico que ten\u00eda un chance para que me des bola. Todo lo que hice yo es de m\u00e1s, nunca hice de menos. Lo que hice fue una contenci\u00f3n&#8221;, coment\u00f3.<\/p>\n<p>Adem\u00e1s, Luque fue claro sobre las cr\u00edticas: &#8220;Que hablen las estupideces que est\u00e1n hablando, les aseguro que al que m\u00e1s le duele es a Diego. Era un paciente de alta, todo lo que se logr\u00f3 de ponerle una enfermera era de m\u00e1s, necesit\u00e1bamos el consentimiento de Diego. El alta neuroquir\u00fargica lo ten\u00eda. El resto son sugerencias y el paciente tiene que tener voluntad&#8221;.<\/p>\n<p>Sobre si existi\u00f3 alg\u00fan responsable de la muerte de Maradona dijo: &#8220;No s\u00e9 de qui\u00e9n es la responsabilidad. \u00c9l es un paciente en condiciones de alta. Deb\u00eda permanecer en una cl\u00ednica de rehabilitaci\u00f3n, pero \u00e9l se neg\u00f3. Logramos que tuviera una enfermera, pero \u00e9l se pod\u00eda ir caminando de la cl\u00ednica, nadie ten\u00eda que firmar&#8221;.<\/p>\n<p>Finalmente entre l\u00e1grimas afirm\u00f3: &#8220;Pienso muchas veces, me gustar\u00eda que \u00e9l est\u00e9 ac\u00e1. \u00bfReprocharme? No s\u00e9, \u00e9l quer\u00eda una vida que era mala, yo quer\u00eda acompa\u00f1arlo, lo saqu\u00e9 pelotear, no quer\u00eda, lo quise traer a mi casa. \u00c9l extra\u00f1aba mucho a los pap\u00e1s. Volver\u00eda a hacer todo esto, reprochar no me reprocho nada, estoy muy orgulloso de lo que hice por Diego y por su familia&#8221;.<\/p>\n","protected":false},"excerpt":{"rendered":"<p>Leopoldo Duque fue claro sobre la investigaci\u00f3n que hay en su contra por &#8220;homicidio culposo&#8221; Leopoldo Luque, el m\u00e9dico de cabecera del \u00eddolo deportivo Diego&hellip;<\/p>\n","protected":false},"author":99,"featured_media":0,"comment_status":"open","ping_status":"open","sticky":false,"template":"","format":"standard","meta":{"footnotes":""},"categories":[23],"tags":[],"class_list":["post-495032","post","type-post","status-publish","format-standard","hentry","category-latinoamerica"],"_links":{"self":[{"href":"https:\/\/diarioelpopular.com\/index.php\/wp-json\/wp\/v2\/posts\/495032","targetHints":{"allow":["GET"]}}],"collection":[{"href":"https:\/\/diarioelpopular.com\/index.php\/wp-json\/wp\/v2\/posts"}],"about":[{"href":"https:\/\/diarioelpopular.com\/index.php\/wp-json\/wp\/v2\/types\/post"}],"author":[{"embeddable":true,"href":"https:\/\/diarioelpopular.com\/index.php\/wp-json\/wp\/v2\/users\/99"}],"replies":[{"embeddable":true,"href":"https:\/\/diarioelpopular.com\/index.php\/wp-json\/wp\/v2\/comments?post=495032"}],"version-history":[{"count":1,"href":"https:\/\/diarioelpopular.com\/index.php\/wp-json\/wp\/v2\/posts\/495032\/revisions"}],"predecessor-version":[{"id":495034,"href":"https:\/\/diarioelpopular.com\/index.php\/wp-json\/wp\/v2\/posts\/495032\/revisions\/495034"}],"wp:attachment":[{"href":"https:\/\/diarioelpopular.com\/index.php\/wp-json\/wp\/v2\/media?parent=495032"}],"wp:term":[{"taxonomy":"category","embeddable":true,"href":"https:\/\/diarioelpopular.com\/index.php\/wp-json\/wp\/v2\/categories?post=495032"},{"taxonomy":"post_tag","embeddable":true,"href":"https:\/\/diarioelpopular.com\/index.php\/wp-json\/wp\/v2\/tags?post=495032"}],"curies":[{"name":"wp","href":"https:\/\/api.w.org\/{rel}","templated":true}]}}