{"id":495050,"date":"2020-12-01T12:46:04","date_gmt":"2020-12-01T16:46:04","guid":{"rendered":"https:\/\/diarioelpopular.com\/?p=495050"},"modified":"2020-12-01T12:46:04","modified_gmt":"2020-12-01T16:46:04","slug":"aerolineas-argentinas-y-austral-concretan-fusion","status":"publish","type":"post","link":"https:\/\/diarioelpopular.com\/index.php\/2020\/12\/01\/aerolineas-argentinas-y-austral-concretan-fusion\/","title":{"rendered":"Aerol\u00edneas Argentinas y Austral concretan fusi\u00f3n"},"content":{"rendered":"<div id=\"attachment_495051\" style=\"width: 160px\" class=\"wp-caption alignnone\"><img loading=\"lazy\" decoding=\"async\" aria-describedby=\"caption-attachment-495051\" class=\"size-thumbnail wp-image-495051\" src=\"https:\/\/diarioelpopular.com\/wp-content\/uploads\/2020\/12\/cf139764f9928ed62c7081c49f907574-150x150.jpg\" alt=\"\" width=\"150\" height=\"150\" \/><p id=\"caption-attachment-495051\" class=\"wp-caption-text\"><em>Aerol\u00edneas Argentinas (foto: ANSA)<\/em><\/p><\/div>\n<p><em><strong>BUENOS AIRES, 01 DIC<\/strong> <\/em>&#8211; Se concret\u00f3, finalmente, la fusi\u00f3n entre Aerol\u00edneas Argentinas y Austral, proceso que hab\u00eda comenzado en mayo pasado, en medio de la pandemia del coronavirus.<br \/>\nFuentes de Aerol\u00edneas explicaron que el objetivo del proceso es aportar eficiencia a la compa\u00f1\u00eda en sus distintas \u00e1reas, lograr un posicionamiento que permita afrontar las exigencias del mercado, conformar una estructura m\u00e1s din\u00e1mica y unificar e integrar los procesos para hacerlos m\u00e1s \u00e1giles.<br \/>\nPablo Ceriani, presidente de Aerol\u00edneas Argentinas, recibi\u00f3 de parte de Paola Tamburelli, titular de la Administraci\u00f3n Nacional de Aviaci\u00f3n Civil (ANAC), el certificado de explotaci\u00f3n que formaliza la fusi\u00f3n entre ambas compa\u00f1\u00edas, que desde hoy comienzan a operar sus vuelos bajo el mismo c\u00f3digo.<\/p>\n","protected":false},"excerpt":{"rendered":"<p>BUENOS AIRES, 01 DIC &#8211; Se concret\u00f3, finalmente, la fusi\u00f3n entre Aerol\u00edneas Argentinas y Austral, proceso que hab\u00eda comenzado en mayo pasado, en medio de&hellip;<\/p>\n","protected":false},"author":99,"featured_media":0,"comment_status":"open","ping_status":"open","sticky":false,"template":"","format":"standard","meta":{"footnotes":""},"categories":[23],"tags":[],"class_list":["post-495050","post","type-post","status-publish","format-standard","hentry","category-latinoamerica"],"_links":{"self":[{"href":"https:\/\/diarioelpopular.com\/index.php\/wp-json\/wp\/v2\/posts\/495050","targetHints":{"allow":["GET"]}}],"collection":[{"href":"https:\/\/diarioelpopular.com\/index.php\/wp-json\/wp\/v2\/posts"}],"about":[{"href":"https:\/\/diarioelpopular.com\/index.php\/wp-json\/wp\/v2\/types\/post"}],"author":[{"embeddable":true,"href":"https:\/\/diarioelpopular.com\/index.php\/wp-json\/wp\/v2\/users\/99"}],"replies":[{"embeddable":true,"href":"https:\/\/diarioelpopular.com\/index.php\/wp-json\/wp\/v2\/comments?post=495050"}],"version-history":[{"count":1,"href":"https:\/\/diarioelpopular.com\/index.php\/wp-json\/wp\/v2\/posts\/495050\/revisions"}],"predecessor-version":[{"id":495052,"href":"https:\/\/diarioelpopular.com\/index.php\/wp-json\/wp\/v2\/posts\/495050\/revisions\/495052"}],"wp:attachment":[{"href":"https:\/\/diarioelpopular.com\/index.php\/wp-json\/wp\/v2\/media?parent=495050"}],"wp:term":[{"taxonomy":"category","embeddable":true,"href":"https:\/\/diarioelpopular.com\/index.php\/wp-json\/wp\/v2\/categories?post=495050"},{"taxonomy":"post_tag","embeddable":true,"href":"https:\/\/diarioelpopular.com\/index.php\/wp-json\/wp\/v2\/tags?post=495050"}],"curies":[{"name":"wp","href":"https:\/\/api.w.org\/{rel}","templated":true}]}}