{"id":495085,"date":"2020-12-03T14:48:04","date_gmt":"2020-12-03T18:48:04","guid":{"rendered":"https:\/\/diarioelpopular.com\/?p=495085"},"modified":"2020-12-03T14:48:04","modified_gmt":"2020-12-03T18:48:04","slug":"de-covid-19-al-hambre","status":"publish","type":"post","link":"https:\/\/diarioelpopular.com\/index.php\/2020\/12\/03\/de-covid-19-al-hambre\/","title":{"rendered":"De Covid-19 al hambre"},"content":{"rendered":"<div id=\"attachment_495086\" style=\"width: 160px\" class=\"wp-caption alignnone\"><img loading=\"lazy\" decoding=\"async\" aria-describedby=\"caption-attachment-495086\" class=\"size-thumbnail wp-image-495086\" src=\"https:\/\/diarioelpopular.com\/wp-content\/uploads\/2020\/12\/58c0dccf45dd41675872f0ef5b20425f-150x150.jpg\" alt=\"\" width=\"150\" height=\"150\" \/><p id=\"caption-attachment-495086\" class=\"wp-caption-text\"><em>Los ni\u00f1os los m\u00e1s vulnerables. (foto: EPA)<\/em><\/p><\/div>\n<p><em><strong>SANTIAGO DEL CHILE, 03 DIC &#8211;<\/strong> <\/em>Una &#8220;pandemia del hambre&#8221; arriesga Am\u00e9rica Latina y el Caribe, de acuerdo al \u00faltimo informe de seguridad alimentaria 2020 elaborado por seis agencias de Naciones Unidas encabezadas por el Fondo de Alimentaci\u00f3n y Agricultura (FAO).<br \/>\nLa situaci\u00f3n, coincidieron, es dram\u00e1tica pues ya antes de la pandemia 48 millones de personas padec\u00edan hambre en la regi\u00f3n y ante la ca\u00edda de ingresos por las medidas sanitarias de restricci\u00f3n de movilidad, se ha reducido tambi\u00e9n la calidad de ingesta diaria de alimentos, &#8220;y esto afecta a los m\u00e1s vulnerables&#8221;, lament\u00f3 el director regional de FAO, Julio Berdegu\u00e9.<br \/>\nEn el enfoque de este a\u00f1o se muestra la desigualdad territorial de la malnutrici\u00f3n alertando sobre la grave situaci\u00f3n de las poblaciones rurales, de las mujeres, de los migrantes.<br \/>\nEl Panorama de la seguridad alimentaria y nutricional de Am\u00e9rica Latina y el Caribe 2020 analiza el sobrepeso infantil y el retraso en el crecimiento infantil en los pa\u00edses de la regi\u00f3n, e identifica los territorios altamente rezagados, es decir, que exhiben niveles significativamente superiores al promedio nacional.<br \/>\nSeg\u00fan el documento, el sobrepeso infantil en los territorios altamente rezagados de la regi\u00f3n es dos veces mayor que en los territorios sin rezago: 13,1% versus 6,6%. El retraso en el crecimiento infantil alcanza 27,6% en los territorios con alto rezago, y solo 11,9% en los no rezagados.<br \/>\n&#8220;Los promedios nacionales esconden las desigualdades territoriales&#8221;, advirti\u00f3 Berdegu\u00e9, a\u00f1adiendo que &#8220;en cada pa\u00eds tenemos lugares que han alcanzado muy buenos est\u00e1ndares, y otros donde las condiciones son muy graves. Es fundamental que los pa\u00edses enfoquen sus esfuerzos y canalicen recursos a los territorios rezagados, con soluciones a medida de cada uno de ellos&#8221;.<br \/>\n&#8220;Vamos a ver un fuerte aumento en las cifras del hambre y malnutrici\u00f3n, pues 2019 es el quinto a\u00f1o consecutivo en que 191 millones de latinoamericanos se vieron afectados por el hambre, es el 30% de la poblaci\u00f3n, cifra inaceptable e inexplicable&#8221;&#8221;, subray\u00f3 el representante de regional de la FAO.<br \/>\nEs tal el impacto de la crisis econ\u00f3mica a la que se vino a sumar la de la pandemia, &#8220;que podr\u00edamos estar retrocediendo tres d\u00e9cadas, una tragedia que confirma a Am\u00e9rica Latina y el Caribe como la regi\u00f3n m\u00e1s desigual&#8221;.<br \/>\nUno de cada cinco territorios analizados por el Panorama sufre rezago en ambos indicadores: territorios rurales, con altos niveles de pobreza y con alta presencia de poblaci\u00f3n ind\u00edgena y afrodescendiente.<br \/>\nEs la preocupaci\u00f3n de Berdegu\u00e9, quien clam\u00f3 por pol\u00edticas para territorios rezagados porque hay &#8220;104 millones de personas que no pueden pagar una dieta saludable, y no porque no haya comida sino por la clara desigualdad&#8221;. Miguel Barreto, director regional del Programa Mundial de Alimentos para Am\u00e9rica Latina y el Caribe, coincidi\u00f3 en la urgencia de que &#8220;los gobiernos de la regi\u00f3n ampl\u00eden sus redes de protecci\u00f3n social existentes e incrementen el gasto social para que sus beneficios lleguen a las personas m\u00e1s vulnerables afectadas por inseguridad alimentaria en una etapa de pandemia&#8221;.<br \/>\nSeg\u00fan el Panorama, en 23 pa\u00edses existen 142 territorios en los cuales el retraso en el crecimiento infantil es significativamente mayor que el promedio nacional: la diferencia entre los territorios altamente rezagados y no rezagados alcanza 48 puntos porcentuales en Panam\u00e1 y 34 en Guatemala, y es particularmente marcada en Belice, Colombia, Guyana y Honduras.<br \/>\nEl retraso en el crecimiento infantil se presenta de forma desproporcionadamente alta en territorios rurales, con menor acceso a servicios, mercados laborales predominantemente informales, con altos niveles de pobreza y bajos niveles de escolaridad.<br \/>\nLa otra cara de la medalla es el sobrepeso infantil que sigue aumentando. &#8220;El sobrepeso en menores de cinco a\u00f1os afect\u00f3 en 2019 al 7,5% de la poblaci\u00f3n infantil de la regi\u00f3n, por encima del promedio mundial, de 5,6%. El informe identific\u00f3 141 territorios rezagados por sobrepeso infantil en 22 pa\u00edses de la regi\u00f3n -a diferencia de la malnutrici\u00f3n y el retraso del crecimiento en el mundo rural- este fen\u00f3meno afect\u00f3 m\u00e1s a las grandes ciudades y las capitales de cada pa\u00eds.<br \/>\nLos pa\u00edses con las mayores diferencias promedio entre sus territorios con alto rezago y sin rezago son Jamaica (17,5 puntos porcentuales), Guyana (14,7 puntos porcentuales), Panam\u00e1 (14 puntos porcentuales), Bolivia (12,7 puntos porcentuales) y Per\u00fa (10 puntos porcentuales). El Panorama es una publicaci\u00f3n conjunta de la Organizaci\u00f3n de las Naciones Unidas para la Alimentaci\u00f3n y la Agricultura (FAO); el Fondo Internacional de Desarrollo Agr\u00edcola (FIDA); la Organizaci\u00f3n Panamericana de la Salud \/ Organizaci\u00f3n Mundial de la Salud (OPS\/OMS); el Fondo de las Naciones Unidas para la Infancia (UNICEF) y el Programa Mundial de Alimentos de las Naciones Unidas (WFP).<\/p>\n","protected":false},"excerpt":{"rendered":"<p>SANTIAGO DEL CHILE, 03 DIC &#8211; Una &#8220;pandemia del hambre&#8221; arriesga Am\u00e9rica Latina y el Caribe, de acuerdo al \u00faltimo informe de seguridad alimentaria 2020&hellip;<\/p>\n","protected":false},"author":99,"featured_media":0,"comment_status":"open","ping_status":"open","sticky":false,"template":"","format":"standard","meta":{"footnotes":""},"categories":[23],"tags":[],"class_list":["post-495085","post","type-post","status-publish","format-standard","hentry","category-latinoamerica"],"_links":{"self":[{"href":"https:\/\/diarioelpopular.com\/index.php\/wp-json\/wp\/v2\/posts\/495085","targetHints":{"allow":["GET"]}}],"collection":[{"href":"https:\/\/diarioelpopular.com\/index.php\/wp-json\/wp\/v2\/posts"}],"about":[{"href":"https:\/\/diarioelpopular.com\/index.php\/wp-json\/wp\/v2\/types\/post"}],"author":[{"embeddable":true,"href":"https:\/\/diarioelpopular.com\/index.php\/wp-json\/wp\/v2\/users\/99"}],"replies":[{"embeddable":true,"href":"https:\/\/diarioelpopular.com\/index.php\/wp-json\/wp\/v2\/comments?post=495085"}],"version-history":[{"count":1,"href":"https:\/\/diarioelpopular.com\/index.php\/wp-json\/wp\/v2\/posts\/495085\/revisions"}],"predecessor-version":[{"id":495087,"href":"https:\/\/diarioelpopular.com\/index.php\/wp-json\/wp\/v2\/posts\/495085\/revisions\/495087"}],"wp:attachment":[{"href":"https:\/\/diarioelpopular.com\/index.php\/wp-json\/wp\/v2\/media?parent=495085"}],"wp:term":[{"taxonomy":"category","embeddable":true,"href":"https:\/\/diarioelpopular.com\/index.php\/wp-json\/wp\/v2\/categories?post=495085"},{"taxonomy":"post_tag","embeddable":true,"href":"https:\/\/diarioelpopular.com\/index.php\/wp-json\/wp\/v2\/tags?post=495085"}],"curies":[{"name":"wp","href":"https:\/\/api.w.org\/{rel}","templated":true}]}}