{"id":495103,"date":"2020-12-04T17:21:27","date_gmt":"2020-12-04T21:21:27","guid":{"rendered":"https:\/\/diarioelpopular.com\/?p=495103"},"modified":"2020-12-04T17:21:27","modified_gmt":"2020-12-04T21:21:27","slug":"la-pobreza-alcanza-al-44-2-de-la-poblacion","status":"publish","type":"post","link":"https:\/\/diarioelpopular.com\/index.php\/2020\/12\/04\/la-pobreza-alcanza-al-44-2-de-la-poblacion\/","title":{"rendered":"La pobreza alcanza al 44,2% de la poblaci\u00f3n"},"content":{"rendered":"<div id=\"attachment_495104\" style=\"width: 160px\" class=\"wp-caption alignnone\"><img loading=\"lazy\" decoding=\"async\" aria-describedby=\"caption-attachment-495104\" class=\"size-thumbnail wp-image-495104\" src=\"https:\/\/diarioelpopular.com\/wp-content\/uploads\/2020\/12\/7fca12163d0eef56f0c757609895f4f8-150x150.jpg\" alt=\"\" width=\"150\" height=\"150\" \/><p id=\"caption-attachment-495104\" class=\"wp-caption-text\"><em>Un 3,4% m\u00e1s de pobreza, respecto al a\u00f1o pasado. (foto: ANSA)<\/em><\/p><\/div>\n<h4><em><strong>En el tercer trimestre de 2020, 3,4%+ respecto de 2019<\/strong><\/em><\/h4>\n<p><strong><em>BUENOS AIRES, 04 DIC &#8211;<\/em><\/strong> La pobreza alcanz\u00f3 en Argentina, al t\u00e9rmino del tercer trimestre de 2020, al 34,9% de las familias y al 44, 2% de la poblaci\u00f3n, lo que se traduce en un aumento del 2,2% y del 3,4% respectivamente, respecto del mismo per\u00edodo de 2019.<br \/>\nLos datos surgen de un reporte del Observatorio Social de la Universidad Cat\u00f3lica Argentina (UCA).<br \/>\n&#8220;Por la crisis del Covid-19 la capacidad monetaria de las familias argentinas registraron un empeoramiento brusco y pronunciado, con efecto regresivo sobre la pobreza y la indigencia&#8221;, indica el informe. Agrega que &#8220;el nuevo escenario paraliz\u00f3 todav\u00eda m\u00e1s las inversiones, los consumos y la disponibilidad de puestos de trabajo en la econom\u00eda formal, fren\u00f3 al mismo tiempo toda reactivaci\u00f3n y da\u00f1\u00f3, en particular, a la peque\u00f1a y mediana empresa y profundiz\u00f3 la relaci\u00f3n entre informalidad econ\u00f3mica, pobreza y exclusi\u00f3n social&#8221;.<br \/>\nSeg\u00fan los datos de la investigaci\u00f3n de la deuda social argentina, en el tercer trimestre de 2020, el 7,3% de las familias y el 10,1% de las personas estaban en la indigencia, los porcentajes m\u00e1s elevados de la d\u00e9cada.<br \/>\nAl respecto, el director del Observatorio Social de la UCA, Agust\u00edn Salvia, dijo a la agencia T\u00e9lam que &#8220;sin el Subsidio Universal por Hijo (AUH), el Ingreso Familiar de Emergencia (IFE), la tarjeta alimentaria y el resto de los subsidios otorgados por el gobierno, la indigencia hubiese sido el doble y la pobreza hubiese escalado al 53%&#8221;.<br \/>\nSalvia sostuvo que &#8220;es necesario un crecimiento econ\u00f3mico y un pacto econ\u00f3mico-social para crear ocupaci\u00f3n porque de otro modo no habr\u00e1 ninguna posibilidad de salir de la pobreza&#8221;.<\/p>\n","protected":false},"excerpt":{"rendered":"<p>En el tercer trimestre de 2020, 3,4%+ respecto de 2019 BUENOS AIRES, 04 DIC &#8211; La pobreza alcanz\u00f3 en Argentina, al t\u00e9rmino del tercer trimestre&hellip;<\/p>\n","protected":false},"author":99,"featured_media":0,"comment_status":"open","ping_status":"open","sticky":false,"template":"","format":"standard","meta":{"footnotes":""},"categories":[23],"tags":[],"class_list":["post-495103","post","type-post","status-publish","format-standard","hentry","category-latinoamerica"],"_links":{"self":[{"href":"https:\/\/diarioelpopular.com\/index.php\/wp-json\/wp\/v2\/posts\/495103","targetHints":{"allow":["GET"]}}],"collection":[{"href":"https:\/\/diarioelpopular.com\/index.php\/wp-json\/wp\/v2\/posts"}],"about":[{"href":"https:\/\/diarioelpopular.com\/index.php\/wp-json\/wp\/v2\/types\/post"}],"author":[{"embeddable":true,"href":"https:\/\/diarioelpopular.com\/index.php\/wp-json\/wp\/v2\/users\/99"}],"replies":[{"embeddable":true,"href":"https:\/\/diarioelpopular.com\/index.php\/wp-json\/wp\/v2\/comments?post=495103"}],"version-history":[{"count":1,"href":"https:\/\/diarioelpopular.com\/index.php\/wp-json\/wp\/v2\/posts\/495103\/revisions"}],"predecessor-version":[{"id":495105,"href":"https:\/\/diarioelpopular.com\/index.php\/wp-json\/wp\/v2\/posts\/495103\/revisions\/495105"}],"wp:attachment":[{"href":"https:\/\/diarioelpopular.com\/index.php\/wp-json\/wp\/v2\/media?parent=495103"}],"wp:term":[{"taxonomy":"category","embeddable":true,"href":"https:\/\/diarioelpopular.com\/index.php\/wp-json\/wp\/v2\/categories?post=495103"},{"taxonomy":"post_tag","embeddable":true,"href":"https:\/\/diarioelpopular.com\/index.php\/wp-json\/wp\/v2\/tags?post=495103"}],"curies":[{"name":"wp","href":"https:\/\/api.w.org\/{rel}","templated":true}]}}