{"id":495116,"date":"2020-12-06T13:44:32","date_gmt":"2020-12-06T17:44:32","guid":{"rendered":"https:\/\/diarioelpopular.com\/?p=495116"},"modified":"2020-12-06T13:44:32","modified_gmt":"2020-12-06T17:44:32","slug":"mas-de-1-900-nuevos-casos-este-domingo-estableciendo-un-record-por-segundo-dia-consecutivo","status":"publish","type":"post","link":"https:\/\/diarioelpopular.com\/index.php\/2020\/12\/06\/mas-de-1-900-nuevos-casos-este-domingo-estableciendo-un-record-por-segundo-dia-consecutivo\/","title":{"rendered":"M\u00e1s de 1.900 nuevos casos este domingo, estableciendo un r\u00e9cord por segundo d\u00eda consecutivo"},"content":{"rendered":"<p><img loading=\"lazy\" decoding=\"async\" class=\"alignnone size-medium wp-image-495118\" src=\"https:\/\/diarioelpopular.com\/wp-content\/uploads\/2020\/12\/Screen-Shot-2020-12-06-at-12.33.43-PM-300x164.png\" alt=\"\" width=\"300\" height=\"164\" \/><\/p>\n<p><em>Actualizado domingo 6 de diciembre de 2020 11:03 a.m.<\/em><\/p>\n<h4><em><strong>&#8211; Ontario inform\u00f3 este domingo 1.924 nuevos casos del nuevo coronavirus, lo que eleva el n\u00famero total de casos en la provincia a 127.309.<\/strong><\/em><\/h4>\n<h4><em>&#8211; Pacientes con demencia toman camas psiqui\u00e1tricas de Ontario que no se adaptan a su cuidado, dicen los expertos<\/em><\/h4>\n<p><em><strong>TORONTO.-<\/strong> <\/em>Este es el mayor aumento de casos en un solo d\u00eda hasta la fecha en la provincia, superando el r\u00e9cord anterior establecido el s\u00e1bado en 1.859.<\/p>\n<p>\u201cA nivel local, hay 568 casos nuevos en Toronto, 477 en Peel y 249 en la regi\u00f3n de York\u201d, dijo la ministra de Salud, Christine Elliott.<\/p>\n<p>\u201cHay 1.574 casos m\u00e1s resueltos\u201d.<\/p>\n<p>Se considera resuelto un total de 107.990 casos, lo que representa el 84,8% de todos los casos confirmados.<\/p>\n<p>El domingo se informaron quince muertes m\u00e1s, lo que eleva el n\u00famero de fallecimientos en la provincia a 3.772.<\/p>\n<p>Se completaron m\u00e1s de 59.200 pruebas adicionales, lo que se encuentra entre los m\u00e1ximos hist\u00f3ricos. Ontario ha completado un total de 6.581.306 pruebas, mientras que 47.850 siguen bajo investigaci\u00f3n.<\/p>\n<p>La provincia indic\u00f3 que la tasa de positividad de la prueba para el \u00faltimo d\u00eda es del 3,9 por ciento.<\/p>\n<p>Las cifras recientemente informadas son v\u00e1lidas a partir del s\u00e1bado por la tarde.<\/p>\n<p>Hay 701 personas hospitalizadas con el virus (disminuy\u00f3 en ocho), 204 en cuidados intensivos (aumentaron en dos) y 109 en un ventilador (disminuyeron en siete).<\/p>\n<p>La provincia se\u00f1ala que no todos los hospitales informaron el estado de los pacientes para el 4 de diciembre, como suele ser el caso los fines de semana, lo que posiblemente provoque que el n\u00famero de hospitalizaciones informado sea menor de lo que realmente es.<\/p>\n<p>A continuaci\u00f3n, se muestra un desglose de los casos de Ontario por edad y sexo:<\/p>\n<p>62.141 personas son hombres<br \/>\n64,405 personas son mujeres<br \/>\n15,561 personas tienen 19 a\u00f1os o menos<br \/>\n46,610 personas tienen entre 20 y 39 a\u00f1os<br \/>\n36,461 personas tienen entre 40 y 59 a\u00f1os<br \/>\n18,379 personas tienen 60 a 79<br \/>\n10,280 personas tienen 80 a\u00f1os o m\u00e1s<\/p>\n<p>La provincia se\u00f1ala que no todos los casos tienen una edad o sexo reportados.<\/p>\n<p>La provincia tambi\u00e9n se\u00f1ala que la cantidad de casos notificados p\u00fablicamente cada d\u00eda puede no coincidir con los recuentos de casos notificados por la unidad de salud p\u00fablica local en un d\u00eda determinado. Las unidades de salud p\u00fablica locales informan cu\u00e1ndo se les notific\u00f3 por primera vez de un caso, que puede actualizarse y cambiarse a medida que la informaci\u00f3n est\u00e9 disponible. Los datos tambi\u00e9n se pueden extraer en diferentes momentos.<\/p>\n<p>Seg\u00fan el Ministerio de Cuidados a Largo Plazo, se han reportado 2293 muertes entre residentes y pacientes en hogares de cuidados a largo plazo en Ontario, lo que representa un aumento de 23. Actualmente hay 111 brotes en hogares de cuidados a largo plazo, que es un aumento de cuatro.<\/p>\n<p>Hay 686 casos activos entre los residentes de cuidados a largo plazo y 568 entre el personal.<\/p>\n<p>Los funcionarios han dicho que puede haber una discrepancia entre las muertes generales y las muertes en los hogares de cuidados a largo plazo debido a c\u00f3mo el sistema de base de datos de salud de la provincia est\u00e1 rastreando los datos y c\u00f3mo el Ministerio de Cuidados a Largo Plazo est\u00e1 rastreando los datos.<\/p>\n<p>&nbsp;<\/p>\n<h4><em>Pacientes con demencia toman camas psiqui\u00e1tricas de Ontario que no se adaptan a su cuidado, dicen los expertos<\/em><\/h4>\n<p><img loading=\"lazy\" decoding=\"async\" class=\"alignnone size-medium wp-image-495117\" src=\"https:\/\/diarioelpopular.com\/wp-content\/uploads\/2020\/12\/Screen-Shot-2020-12-06-at-12.37.31-PM-300x178.png\" alt=\"\" width=\"300\" height=\"178\" \/><\/p>\n<p>Los investigadores de salud mental est\u00e1n haciendo sonar la alarma por un creciente cuerpo de datos que sugieren que los pacientes con demencia en Ontario son asignados cada vez m\u00e1s a escasas camas de atenci\u00f3n m\u00e9dica reservadas aparentemente para pacientes psiqui\u00e1tricos.<\/p>\n<p>Los expertos m\u00e9dicos describen la tendencia como preocupante, y se\u00f1alan que tales movimientos amenazan con sobrecargar a un sistema de salud mental que lucha por brindar una atenci\u00f3n psiqui\u00e1trica adecuada en el mejor de los casos.<\/p>\n<p>Los pacientes con demencia ocupan actualmente un tercio de las camas psiqui\u00e1tricas en los hospitales de Ontario, seg\u00fan datos del Instituto Canadiense de Informaci\u00f3n de Salud, en parte porque las camas de hospital tradicionales y los hogares de cuidados a largo plazo tambi\u00e9n est\u00e1n llenos.<\/p>\n<p>Los expertos advierten que esta configuraci\u00f3n pone en riesgo la salud de los pacientes con demencia, que pueden verse confinados a unidades que no se adaptan a sus necesidades y recibir un tratamiento que puede hacer m\u00e1s da\u00f1o que bien.<\/p>\n<p>&#8220;Nunca he visto a una persona regresar de una admisi\u00f3n psiqui\u00e1trica con demencia que no tuviera al menos otro f\u00e1rmaco psicotr\u00f3pico importante agregado o aumentado&#8221;, dijo el Dr. Allen Power del Instituto de Investigaci\u00f3n para el Envejecimiento de la Universidad de Waterloo.<\/p>\n<p>Power dijo que los pacientes con demencia corren el riesgo de sufrir efectos secundarios graves de esos medicamentos, que a veces se usan como &#8220;restricciones qu\u00edmicas&#8221;. Los posibles efectos secundarios podr\u00edan incluir un mayor riesgo de ca\u00eddas, derrames cerebrales y muerte, agreg\u00f3.<\/p>\n<p>&#8220;No creo que las admisiones psiqui\u00e1tricas sean \u00fatiles m\u00e1s que tomar una situaci\u00f3n peligrosa y calmarla por un tiempo breve&#8221;, dijo Power. &#8220;No creo que sea \u00fatil a largo plazo&#8221;.<\/p>\n<p>Aun as\u00ed, las admisiones psiqui\u00e1tricas de personas con demencia se han m\u00e1s que duplicado en los \u00faltimos 10 a\u00f1os a medida que la prevalencia de la demencia ha aumentado en la poblaci\u00f3n que envejece en Ontario.<\/p>\n<p>Y se espera que la crisis, que seg\u00fan los datos ya le cuesta a la provincia alrededor de $ 300 millones al a\u00f1o, empeore debido a la reducci\u00f3n de camas disponibles durante la pandemia de COVID-19, as\u00ed como al n\u00famero creciente de residentes que viven con demencia.<\/p>\n<p>Estos pacientes ya pasan demasiado tiempo en salas psiqui\u00e1tricas mientras esperan un lugar en un hogar de cuidados a largo plazo, dijo el Dr. Sachin Sarin, psiquiatra de urgencias y pacientes hospitalizados agudos en una unidad de salud mental en St. Catharines, Ontario. .<\/p>\n<p>Sarin dijo que los tiempos de espera pueden extenderse m\u00e1s all\u00e1 de uno o incluso dos a\u00f1os a pesar de que las cifras de Health Quality Ontario fijan la espera mediana provincial en 90 d\u00edas.<\/p>\n<p>Se prev\u00e9 que estos intervalos aumenten a medida que el n\u00famero de personas que viven con demencia en Ontario se duplique para 2038, seg\u00fan un documento elaborado en 2016 por el Ministerio de Salud y Atenci\u00f3n a Largo Plazo del antiguo gobierno liberal.<\/p>\n<p>Mientras tanto, la Ontario Long Term Care Association advierte que las medidas provinciales introducidas para reducir la propagaci\u00f3n del COVID-19 en los hogares de ancianos reducen inmediatamente la cantidad de camas disponibles, como una directiva que impide que las instalaciones agrupen a nuevos residentes en habitaciones de tres o m\u00e1s personas. cuatro.<\/p>\n<p>Sarin dijo que eso plantea un problema cuando los pacientes con demencia ya no necesitan atenci\u00f3n psiqui\u00e1trica.<\/p>\n<p>&#8220;No hay ning\u00fan lugar al que puedan ir&#8221;, dijo.<\/p>\n<p>Meses despu\u00e9s de la pandemia mundial, las necesidades generales de salud mental tambi\u00e9n est\u00e1n aumentando, dijo Sarin.<\/p>\n<p>Dijo que est\u00e1 tratando a m\u00e1s personas en crisis con enfermedades mentales graves que retrasaron la b\u00fasqueda de atenci\u00f3n o que hab\u00edan reducido los apoyos para pacientes ambulatorios como resultado de la pandemia, dijo. Teme que las camas psiqui\u00e1tricas especializadas no estar\u00e1n disponibles cuando sean necesarias para problemas urgentes de salud mental, como psicosis aguda, intento de suicidio o depresi\u00f3n significativa.<\/p>\n<p>El mismo hecho de que un paciente con demencia haya estado en atenci\u00f3n psiqui\u00e1trica podr\u00eda afectar su capacidad para obtener una cama de atenci\u00f3n a largo plazo, dijo John Hirdes, profesor de la Universidad de Waterloo que estudia la prestaci\u00f3n de atenci\u00f3n m\u00e9dica en geriatr\u00eda y psiquiatr\u00eda.<\/p>\n<p>Dijo que a los pacientes con demencia que han pasado tiempo en un pabell\u00f3n psiqui\u00e1trico se les puede negar m\u00e1s adelante una cama de atenci\u00f3n a largo plazo sobre la base de su historial m\u00e9dico anterior.<\/p>\n<p>&#8220;Si se trata de un problema de comportamiento y una persona mayor, creo que todav\u00eda hay un estigma asociado a eso&#8221;, dijo.<\/p>\n<p>Quiere ver mejores recursos de salud mental en los asilos de ancianos para que los residentes no sean estigmatizados por haber estado en atenci\u00f3n psiqui\u00e1trica.<\/p>\n<p>Algunos hospitales especializados, como Ontario Shores en Whitby, Ontario, y Baycrest Centre en Toronto, han creado unidades para abordar la crisis.<\/p>\n<p>Pero el n\u00famero total de camas es limitado, se concentra en \u00e1reas urbanas y no existe en todas las comunidades.<\/p>\n<p>Un representante del Ministerio de Salud de Ontario, por su parte, dijo que si bien el departamento financia y regula los hospitales, &#8220;no desempe\u00f1a un papel directo en la gobernanza o la gesti\u00f3n de los hospitales&#8221;.<\/p>\n<p>\u201cSi bien es importante para el Ministerio recibir retroalimentaci\u00f3n sobre las experiencias en el sistema de salud, los administradores de los hospitales son responsables de la gesti\u00f3n diaria de sus hospitales, incluida la prestaci\u00f3n de servicios y la implementaci\u00f3n de programas &#8230; dentro de los par\u00e1metros de la provincia. legislaci\u00f3n \u201d, dijo Anna Miller en una declaraci\u00f3n escrita.<\/p>\n","protected":false},"excerpt":{"rendered":"<p>Actualizado domingo 6 de diciembre de 2020 11:03 a.m. &#8211; Ontario inform\u00f3 este domingo 1.924 nuevos casos del nuevo coronavirus, lo que eleva el n\u00famero&hellip;<\/p>\n","protected":false},"author":99,"featured_media":0,"comment_status":"open","ping_status":"open","sticky":false,"template":"","format":"standard","meta":{"footnotes":""},"categories":[21,11191],"tags":[],"class_list":["post-495116","post","type-post","status-publish","format-standard","hentry","category-canada","category-top-news"],"_links":{"self":[{"href":"https:\/\/diarioelpopular.com\/index.php\/wp-json\/wp\/v2\/posts\/495116","targetHints":{"allow":["GET"]}}],"collection":[{"href":"https:\/\/diarioelpopular.com\/index.php\/wp-json\/wp\/v2\/posts"}],"about":[{"href":"https:\/\/diarioelpopular.com\/index.php\/wp-json\/wp\/v2\/types\/post"}],"author":[{"embeddable":true,"href":"https:\/\/diarioelpopular.com\/index.php\/wp-json\/wp\/v2\/users\/99"}],"replies":[{"embeddable":true,"href":"https:\/\/diarioelpopular.com\/index.php\/wp-json\/wp\/v2\/comments?post=495116"}],"version-history":[{"count":1,"href":"https:\/\/diarioelpopular.com\/index.php\/wp-json\/wp\/v2\/posts\/495116\/revisions"}],"predecessor-version":[{"id":495119,"href":"https:\/\/diarioelpopular.com\/index.php\/wp-json\/wp\/v2\/posts\/495116\/revisions\/495119"}],"wp:attachment":[{"href":"https:\/\/diarioelpopular.com\/index.php\/wp-json\/wp\/v2\/media?parent=495116"}],"wp:term":[{"taxonomy":"category","embeddable":true,"href":"https:\/\/diarioelpopular.com\/index.php\/wp-json\/wp\/v2\/categories?post=495116"},{"taxonomy":"post_tag","embeddable":true,"href":"https:\/\/diarioelpopular.com\/index.php\/wp-json\/wp\/v2\/tags?post=495116"}],"curies":[{"name":"wp","href":"https:\/\/api.w.org\/{rel}","templated":true}]}}