{"id":495121,"date":"2020-12-06T13:49:34","date_gmt":"2020-12-06T17:49:34","guid":{"rendered":"https:\/\/diarioelpopular.com\/?p=495121"},"modified":"2020-12-06T13:49:34","modified_gmt":"2020-12-06T17:49:34","slug":"fallecio-el-expresidente-tabare-vazquez","status":"publish","type":"post","link":"https:\/\/diarioelpopular.com\/index.php\/2020\/12\/06\/fallecio-el-expresidente-tabare-vazquez\/","title":{"rendered":"Falleci\u00f3 el expresidente Tabar\u00e9 V\u00e1zquez"},"content":{"rendered":"<div id=\"attachment_495122\" style=\"width: 310px\" class=\"wp-caption alignnone\"><img loading=\"lazy\" decoding=\"async\" aria-describedby=\"caption-attachment-495122\" class=\"size-medium wp-image-495122\" src=\"https:\/\/diarioelpopular.com\/wp-content\/uploads\/2020\/12\/236a18b2ef04f85bc83b3b434238e653-300x205.jpg\" alt=\"\" width=\"300\" height=\"205\" \/><p id=\"caption-attachment-495122\" class=\"wp-caption-text\"><em>Muri\u00f3 Tabar\u00e9 Vazquez, primer presidente de izquierda de Uruguay (foto: ANSA)<\/em><\/p><\/div>\n<h4><em><strong>Ten\u00eda 80 a\u00f1os y padec\u00eda c\u00e1ncer. Luch\u00f3 contra las tabacaleras<\/strong><\/em><\/h4>\n<p><em><strong>MONTEVIDEO, 06 DIC &#8211;<\/strong> <\/em>El expresidente de Uruguay Tabar\u00e9 V\u00e1zquez falleci\u00f3 esta madrugada a los 80 a\u00f1os, v\u00edctima de un c\u00e1ncer al pulm\u00f3n que se le hab\u00eda diagnosticado en agosto de 2019 cuando todav\u00eda ejerc\u00eda su segunda presidencia y ser\u00e1 recordado como un palad\u00edan de la lucha contra las tabacaleras en Latinoam\u00e9rica.<br \/>\nV\u00e1zquez, que era m\u00e9dico onc\u00f3logo de profesi\u00f3n, fue el primer presidente de izquierda en la historia de Uruguay, pa\u00eds que lider\u00f3 durante dos mandatos representando al Frente Amplio (2005-2010 y 2015-2020).<br \/>\nCon su resonante victoria electoral en 2004, el dirigente del Frente Amplio rompi\u00f3 la hegemon\u00eda de las fuerzas pol\u00edticas tradicionales del pa\u00eds, el Partido Colorado y el Partido Nacional.<br \/>\nDesde su llegada a la presidencia inici\u00f3 una pelea frontal contra el consumo de tabaco que lo enfrent\u00f3 en un juicio del que sali\u00f3 airoso contra Philips Morris International, una de las multinacionales m\u00e1s poderosas del mundo.<br \/>\nA trav\u00e9s del decreto 268\/05, cristalizado en la campa\u00f1a conocida como &#8220;un mill\u00f3n de gracias&#8221;, Tabar\u00e9 estableci\u00f3 la prohibici\u00f3n de fumar en todo local cerrado de uso p\u00fablico y toda \u00e1rea laboral, ya sea en la \u00f3rbita p\u00fablica o privada.<br \/>\nA su vez, se prohibi\u00f3 todo tipo de publicidad en los medios de comunicaci\u00f3n que incite al consumo de tabaco.<br \/>\nLa medida tambi\u00e9n oblig\u00f3 a las empresas tabacaleras a imprimir en las cajillas de cigarrillos fuertes advertencias con im\u00e1genes y mensajes impactantes que adviertan los posibles efectos que produce el tabaco en el organismo.<br \/>\nEstas im\u00e1genes y mensajes deben ocupar un 50% del total del espacio del envoltorio. Tambi\u00e9n se les prohibi\u00f3 a las empresas usar en sus cajas t\u00e9rminos como: &#8220;bajo contenido de alquitr\u00e1n&#8221;, light&#8221;, &#8220;ultralight&#8221; o &#8220;suaves&#8221;.<br \/>\nAs\u00ed, Uruguay fue el primer pa\u00eds de Am\u00e9rica en poner en vigencia una medida de este tipo, y el s\u00e9ptimo a nivel mundial.<br \/>\nSus dos padres y uno de sus hermanos hab\u00edan fallecido de c\u00e1ncer y seguramente eso condicion\u00f3 ese combate.<br \/>\nSu muerte la confirm\u00f3 hoy la familia V\u00e1zquez Delgado, que emiti\u00f3 un comunicado oficial en el que aclar\u00f3 que no habr\u00e1 velatorio p\u00fablico debido a la emergencia sanitaria por la pandemia de Covid-19.<br \/>\n&#8220;Con profundo dolor comunicamos el fallecimiento de nuestro querido padre el doctor Tabar\u00e9 V\u00e1zquez, a la hora 3:00 por causas naturales de su enfermedad oncol\u00f3gica. Dada la Emergencia Sanitaria a causa del Covid 19, teniendo en cuenta las medidas establecidas y\/o sugeridas por el Gobierno Nacional y el Gobierno Departamental de Montevideo, y consecuentes con la permanente preocupaci\u00f3n de nuestro padre por la salud de todos los uruguayos, expresamos la voluntad de nuestra familia con respecto a los actos de su despedida&#8221;, reza el comunicado.<br \/>\n&#8220;Tengo la esperanza y el deseo de poder poner la banda presidencial al pr\u00f3ximo presidente de la Rep\u00fablica&#8221;, hab\u00eda dicho V\u00e1zquez el 27 de octubre de 2019 al ir a votar. De alguna forma V\u00e1zquez hab\u00eda querido esbozar la pelea que estaba librando contra el c\u00e1ncer de pulm\u00f3n que le hab\u00edan diagnosticado en agosto de ese a\u00f1o, luego del fallecimiento de su esposa Mar\u00eda Auxiliadora Delgado.<br \/>\nEn septiembre hab\u00eda culminado con \u00e9xito la radioterapia con radiocirug\u00eda que le realizaron para tratar de combatir el n\u00f3dulo pulmonar maligno e ingresaba en una etapa de evaluaci\u00f3n.<br \/>\nEn medio de la pandemia del coronavirus V\u00e1zquez tuvo escasas apariciones p\u00fablicas, aunque se mantuvo activo pol\u00edticamente dentro de la interna del Frente Amplio con una \u00faltima participaci\u00f3n en el Plenario del Frente Amplio en octubre pasado y un encuentro d\u00edas atr\u00e1s junto a Jos\u00e9 Muijca y Luc\u00eda Topolansky en su casa en la que informaron su visto bueno para que Marcos Car\u00e1mbula presidiera el Frente Amplio.<br \/>\nNo obstante, en las \u00faltimas semanas hab\u00eda tenido una reca\u00edda.<br \/>\n&#8220;Quiero que me recuerden como un presidente serio y responsable&#8221;, hab\u00eda dicho en el programa de TV &#8220;El Legado&#8221; emitido el domingo 29 de noviembre.<br \/>\nEl cuerpo de V\u00e1zquez ser\u00e1 sepultado en el Cementerio de La Teja en una ceremonia \u00edntima y reservada para hijos y nietos.<br \/>\n&#8220;Exhortamos a la poblaci\u00f3n a acompa\u00f1arnos estos actos desde sus hogares a traves de la cobertura period\u00edstica&#8221;, indic\u00f3 el comunicado de la familia.<br \/>\nPero, el Frente Amplio llam\u00f3 a la militancia a despedirlo.<br \/>\n&#8220;La caravana se detendr\u00e1 cuadras antes de llegar al cementerio y lo despediremos haciendo sonar las bocinas sin bajar de los veh\u00edculos. Al cementerio entrar\u00e1n \u00fanicamente las y los familiares y prensa gr\u00e1fica&#8221;.<\/p>\n","protected":false},"excerpt":{"rendered":"<p>Ten\u00eda 80 a\u00f1os y padec\u00eda c\u00e1ncer. Luch\u00f3 contra las tabacaleras MONTEVIDEO, 06 DIC &#8211; El expresidente de Uruguay Tabar\u00e9 V\u00e1zquez falleci\u00f3 esta madrugada a los&hellip;<\/p>\n","protected":false},"author":99,"featured_media":0,"comment_status":"open","ping_status":"open","sticky":false,"template":"","format":"standard","meta":{"footnotes":""},"categories":[23],"tags":[],"class_list":["post-495121","post","type-post","status-publish","format-standard","hentry","category-latinoamerica"],"_links":{"self":[{"href":"https:\/\/diarioelpopular.com\/index.php\/wp-json\/wp\/v2\/posts\/495121","targetHints":{"allow":["GET"]}}],"collection":[{"href":"https:\/\/diarioelpopular.com\/index.php\/wp-json\/wp\/v2\/posts"}],"about":[{"href":"https:\/\/diarioelpopular.com\/index.php\/wp-json\/wp\/v2\/types\/post"}],"author":[{"embeddable":true,"href":"https:\/\/diarioelpopular.com\/index.php\/wp-json\/wp\/v2\/users\/99"}],"replies":[{"embeddable":true,"href":"https:\/\/diarioelpopular.com\/index.php\/wp-json\/wp\/v2\/comments?post=495121"}],"version-history":[{"count":1,"href":"https:\/\/diarioelpopular.com\/index.php\/wp-json\/wp\/v2\/posts\/495121\/revisions"}],"predecessor-version":[{"id":495123,"href":"https:\/\/diarioelpopular.com\/index.php\/wp-json\/wp\/v2\/posts\/495121\/revisions\/495123"}],"wp:attachment":[{"href":"https:\/\/diarioelpopular.com\/index.php\/wp-json\/wp\/v2\/media?parent=495121"}],"wp:term":[{"taxonomy":"category","embeddable":true,"href":"https:\/\/diarioelpopular.com\/index.php\/wp-json\/wp\/v2\/categories?post=495121"},{"taxonomy":"post_tag","embeddable":true,"href":"https:\/\/diarioelpopular.com\/index.php\/wp-json\/wp\/v2\/tags?post=495121"}],"curies":[{"name":"wp","href":"https:\/\/api.w.org\/{rel}","templated":true}]}}