{"id":495142,"date":"2020-12-08T11:16:33","date_gmt":"2020-12-08T15:16:33","guid":{"rendered":"https:\/\/diarioelpopular.com\/?p=495142"},"modified":"2020-12-08T11:16:33","modified_gmt":"2020-12-08T15:16:33","slug":"dalma-contra-morla","status":"publish","type":"post","link":"https:\/\/diarioelpopular.com\/index.php\/2020\/12\/08\/dalma-contra-morla\/","title":{"rendered":"Dalma contra Morla"},"content":{"rendered":"<div id=\"attachment_495143\" style=\"width: 310px\" class=\"wp-caption alignnone\"><img loading=\"lazy\" decoding=\"async\" aria-describedby=\"caption-attachment-495143\" class=\"size-medium wp-image-495143\" src=\"https:\/\/diarioelpopular.com\/wp-content\/uploads\/2020\/12\/b7d5ab2869f15e96fd4959405f158cfe-300x226.jpg\" alt=\"\" width=\"300\" height=\"226\" \/><p id=\"caption-attachment-495143\" class=\"wp-caption-text\"><em>Diego Maradona con Dalma (der) y Giannina. (foto: ANSA)<\/em><\/p><\/div>\n<p><em><strong>BUENOS AIRES, 08 DIC &#8211;<\/strong> <\/em>Dalma Maradona, hija mayor de Diego Maradona, defendi\u00f3 en redes sociales a su hermana Giannina luego del mensaje que recibi\u00f3 de Mat\u00edas Morla, abogado del fallecido astro argentino en relaci\u00f3n a la herencia del ex futbolista.<br \/>\n&#8220;M\u00e1s vigilante no se puede ser. Te escribo ac\u00e1 porque le enviaste un mensaje a mi hermana y le preguntaste porqu\u00e9 no te permiti\u00f3 ir al velatorio de su &#8216;mejor amigo&#8217;. Si me hubieses atendido las 200 veces que te llam\u00e9 te lo habr\u00eda explicado perfectamente&#8221;, public\u00f3 Dalma en su cuenta de Instagram.<br \/>\nEl mensaje de la hija mayor de Maradona y Claudia Villafa\u00f1e no pod\u00eda mencionar a Morla porque el abogado la tiene bloqueada en esa red social.<br \/>\n&#8220;No olvidar\u00e9 nunca porqu\u00e9 o pude participar del velorio de mi mejor amigo, tu padre&#8221;, expres\u00f3 d\u00edas atr\u00e1s Morla, impedido de despedir a Maradona tras haber sido acusado por la familia del ex astro impedirle visitas durante sus \u00faltimos d\u00edas.<br \/>\nPero Dalma Maradona respondi\u00f3 a Morla que fue llevado a juicio &#8220;y parece que all\u00ed al final deber\u00e1s dar la cara (explicar sus acciones, Ndr)&#8221;.<br \/>\n&#8220;Nos veremos all\u00ed y si ten\u00e9s alguna duda preguntame a m\u00ed, cara a cara. Ojal\u00e1 se haga justicia, y te juro que no parar\u00e9 hasta que esto ocurra&#8221;, advirti\u00f3 la hija mayor de Maradona.<br \/>\n&#8220;Por \u00faltimo, agradeceme. Menos mal que no fuiste al velorio porque la gente que te hubiera visto te habr\u00eda gritado asesino.<br \/>\nTe evit\u00e9 un malestar&#8221;, concluy\u00f3 Dalma Maradona.<br \/>\nEn tanto, desde Italia el hijo que Maradona tuvo con Cristina Sinagra, Diego Maradona junior, insisti\u00f3 en su deseo de &#8220;saber la verdad&#8221; de lo que le pas\u00f3 a su padre, fallecido a los 60 a\u00f1os d\u00edas despu\u00e9s de haber sido sometido a una operaci\u00f3n por un hematoma subdural.<br \/>\n&#8220;Todav\u00eda no me recuper\u00e9 del coronavirus y la pulmon\u00eda, quiero agradecer a los m\u00e9dicos del Cotugno de N\u00e1poles que me salvaron la vida. Agradezco a todos los m\u00e9dicos que est\u00e1n viviendo un infierno&#8221;, expres\u00f3 Diego Maradona junior.<br \/>\n&#8220;Dos d\u00edas despu\u00e9s de la operaci\u00f3n en la cabeza le hice una videollamada y estaba muy bien, lo vi con mis propios ojos.<br \/>\nQuiero saber la verdad, si hay personas que se equivocaron deben pagar y mandar\u00e9 a todos a las sedes competentes&#8221;, prometi\u00f3.<br \/>\nEn di\u00e1logo con Canale 5, el primer hijo var\u00f3n de Maradona asegur\u00f3 que fue &#8220;feliz&#8221; con su padre y que &#8220;vali\u00f3 la pena&#8221; el poco tiempo que estuvo &#8220;unido a \u00e9l&#8221;.<br \/>\n&#8220;Me hubiese gustado compartir m\u00e1s tiempo, merec\u00eda disfrutar m\u00e1s de sus nietos, cerca de las personas que realmente lo quer\u00edan&#8221;, expres\u00f3 Diego Maradona junior.<br \/>\n&#8220;Soy muy religioso y creo que para cada uno de nosotros llega el final del camino, y ahora quiero mantener los lindos recuerdos que pas\u00e9 con \u00e9l porque fui feliz, intent\u00e9 ser un buen hijo&#8221;, coment\u00f3.<br \/>\nPor \u00faltimo, Diego Maradona junior advirti\u00f3 que todav\u00eda no le informo a su hijo sobre la muerte de su padre porque &#8220;sus nietos, indic\u00f3, &#8220;sufrir\u00e1n mucho su desaparici\u00f3n&#8221;.<\/p>\n","protected":false},"excerpt":{"rendered":"<p>BUENOS AIRES, 08 DIC &#8211; Dalma Maradona, hija mayor de Diego Maradona, defendi\u00f3 en redes sociales a su hermana Giannina luego del mensaje que recibi\u00f3&hellip;<\/p>\n","protected":false},"author":99,"featured_media":0,"comment_status":"open","ping_status":"open","sticky":false,"template":"","format":"standard","meta":{"footnotes":""},"categories":[23],"tags":[],"class_list":["post-495142","post","type-post","status-publish","format-standard","hentry","category-latinoamerica"],"_links":{"self":[{"href":"https:\/\/diarioelpopular.com\/index.php\/wp-json\/wp\/v2\/posts\/495142","targetHints":{"allow":["GET"]}}],"collection":[{"href":"https:\/\/diarioelpopular.com\/index.php\/wp-json\/wp\/v2\/posts"}],"about":[{"href":"https:\/\/diarioelpopular.com\/index.php\/wp-json\/wp\/v2\/types\/post"}],"author":[{"embeddable":true,"href":"https:\/\/diarioelpopular.com\/index.php\/wp-json\/wp\/v2\/users\/99"}],"replies":[{"embeddable":true,"href":"https:\/\/diarioelpopular.com\/index.php\/wp-json\/wp\/v2\/comments?post=495142"}],"version-history":[{"count":1,"href":"https:\/\/diarioelpopular.com\/index.php\/wp-json\/wp\/v2\/posts\/495142\/revisions"}],"predecessor-version":[{"id":495144,"href":"https:\/\/diarioelpopular.com\/index.php\/wp-json\/wp\/v2\/posts\/495142\/revisions\/495144"}],"wp:attachment":[{"href":"https:\/\/diarioelpopular.com\/index.php\/wp-json\/wp\/v2\/media?parent=495142"}],"wp:term":[{"taxonomy":"category","embeddable":true,"href":"https:\/\/diarioelpopular.com\/index.php\/wp-json\/wp\/v2\/categories?post=495142"},{"taxonomy":"post_tag","embeddable":true,"href":"https:\/\/diarioelpopular.com\/index.php\/wp-json\/wp\/v2\/tags?post=495142"}],"curies":[{"name":"wp","href":"https:\/\/api.w.org\/{rel}","templated":true}]}}