{"id":495192,"date":"2020-12-11T17:31:18","date_gmt":"2020-12-11T21:31:18","guid":{"rendered":"https:\/\/diarioelpopular.com\/?p=495192"},"modified":"2020-12-11T17:31:18","modified_gmt":"2020-12-11T21:31:18","slug":"el-eclipse-desplaza-a-120-mil-chilenos","status":"publish","type":"post","link":"https:\/\/diarioelpopular.com\/index.php\/2020\/12\/11\/el-eclipse-desplaza-a-120-mil-chilenos\/","title":{"rendered":"El eclipse desplaza a 120 mil chilenos"},"content":{"rendered":"<div id=\"attachment_495193\" style=\"width: 310px\" class=\"wp-caption alignnone\"><img loading=\"lazy\" decoding=\"async\" aria-describedby=\"caption-attachment-495193\" class=\"size-medium wp-image-495193\" src=\"https:\/\/diarioelpopular.com\/wp-content\/uploads\/2020\/12\/5a57299ae02e6be7c0d0625c0dc37dfe-300x200.jpg\" alt=\"\" width=\"300\" height=\"200\" \/><p id=\"caption-attachment-495193\" class=\"wp-caption-text\"><em>Fen\u00f3meno en los cielos australes y riesgos en medio de la pandemia.<\/em><br \/><em>(foto: EPA)<\/em><\/p><\/div>\n<h4><em><strong>Intenso movimiento hacia la Araucan\u00eda, pese a restricciones<\/strong><\/em><\/h4>\n<p><em><strong>SANTIAGO DEL CHILE, 11 DIC &#8211;<\/strong><\/em> Pese a las mayores restricciones por el coronavirus, unos 120 mil chilenos ya llegaron a la Araucan\u00eda para presenciar en directo el eclipse total de luna y sol que se producir\u00e1 el pr\u00f3ximo lunes 14.<br \/>\n&#8220;A estas alturas deben haber entre 100 mil y 120 mil personas ya instaladas. La gente ya se instal\u00f3 en el hospedaje irregular, en la segunda vivienda y, finalmente, en los hoteles y hostales establecidos&#8221;, explic\u00f3 Jessica Fern\u00e1ndez de la Asociaci\u00f3n de Turismo, Asetur Puc\u00f3n, al diario El Austral de Temuco.<br \/>\nLos habitantes de Puc\u00f3n y Villarrica presencian en sus calles in\u00e9ditos atochamientos de veh\u00edculos mientras hay filas para abastecerse en los supermercados de la localidad lacustre distante a 700 kil\u00f3metros al sur de Santiago.<br \/>\nLa radio Picarona, del espectro local, transmite constantemente mensajes a turistas y habitantes locales para que el d\u00eda del eclipse no se congreguen masivamente en la costanera o en la playa pues la visi\u00f3n del oscurecimiento total se percibir\u00e1 en toda la ciudad balneario.<br \/>\nEl presidente de la C\u00e1mara de Comercio y Turismo de Puc\u00f3n, Rub\u00e9n Esparza, coment\u00f3 que &#8220;quer\u00edamos que viniera gente, pero tampoco queremos que esto se desborde y provoque un aumento de casos de coronavirus, que es lo que tememos&#8221;.<br \/>\nEl alcalde del balneario lacustre de Puc\u00f3n, Carlos Barra, anticip\u00f3 que intensificar\u00e1n los despliegues de funcionarios de Carabineros, Polic\u00eda de Investigaciones y Seguridad Ciudadana para hacer respetar las medidas sanitarias y prevenir los contagios.<br \/>\n&#8220;No queremos arriesgar el verano por un d\u00eda&#8221;, afirm\u00f3 Barra.<br \/>\nLos gremios locales calculan que los asistentes al eclipse podr\u00edan duplicarse durante el pr\u00f3ximo fin de semana pues se espera que arriben veh\u00edculos particulares, buses especiales, vuelos comerciales e incluso vuelos privados a los aer\u00f3dromos de Puc\u00f3n y Villarrica.<\/p>\n","protected":false},"excerpt":{"rendered":"<p>Intenso movimiento hacia la Araucan\u00eda, pese a restricciones SANTIAGO DEL CHILE, 11 DIC &#8211; Pese a las mayores restricciones por el coronavirus, unos 120 mil&hellip;<\/p>\n","protected":false},"author":99,"featured_media":0,"comment_status":"open","ping_status":"open","sticky":false,"template":"","format":"standard","meta":{"footnotes":""},"categories":[23],"tags":[],"class_list":["post-495192","post","type-post","status-publish","format-standard","hentry","category-latinoamerica"],"_links":{"self":[{"href":"https:\/\/diarioelpopular.com\/index.php\/wp-json\/wp\/v2\/posts\/495192","targetHints":{"allow":["GET"]}}],"collection":[{"href":"https:\/\/diarioelpopular.com\/index.php\/wp-json\/wp\/v2\/posts"}],"about":[{"href":"https:\/\/diarioelpopular.com\/index.php\/wp-json\/wp\/v2\/types\/post"}],"author":[{"embeddable":true,"href":"https:\/\/diarioelpopular.com\/index.php\/wp-json\/wp\/v2\/users\/99"}],"replies":[{"embeddable":true,"href":"https:\/\/diarioelpopular.com\/index.php\/wp-json\/wp\/v2\/comments?post=495192"}],"version-history":[{"count":1,"href":"https:\/\/diarioelpopular.com\/index.php\/wp-json\/wp\/v2\/posts\/495192\/revisions"}],"predecessor-version":[{"id":495194,"href":"https:\/\/diarioelpopular.com\/index.php\/wp-json\/wp\/v2\/posts\/495192\/revisions\/495194"}],"wp:attachment":[{"href":"https:\/\/diarioelpopular.com\/index.php\/wp-json\/wp\/v2\/media?parent=495192"}],"wp:term":[{"taxonomy":"category","embeddable":true,"href":"https:\/\/diarioelpopular.com\/index.php\/wp-json\/wp\/v2\/categories?post=495192"},{"taxonomy":"post_tag","embeddable":true,"href":"https:\/\/diarioelpopular.com\/index.php\/wp-json\/wp\/v2\/tags?post=495192"}],"curies":[{"name":"wp","href":"https:\/\/api.w.org\/{rel}","templated":true}]}}