{"id":495236,"date":"2020-12-14T14:11:17","date_gmt":"2020-12-14T18:11:17","guid":{"rendered":"https:\/\/diarioelpopular.com\/?p=495236"},"modified":"2020-12-14T14:11:17","modified_gmt":"2020-12-14T18:11:17","slug":"se-dispararon-contagios-en-chile","status":"publish","type":"post","link":"https:\/\/diarioelpopular.com\/index.php\/2020\/12\/14\/se-dispararon-contagios-en-chile\/","title":{"rendered":"Se dispararon contagios en Chile"},"content":{"rendered":"<div id=\"attachment_495238\" style=\"width: 310px\" class=\"wp-caption alignnone\"><img loading=\"lazy\" decoding=\"async\" aria-describedby=\"caption-attachment-495238\" class=\"size-medium wp-image-495238\" src=\"https:\/\/diarioelpopular.com\/wp-content\/uploads\/2020\/12\/6dab8f380d84f1331b04060a32289560-1-300x200.jpg\" alt=\"\" width=\"300\" height=\"200\" \/><p id=\"caption-attachment-495238\" class=\"wp-caption-text\"><em>Viajeros llegan al aeropuerto\u00a0Arturo Merino Benitez en Santiago, Chile.<\/em><\/p><\/div>\n<h4><em><strong>M\u00e1s de 2.000 casos diarios en medio de eclipse en el sur<\/strong><\/em><\/h4>\n<p><em><strong>SANTIAGO DEL CILE, 14 DIC &#8211;<\/strong><\/em> Los contagios en Chile se dispararon nuevamente al reportarse 2139 casos en las \u00faltimas 24 horas, cifra que no se observaba desde hace 79 d\u00edas, el 25 de septiembre pasado.<br \/>\nLa preocupaci\u00f3n va en alza, m\u00e1s a\u00fan cuando este lunes se espera el eclipse solar total que se ver\u00e1 en Temuco, a 670 kil\u00f3metros al sur de Santiago, hasta donde han viajado m\u00e1s de 270 mil turistas.<br \/>\nLa autoridad reci\u00e9n anoche cerraba las principales rutas de acceso hacia Puc\u00f3n y Villarrica. Esto con el fin de evitar aglomeraciones este lunes.<br \/>\nSe espera que se sumen otros 100.000 visitantes, lo que para algunos es una cifra moderada, ya que previamente se anunciaba cerca de un mill\u00f3n de personas.<br \/>\nEl responsable de la Secretar\u00eda Regional Ministeriales (SEREMI) de Transportes y Telecomunicaciones de La Araucan\u00eda, Luis Calder\u00f3n, record\u00f3 que habr\u00e1 barreras para limitar los accesos y que comenzar\u00e1n a funcionar esta noche, a partir de las 0 horas y terminar\u00e1n \u00a0a las 16 hora local (entre las 3 y las 19 GMT del lunes, NDR).<br \/>\nLa medida incluye cierres internos en la zona lacustre el lunes desde las 9 a las 14 horas (de 12 a 17 GMT). Estas medidas, acot\u00f3 el funcionario de Transportes, exceptuar\u00e1n la movilizaci\u00f3n de veh\u00edculos de emergencia, transporte p\u00fablico y servicios de aeropuerto.<br \/>\nHubo un importante n\u00famero de personas que cancel\u00f3 sus reservaciones luego que el Ministerio de Salud dispusiera cuarentena este fin de semana para toda la regi\u00f3n Metropolitana, medida que impide salir de casa y m\u00e1s todav\u00eda, de la ciudad.<br \/>\nPero otros adelantaron sus viajes para el feriado del 8 de diciembre provocando molestia en algunos casos entre autoridades locales.<br \/>\nLos habitantes de Isla Mocha (500 kil\u00f3metros al sur de Santiago en el Pac\u00edfico), por donde entra el eclipse a las 16 GMT, recibi\u00f3 con satisfacci\u00f3n el fallo de la corte de apelaciones de Concepci\u00f3n que proh\u00edbe el ingreso de turistas.<br \/>\nCerca de 200 habitantes presentaron el escrito con el fin de impedir la llegada de visitantes al territorio insular en una situaci\u00f3n de pandemia.<br \/>\nLa isla, que no cuenta con una infraestructura sanitaria suficiente para enfrentar el Covid-19, tiene una poblaci\u00f3n significativa de adultos mayores y enfermos cr\u00f3nicos, y hace algunas semanas se registr\u00f3 un brote asociado al coronavirus, seg\u00fan consign\u00f3 radio B\u00edo B\u00edo.<br \/>\nLas autoridades sanitarias nacionales, junto con el aumento de contagios, reportaron hoy 40 decesos por lo que los totales del pa\u00eds se elevaron a 571.919 diagnosticados desde el inicio de la pandemia y 15.886 v\u00edctimas confirmadas, a las cuales habr\u00eda que a\u00f1adir m\u00e1s de 5.000 sospechosos de haber muerto de coronavirus.<br \/>\nA la fecha, 637 personas se encuentran hospitalizadas en Unidades de Cuidados Intensivos, de las cuales 463 est\u00e1n con apoyo de ventilaci\u00f3n mec\u00e1nica y 58 se encuentran en estado cr\u00edtico de salud. La de Red de Laboratorios inform\u00f3 los resultados de 48.054 ex\u00e1menes PCR, con una positividad diaria de 4,45%, alcanzando a la fecha un total de 5.775.305 test analizados a nivel nacional.<\/p>\n","protected":false},"excerpt":{"rendered":"<p>M\u00e1s de 2.000 casos diarios en medio de eclipse en el sur SANTIAGO DEL CILE, 14 DIC &#8211; Los contagios en Chile se dispararon nuevamente&hellip;<\/p>\n","protected":false},"author":99,"featured_media":0,"comment_status":"open","ping_status":"open","sticky":false,"template":"","format":"standard","meta":{"footnotes":""},"categories":[23],"tags":[],"class_list":["post-495236","post","type-post","status-publish","format-standard","hentry","category-latinoamerica"],"_links":{"self":[{"href":"https:\/\/diarioelpopular.com\/index.php\/wp-json\/wp\/v2\/posts\/495236","targetHints":{"allow":["GET"]}}],"collection":[{"href":"https:\/\/diarioelpopular.com\/index.php\/wp-json\/wp\/v2\/posts"}],"about":[{"href":"https:\/\/diarioelpopular.com\/index.php\/wp-json\/wp\/v2\/types\/post"}],"author":[{"embeddable":true,"href":"https:\/\/diarioelpopular.com\/index.php\/wp-json\/wp\/v2\/users\/99"}],"replies":[{"embeddable":true,"href":"https:\/\/diarioelpopular.com\/index.php\/wp-json\/wp\/v2\/comments?post=495236"}],"version-history":[{"count":1,"href":"https:\/\/diarioelpopular.com\/index.php\/wp-json\/wp\/v2\/posts\/495236\/revisions"}],"predecessor-version":[{"id":495239,"href":"https:\/\/diarioelpopular.com\/index.php\/wp-json\/wp\/v2\/posts\/495236\/revisions\/495239"}],"wp:attachment":[{"href":"https:\/\/diarioelpopular.com\/index.php\/wp-json\/wp\/v2\/media?parent=495236"}],"wp:term":[{"taxonomy":"category","embeddable":true,"href":"https:\/\/diarioelpopular.com\/index.php\/wp-json\/wp\/v2\/categories?post=495236"},{"taxonomy":"post_tag","embeddable":true,"href":"https:\/\/diarioelpopular.com\/index.php\/wp-json\/wp\/v2\/tags?post=495236"}],"curies":[{"name":"wp","href":"https:\/\/api.w.org\/{rel}","templated":true}]}}