{"id":495272,"date":"2020-12-17T13:06:33","date_gmt":"2020-12-17T17:06:33","guid":{"rendered":"https:\/\/diarioelpopular.com\/?p=495272"},"modified":"2020-12-17T13:06:33","modified_gmt":"2020-12-17T17:06:33","slug":"el-manana-se-sustenta-en-la-concordia","status":"publish","type":"post","link":"https:\/\/diarioelpopular.com\/index.php\/2020\/12\/17\/el-manana-se-sustenta-en-la-concordia\/","title":{"rendered":"EL MA\u00d1ANA SE SUSTENTA EN LA CONCORDIA"},"content":{"rendered":"<p><strong><em>\u201cTodo ha de hacerse coraz\u00f3n a coraz\u00f3n, ser\u00e1 como encender una luz en la noche, sembrando sosiego por todas partes\u201d<\/em><\/strong><\/p>\n<p><strong><em>\u00a0<\/em><\/strong><\/p>\n<p><strong><em>=============================<\/em><\/strong><\/p>\n<p><strong><em>V\u00edctor CORCOBA HERRERO\/ Escritor<\/em><\/strong><\/p>\n<p><strong><em>corcoba@telefonica.net\u00a0\u00a0\u00a0\u00a0\u00a0\u00a0\u00a0\u00a0\u00a0\u00a0\u00a0\u00a0\u00a0\u00a0\u00a0\u00a0\u00a0\u00a0\u00a0\u00a0\u00a0\u00a0\u00a0\u00a0\u00a0\u00a0 <\/em><\/strong><\/p>\n<p><strong>=============================<\/strong><\/p>\n<p>&nbsp;<\/p>\n<p>&nbsp;<\/p>\n<p>Necesitamos de otro br\u00edo m\u00e1s generoso, decidido en darse y en donarse hacia sus an\u00e1logos, para superar la multitud de desavenencias que nos est\u00e1n dejando sin fuerzas para poder subsistir. Todos nos pertenecemos a todos. Por eso, es importante tomar el lenguaje del aut\u00e9ntico abrazo, ayudar a la gente a superar ese maldito arrojo excluyente, contribuir sobre la base de una cooperaci\u00f3n efectiva a otro mundo m\u00e1s humano, en el que los valores sean los que realmente nos activen a la entrega solidaria, que es lo que verdaderamente nos une en la diversidad y nos hace repensar sobre nuevas iniciativas, para la toma de una novedosa \u00e9poca, m\u00e1s respetuosa con toda vida humana y con nuestra propia naturaleza. Hasta ahora tenemos el programa de los Objetivos de Desarrollo Sostenible que nos sit\u00faa en el centro, tanto a la persona como al planeta, apoy\u00e1ndose en los derechos humanos, pero nos falta activar ese v\u00ednculo de concordia, imprescindible para la subsistencia del linaje. Hemos de caminar, en consecuencia, todos a una; por muy diferentes que seamos. S\u00f3lo as\u00ed, podremos levantar el vuelo de la mejora de nuestra propia casa com\u00fan. No olvidemos que, all\u00e1 donde hay cordialidad, siempre brota quietud; mientras que a donde habita la discordia, suele surgir la inquietud, hasta el punto de llegar a desesperarnos la zozobra.<\/p>\n<p>&nbsp;<\/p>\n<p>Sea como fuere, nos espera un incesante trabajo de colaboraci\u00f3n conjunta; en un momento de gran emergencia humana y atmosf\u00e9rica. Lo racional es que modifiquemos actitudes y comportamientos, fomentemos ese inherente vigor arm\u00f3nico que toda existencia lleva consigo, y que no se basa en la riqueza, sino en el sentirse cooperante de esa simpat\u00eda coherente entre el so\u00f1ar y el hacer. Quiz\u00e1s tengamos que romper con muchas estructuras de poder injustas, tal vez debamos desmantelar esos endiosamientos de algunos y cribar nuestras propias torpezas. Lo trascendente, sin duda, pasa por acrecentar la po\u00e9tica de las bellas historias de solidaridad, como avance primordial de un planeta, en el que proliferan, para desgracia de todos, m\u00e1s las tradiciones de dominio que las de servidumbre; tambi\u00e9n aquellas que nos esclavizan, en lugar de las que nos liberan de nuestras propias atrocidades. Indudablemente, tenemos que unirnos m\u00e1s y reunirnos mejor, de modo aut\u00e9ntico, ya no solo para mantener la paz y la seguridad en el mundo, sino adem\u00e1s para crecerse y recrearse en la vivencia de un desvivirse por vivir. En cualquier caso, todo ha de hacerse coraz\u00f3n a coraz\u00f3n, ser\u00e1 como encender una luz en la noche, sembrando sosiego por todas partes.<\/p>\n<p>&nbsp;<\/p>\n<p>Despoj\u00e9monos de fronteras, solidaric\u00e9monos con otros lenguajes m\u00e1s interiores, pong\u00e1monos a disposici\u00f3n siempre, cambiemos el sue\u00f1o de una sociedad competitiva por el de una humanidad fraterna, que ayuda a los que menos tienen, porque poseen un alma grande. No retengamos la emoci\u00f3n de un hallarse despose\u00eddo, dejemos que fluya la satisfacci\u00f3n de un morar humilde m\u00e1s all\u00e1 de las meras palabras. Luego, tampoco desesperemos ni permanezcamos pasivos; cada amanecer hay que trabajarlo, no es posible instalarse en la indiferencia, porque el futuro se sustenta en las ra\u00edces que cultivemos como humanidad. Puede que dividiendo te subas al pedestal del poder antes, pero jam\u00e1s ascender\u00e1s a esa vinculante dimensi\u00f3n comunitaria, que es la que evidentemente nos sustenta y dignifica. Cada generaci\u00f3n ha de reencontrar su propio andar, en un universo en el que todo lo honesto, hemos de cultivarlo a diario. Nuestra propia fragilidad nos demanda estar en permanente alerta ante situaciones de abandono y descarte, puesto que la barbarie continua produci\u00e9ndose en cualquier lugar de nuestro entorno.<\/p>\n<p>&nbsp;<\/p>\n<p>Convencido, como estoy, de que el ma\u00f1ana se sustenta en la concordia; o si quieren, en la promoci\u00f3n de la acci\u00f3n solidaria y del h\u00e1lito de acompa\u00f1ar, es fundamental un impulso de alianza entre culturas, pa\u00edses y organizaciones internacionales; a fin de que generemos confianza y respeto mutuo, al menos para que puedan promoverse ordenes sociales m\u00e1s equitativas, en base a los derechos humanos y a las libertades fundamentales que todos nos merecemos, por el simple hecho de cohabitar, para poder recuperar la pasi\u00f3n de pertenencia y de adhesi\u00f3n. Lo nefasto es caer en el desaliento, acentuando odios y resentimientos, que nos llevan a la deriva, cuando lo que requerimos es alimentarnos de lo bueno y ponernos al servicio del bien. Indudablemente, la concordia, entendida en su sentido m\u00e1s hondo, es una manera de abrir horizontes, de hacer crecer las peque\u00f1as cosas de cada d\u00eda, puesto que si alguien tiene ese m\u00ednimo vital, y adem\u00e1s lo participa, es porque ha logrado una altura moral que le permite avenirse a su linaje. De ah\u00ed, que jam\u00e1s el esp\u00edritu solidario sea algo ideol\u00f3gico, ya que no sirve a las ideas, sino que se dona a los que reclaman su asistencia, sin otra espera que la bondadosa misi\u00f3n cumplida.<\/p>\n<p>&nbsp;<\/p>\n<p><strong>V\u00edctor CORCOBA HERRERO \/ Escritor<\/strong><\/p>\n<p><strong><a href=\"mailto:corcoba@telefonica.net\">corcoba@telefonica.net<\/a><\/strong><\/p>\n<p><strong>17 de diciembre de 2020<\/strong><\/p>\n","protected":false},"excerpt":{"rendered":"<p>\u201cTodo ha de hacerse coraz\u00f3n a coraz\u00f3n, ser\u00e1 como encender una luz en la noche, sembrando sosiego por todas partes\u201d \u00a0 ============================= V\u00edctor CORCOBA HERRERO\/&hellip;<\/p>\n","protected":false},"author":99,"featured_media":0,"comment_status":"open","ping_status":"open","sticky":false,"template":"","format":"standard","meta":{"footnotes":""},"categories":[11353,81],"tags":[],"class_list":["post-495272","post","type-post","status-publish","format-standard","hentry","category-algo-mas-que-palabras","category-columnistas"],"_links":{"self":[{"href":"https:\/\/diarioelpopular.com\/index.php\/wp-json\/wp\/v2\/posts\/495272","targetHints":{"allow":["GET"]}}],"collection":[{"href":"https:\/\/diarioelpopular.com\/index.php\/wp-json\/wp\/v2\/posts"}],"about":[{"href":"https:\/\/diarioelpopular.com\/index.php\/wp-json\/wp\/v2\/types\/post"}],"author":[{"embeddable":true,"href":"https:\/\/diarioelpopular.com\/index.php\/wp-json\/wp\/v2\/users\/99"}],"replies":[{"embeddable":true,"href":"https:\/\/diarioelpopular.com\/index.php\/wp-json\/wp\/v2\/comments?post=495272"}],"version-history":[{"count":1,"href":"https:\/\/diarioelpopular.com\/index.php\/wp-json\/wp\/v2\/posts\/495272\/revisions"}],"predecessor-version":[{"id":495273,"href":"https:\/\/diarioelpopular.com\/index.php\/wp-json\/wp\/v2\/posts\/495272\/revisions\/495273"}],"wp:attachment":[{"href":"https:\/\/diarioelpopular.com\/index.php\/wp-json\/wp\/v2\/media?parent=495272"}],"wp:term":[{"taxonomy":"category","embeddable":true,"href":"https:\/\/diarioelpopular.com\/index.php\/wp-json\/wp\/v2\/categories?post=495272"},{"taxonomy":"post_tag","embeddable":true,"href":"https:\/\/diarioelpopular.com\/index.php\/wp-json\/wp\/v2\/tags?post=495272"}],"curies":[{"name":"wp","href":"https:\/\/api.w.org\/{rel}","templated":true}]}}