{"id":495285,"date":"2020-12-17T13:16:13","date_gmt":"2020-12-17T17:16:13","guid":{"rendered":"https:\/\/diarioelpopular.com\/?p=495285"},"modified":"2020-12-17T13:16:13","modified_gmt":"2020-12-17T17:16:13","slug":"venezuela-protesta-en-rechazo-a-salarios-miserables","status":"publish","type":"post","link":"https:\/\/diarioelpopular.com\/index.php\/2020\/12\/17\/venezuela-protesta-en-rechazo-a-salarios-miserables\/","title":{"rendered":"Venezuela: Protesta en rechazo a &#8220;salarios miserables&#8221;"},"content":{"rendered":"<div id=\"attachment_495286\" style=\"width: 310px\" class=\"wp-caption alignnone\"><img loading=\"lazy\" decoding=\"async\" aria-describedby=\"caption-attachment-495286\" class=\"size-medium wp-image-495286\" src=\"https:\/\/diarioelpopular.com\/wp-content\/uploads\/2020\/12\/9d3a10bc2c20c70794c57bfa5f4243fd-300x200.jpg\" alt=\"\" width=\"300\" height=\"200\" \/><p id=\"caption-attachment-495286\" class=\"wp-caption-text\"><em>Protesta en rechazo a &#8220;salarios miserables&#8221; en Caracas (foto: ANSA)<\/em><\/p><\/div>\n<h4><em><strong>&#8220;El bloqueo no los tiene Maduro en el est\u00f3mago&#8221;, trabajadores<\/strong><\/em><\/h4>\n<p><em><strong>CARACAS, 17 DIC &#8211;<\/strong><\/em> Trabajadores del sector p\u00fablico junto a jubilados y pensionados protestaron hoy en Caracas en rechazo a los &#8220;salarios miserables&#8221; del r\u00e9gimen de Nicol\u00e1s Maduro, al que acusan de haberles &#8220;bloqueado el est\u00f3mago&#8221;, y exigen adem\u00e1s la liberaci\u00f3n de todos los compa\u00f1eros detenidos por defender sus derechos laborales.<br \/>\nLos manifestantes alzaron su voz contra &#8220;el r\u00e9gimen antiobrero&#8221;, a las afueras de la sede de la vicepresidencia de la Rep\u00fablica, ubicada a una cuadra del Palacio de Miraflores, sede del Poder Ejecutivo y lugar de trabajo de Maduro.<br \/>\nPiquetes de efectivos de la Polic\u00eda Nacional Bolivariana, Guardia Nacional Bolivariana e incluso del Servicio Bolivariano de Inteligencia Nacional (Sebin), se desplegaron con equipos y tanquetas antimotines, y de forma pac\u00edfica disolvieron la protesta.<br \/>\n&#8220;Ese es el miedo que le tienen a la clase trabajadora. Son unos traficantes de la mentira, vulneran los derechos y cuando salimos a protestar nos inundan de guardias, de polic\u00edas, y nos mandan las tanquetas, pero seguiremos en las calles defendiendo nuestros derechos&#8221;, afirm\u00f3 Eduardo S\u00e1nchez, presidente del sindicato de la Federaci\u00f3n de Trabajadores Universitarios.<br \/>\nAdem\u00e1s, destac\u00f3 que &#8220;la causa de los trabajadores es inalienable&#8221;, y que &#8220;no hay revoluci\u00f3n sin clase trabajadora, pero la que tenemos no es m\u00e1s que una caricatura de revoluci\u00f3n que est\u00e1 restaurando el capitalismo voraz y salvaje para todos los trabajadores&#8221;.<br \/>\n&#8220;Los salarios est\u00e1n depauperados, un trabajador gana menos de 1 d\u00f3lar mientras la cesta alimentaria est\u00e1 por encima de los 300 d\u00f3lares, y Maduro est\u00e1 vendiendo a un precio m\u00f3dico un pernil de 1 kilo (carne de cerdo tradicional de diciembre) pero el problema de los trabajadores es que comemos todos los d\u00edas&#8221;, critic\u00f3.<br \/>\nAsimismo, fustig\u00f3 que el gobierno &#8220;antiobrero aplic\u00f3 un memorando donde cercen\u00f3 el derecho a la huelga, liquid\u00f3 la contrataci\u00f3n colectiva, y adem\u00e1s viola la Ley Org\u00e1nica del Trabajo y la Constituci\u00f3n que establece que el salario debe cubrir las necesidades del trabajador y su familia&#8221;.<br \/>\n&#8220;Estamos pidiendo la derogatoria de ese memorando desde el 2018 y hasta hoy no hay respuesta&#8221;, repudi\u00f3.<br \/>\nS\u00e1nchez dijo que la lucha es tambi\u00e9n por la libertad de todos los compa\u00f1eros detenidos defendiendo sus derechos y &#8220;a los cuales les han aplicado unos reg\u00edmenes extra\u00f1os e incluso tribunales militares&#8221;, y tambi\u00e9n por &#8220;los 3.500 trabajadores que por sanciones administrativas fueron despedidos y deben ser reenganchados como lo orden\u00f3 el ministerio del Trabajo&#8221;.<br \/>\nA su vez Carlos Salazar, de la Coalici\u00f3n Sindical Nacional, afirm\u00f3 que &#8220;aqu\u00ed no hay navidad, aqu\u00ed lo que hay es lucha por nuestros derechos, pero Maduro no atiende a los trabajadores y lo que dice es que todo es culpa del bloqueo&#8221;.<br \/>\n&#8220;El bloqueo nos lo tiene Maduro en el est\u00f3mago. Los pa\u00edses africanos que est\u00e1n en extrema pobreza como ya estamos nosotros, pagan 2 d\u00f3lares diarios a sus trabajadores, nosotros ganamos 0,63 centavos de d\u00f3lar mensual, como no vamos a estar en las calles desesperados, exigi\u00e9ndole que aumenten los salarios y pensiones&#8221;, manifest\u00f3.<br \/>\nSalazar pidi\u00f3 a la sociedad civil &#8220;vencer el miedo&#8221; y sumarse a la &#8220;gran protesta&#8221; que convoc\u00f3 para el 23 de enero, fecha en que se conmemora el t\u00e9rmino de la dictadura de Marcos P\u00e9rez Jim\u00e9nez en 1958.<br \/>\n&#8220;No nos importan esas tanquetas, si es de morir en el cemento moriremos. Estamos convocando a la gran protesta el 23 de enero porque tenemos que tener calidad de vida. No podemos seguir con este gobierno antiobrero&#8221;, enfatiz\u00f3.<br \/>\nVenezuela se encuentra sumergida en un colapso econ\u00f3mico agravado por una hiperinflaci\u00f3n y la pandemia del Covid -19, que har\u00e1n que el pa\u00eds cierre este a\u00f1o con una contracci\u00f3n del 30%, seg\u00fan cifras de La Comisi\u00f3n Econ\u00f3mica para Am\u00e9rica Latina y el Caribe (CEPAL) difundidas por medios internacionales.<\/p>\n","protected":false},"excerpt":{"rendered":"<p>&#8220;El bloqueo no los tiene Maduro en el est\u00f3mago&#8221;, trabajadores CARACAS, 17 DIC &#8211; Trabajadores del sector p\u00fablico junto a jubilados y pensionados protestaron hoy&hellip;<\/p>\n","protected":false},"author":99,"featured_media":0,"comment_status":"open","ping_status":"open","sticky":false,"template":"","format":"standard","meta":{"footnotes":""},"categories":[23],"tags":[],"class_list":["post-495285","post","type-post","status-publish","format-standard","hentry","category-latinoamerica"],"_links":{"self":[{"href":"https:\/\/diarioelpopular.com\/index.php\/wp-json\/wp\/v2\/posts\/495285","targetHints":{"allow":["GET"]}}],"collection":[{"href":"https:\/\/diarioelpopular.com\/index.php\/wp-json\/wp\/v2\/posts"}],"about":[{"href":"https:\/\/diarioelpopular.com\/index.php\/wp-json\/wp\/v2\/types\/post"}],"author":[{"embeddable":true,"href":"https:\/\/diarioelpopular.com\/index.php\/wp-json\/wp\/v2\/users\/99"}],"replies":[{"embeddable":true,"href":"https:\/\/diarioelpopular.com\/index.php\/wp-json\/wp\/v2\/comments?post=495285"}],"version-history":[{"count":1,"href":"https:\/\/diarioelpopular.com\/index.php\/wp-json\/wp\/v2\/posts\/495285\/revisions"}],"predecessor-version":[{"id":495287,"href":"https:\/\/diarioelpopular.com\/index.php\/wp-json\/wp\/v2\/posts\/495285\/revisions\/495287"}],"wp:attachment":[{"href":"https:\/\/diarioelpopular.com\/index.php\/wp-json\/wp\/v2\/media?parent=495285"}],"wp:term":[{"taxonomy":"category","embeddable":true,"href":"https:\/\/diarioelpopular.com\/index.php\/wp-json\/wp\/v2\/categories?post=495285"},{"taxonomy":"post_tag","embeddable":true,"href":"https:\/\/diarioelpopular.com\/index.php\/wp-json\/wp\/v2\/tags?post=495285"}],"curies":[{"name":"wp","href":"https:\/\/api.w.org\/{rel}","templated":true}]}}