{"id":495288,"date":"2020-12-17T13:19:21","date_gmt":"2020-12-17T17:19:21","guid":{"rendered":"https:\/\/diarioelpopular.com\/?p=495288"},"modified":"2020-12-17T13:19:21","modified_gmt":"2020-12-17T17:19:21","slug":"este-diciembre-chile-comienza-inmunizacion","status":"publish","type":"post","link":"https:\/\/diarioelpopular.com\/index.php\/2020\/12\/17\/este-diciembre-chile-comienza-inmunizacion\/","title":{"rendered":"Este diciembre, Chile comienza inmunizaci\u00f3n"},"content":{"rendered":"<div id=\"attachment_495289\" style=\"width: 486px\" class=\"wp-caption alignnone\"><img loading=\"lazy\" decoding=\"async\" aria-describedby=\"caption-attachment-495289\" class=\"size-custom-full-size wp-image-495289\" src=\"https:\/\/diarioelpopular.com\/wp-content\/uploads\/2020\/12\/d8b322110e3c4c7fd5596ce5b784dec8.jpg\" alt=\"\" width=\"476\" height=\"317\" \/><p id=\"caption-attachment-495289\" class=\"wp-caption-text\"><em>Chile comenzar\u00e1 inmunizaci\u00f3n este mes.<\/em><br \/><em>(foto: EPA)<\/em><\/p><\/div>\n<h4><em><strong>Lo anunci\u00f3 Pi\u00f1era en cadena nacional<\/strong><\/em><\/h4>\n<p><em><strong>SANTIAGO DE CHILE, 17 DIC &#8211;<\/strong><\/em> El presidente chileno, Sebasti\u00e1n Pi\u00f1era, anunci\u00f3 por cadena nacional que las primeras 20 mil dosis de vacunas del Laboratorio Pfizer contra el Covid-19 llegar\u00e1n a Chile dentro de este mes de diciembre.<br \/>\nEl Instituto de Salud P\u00fablica (ISP) anunci\u00f3 este jueves la aprobaci\u00f3n un\u00e1nime de la vacuna estadounidense que se aplicar\u00e1 a mayores de 16 a\u00f1os y que en la primera etapa, dijo el mandatario, ser\u00e1 destinada al personal de salud de las regiones con mayores niveles de incidencia de contagio.<br \/>\nNo obstante, explic\u00f3 que se buscar\u00e1 proteger a los 15 millones de personas que componen la poblaci\u00f3n objetivo de los 18 millones de habitantes que viven en el pa\u00eds.<br \/>\nPi\u00f1era detall\u00f3 en su intervenci\u00f3n anoche que &#8220;hemos recibido la confirmaci\u00f3n del Laboratorio Pfizer-BioNTech, que durante este mes de diciembre aterrizar\u00e1 en Chile el avi\u00f3n con las primeras 20 mil dosis de vacunas, lo que nos permitir\u00e1 empezar a vacunar de inmediato a todas las personas que trabajan en las Unidades de Cuidados Intensivos de nuestro Sistema de Salud en las regiones con mayor incidencia de Coronavirus, como la Regi\u00f3n del B\u00edo B\u00edo, Araucan\u00eda y Magallanes (sur del pa\u00eds), y aparte del personal de la Regi\u00f3n Metropolitana&#8221;.<br \/>\nAclar\u00f3 que &#8220;en Chile la vacuna ser\u00e1 voluntaria y gratuita para todos&#8221; y record\u00f3 que en mayo se pusieron el objetivo de alcanzar acuerdos con los laboratorios m\u00e1s avanzados en el desarrollo de vacunas contra el Covid 19.<br \/>\n&#8220;Este trabajo nos ha permitido avanzar en acuerdos o firmar contratos con los Laboratorios Pfizer-BioNTech, Sinovac, AstraZeneca, Janssen &#8211; Johnson &amp; Johnson y la Alianza Covax, que nos permiten asegurar una vacuna segura y eficaz que proteja en forma oportuna la salud de nuestra poblaci\u00f3n&#8221;, detall\u00f3.<br \/>\nEnseguida dio a conocer el plan de vacunaci\u00f3n, luego que el personal de salud de las UPC haya sido inmunizado.<br \/>\nEn ese momento corresponder\u00e1 el turno de adultos mayores y enfermos cr\u00f3nicos, priorizando a los de Centros de Larga Estad\u00eda. Y tercero, los otros grupos de la poblaci\u00f3n objetivo, seg\u00fan su grado de riesgo.<br \/>\nA\u00f1adi\u00f3 que a partir de enero, &#8220;seguiremos recibiendo nuevas dosis de vacunas con el objetivo de vacunar a la poblaci\u00f3n cr\u00edtica y de mayor riesgo durante el primer trimestre del 2021, continuando con los dem\u00e1s grupos durante el primer semestre&#8221;.<br \/>\nPi\u00f1era se\u00f1al\u00f3 a que la vacunaci\u00f3n masiva representa un enorme desaf\u00edo de organizaci\u00f3n, recursos y log\u00edstica, &#8220;como la mantenci\u00f3n de la cadena de fr\u00edo, que requerir\u00e1 superrefrigeradores e instrumentos de distribuci\u00f3n que protejan esta cadena&#8221;.<br \/>\nAseguro que &#8220;todas las vacunas en Chile tendr\u00e1n el sello de eficacia y seguridad otorgados por las instituciones sanitarias m\u00e1s reconocidas del mundo, la aprobaci\u00f3n de nuestro Instituto de Salud P\u00fablica, y siempre, el respaldo de la ciencia, que muestra categ\u00f3ricamente y con s\u00f3lida evidencia que las vacunas protegen la salud y salvan vidas&#8221;.<br \/>\nFrente al alto n\u00famero de personas que han manifestado su rechazo a vacunarse, el mandatario asever\u00f3 que &#8220;la vacunaci\u00f3n no solo es un acto individual, es sobre todo un acto de solidaridad con los grupos de mayor riesgo, como los adultos mayores, los enfermos cr\u00f3nicos y el personal de salud&#8221;.<br \/>\nRecalc\u00f3 que &#8220;la vacuna ser\u00e1 un poderoso instrumento para combatir el virus, pero no lo har\u00e1 desaparecer&#8221; pero &#8220;seguir\u00e1 entre nosotros por mucho tiempo y tenemos que aprender a convivir con \u00e9l&#8221;, por lo que llam\u00f3 a continuar con las medidas de cuidado.<br \/>\nFinalmente, llam\u00f3 a los chilenos a estar optimistas frente a los m\u00faltiples desaf\u00edos que se han presentado y afirm\u00f3 que &#8220;estamos avanzando positivamente en el combate al coronavirus.<br \/>\nLa recuperaci\u00f3n de los empleos y la reactivaci\u00f3n de la econom\u00eda est\u00e1n en plena marcha&#8221;, asegur\u00f3 tambi\u00e9n.<\/p>\n","protected":false},"excerpt":{"rendered":"<p>Lo anunci\u00f3 Pi\u00f1era en cadena nacional SANTIAGO DE CHILE, 17 DIC &#8211; El presidente chileno, Sebasti\u00e1n Pi\u00f1era, anunci\u00f3 por cadena nacional que las primeras 20&hellip;<\/p>\n","protected":false},"author":99,"featured_media":0,"comment_status":"open","ping_status":"open","sticky":false,"template":"","format":"standard","meta":{"footnotes":""},"categories":[23],"tags":[],"class_list":["post-495288","post","type-post","status-publish","format-standard","hentry","category-latinoamerica"],"_links":{"self":[{"href":"https:\/\/diarioelpopular.com\/index.php\/wp-json\/wp\/v2\/posts\/495288","targetHints":{"allow":["GET"]}}],"collection":[{"href":"https:\/\/diarioelpopular.com\/index.php\/wp-json\/wp\/v2\/posts"}],"about":[{"href":"https:\/\/diarioelpopular.com\/index.php\/wp-json\/wp\/v2\/types\/post"}],"author":[{"embeddable":true,"href":"https:\/\/diarioelpopular.com\/index.php\/wp-json\/wp\/v2\/users\/99"}],"replies":[{"embeddable":true,"href":"https:\/\/diarioelpopular.com\/index.php\/wp-json\/wp\/v2\/comments?post=495288"}],"version-history":[{"count":1,"href":"https:\/\/diarioelpopular.com\/index.php\/wp-json\/wp\/v2\/posts\/495288\/revisions"}],"predecessor-version":[{"id":495290,"href":"https:\/\/diarioelpopular.com\/index.php\/wp-json\/wp\/v2\/posts\/495288\/revisions\/495290"}],"wp:attachment":[{"href":"https:\/\/diarioelpopular.com\/index.php\/wp-json\/wp\/v2\/media?parent=495288"}],"wp:term":[{"taxonomy":"category","embeddable":true,"href":"https:\/\/diarioelpopular.com\/index.php\/wp-json\/wp\/v2\/categories?post=495288"},{"taxonomy":"post_tag","embeddable":true,"href":"https:\/\/diarioelpopular.com\/index.php\/wp-json\/wp\/v2\/tags?post=495288"}],"curies":[{"name":"wp","href":"https:\/\/api.w.org\/{rel}","templated":true}]}}