{"id":495326,"date":"2020-12-21T15:27:44","date_gmt":"2020-12-21T19:27:44","guid":{"rendered":"https:\/\/diarioelpopular.com\/?p=495326"},"modified":"2020-12-21T15:29:24","modified_gmt":"2020-12-21T19:29:24","slug":"ontario-entrara-en-cierre-en-toda-la-provincia-el-26-de-diciembre","status":"publish","type":"post","link":"https:\/\/diarioelpopular.com\/index.php\/2020\/12\/21\/ontario-entrara-en-cierre-en-toda-la-provincia-el-26-de-diciembre\/","title":{"rendered":"Ontario entrar\u00e1 en &#8220;cierre en toda la provincia&#8221; el 26 de diciembre"},"content":{"rendered":"<div id=\"attachment_495327\" style=\"width: 160px\" class=\"wp-caption alignnone\"><img loading=\"lazy\" decoding=\"async\" aria-describedby=\"caption-attachment-495327\" class=\"size-thumbnail wp-image-495327\" src=\"https:\/\/diarioelpopular.com\/wp-content\/uploads\/2020\/12\/Screen-Shot-2020-12-21-at-2.17.16-PM-150x150.png\" alt=\"\" width=\"150\" height=\"150\" \/><p id=\"caption-attachment-495327\" class=\"wp-caption-text\"><em>Premier Ford durante la conferencia de prensa este lunes al anunciar las nuevas medidas.<\/em><\/p><\/div>\n<p><em>Actualizado lunes 21 de diciembre de 2020 2:07 p.m.<\/em><\/p>\n<h4><em><strong>&#8211; Ontario ha anunciado que un &#8220;cierre de toda la provincia&#8221; comenzar\u00e1 este 26 de diciembre y durar\u00e1 cuatro semanas en las \u00e1reas del sur de la provincia y dos semanas en las \u00e1reas del norte.<\/strong><\/em><\/h4>\n<h4><em><strong>&#8211; El gobierno retrasa el regreso de las clases presenciales para las escuelas de Ontario<\/strong><\/em><\/h4>\n<h4><em><strong>&#8211; M\u00e1s de 300 pacientes de COVID-19 estar\u00e1n en las UCI de Ontario dentro de los 10 d\u00edas, muestra el modelo<\/strong><\/em><\/h4>\n<p><em><strong>TORONTO.-<\/strong><\/em> El gobierno hab\u00eda planeado previamente implementar las medidas a partir de la v\u00edspera de Navidad.\u00a0El cierre incluye un retraso en el regreso a las clases presenciales para los estudiantes de secundaria y primaria despu\u00e9s de las vacaciones de invierno.<\/p>\n<p>Las autoridades dijeron que los ni\u00f1os en edad de primaria no regresar\u00e1n a clases como estaba planeado el 4 de enero y, en cambio, participar\u00e1n en el aprendizaje remoto hasta el 11 de enero, cuando luego regresar\u00e1n a clases presenciales en todas las \u00e1reas de la provincia.<\/p>\n<p>Los estudiantes de secundaria en las \u00e1reas del norte de la provincia tambi\u00e9n reanudar\u00e1n la instrucci\u00f3n en clase el 11 de enero, mientras que en el sur de Ontario los estudiantes de secundaria trabajar\u00edan de forma remota hasta el 25 de enero.<\/p>\n<p>Se espera que los centros de cuidado infantil permanezcan abiertos mientras dure el cierre, aunque durante el per\u00edodo en que los estudiantes de primaria estar\u00e1n fuera de clases, se prohibir\u00e1 que los centros atiendan a ni\u00f1os en edad escolar. Los programas antes y despu\u00e9s de la escuela tambi\u00e9n deben cancelarse la semana del 4 de enero.<\/p>\n<p>Mientras tanto, muchas empresas en toda la provincia se enfrentar\u00e1n a restricciones durante el cierre, incluidos restaurantes y bares que una vez m\u00e1s se limitar\u00e1n solo a las operaciones de comida para llevar y entrega.<\/p>\n<p>Los centros comerciales, los centros de jardiner\u00eda, las tiendas minoristas en general, las ferreter\u00edas, las tiendas de mascotas, las tiendas de inform\u00e1tica, las tiendas de cannabis, se limitar\u00e1n \u00fanicamente a la recogida o entrega en la acera.<\/p>\n<p>&nbsp;<\/p>\n<h4><em><strong>El gobierno retrasa el regreso de las clases presenciales para las escuelas de Ontario<\/strong><\/em><\/h4>\n<p>En respuesta al aumento de casos de coronavirus, el gobierno provincial ha anunciado un retraso en la reanudaci\u00f3n de las clases presenciales en las escuelas secundarias de Ontario.<\/p>\n<p>&#8220;La salud p\u00fablica y otros expertos han expresado preocupaciones significativas de que las tendencias de transmisi\u00f3n actuales, combinadas con los niveles potencialmente altos de movilidad de la actividad social y del consumidor durante el per\u00edodo de vacaciones, podr\u00edan abrumar la capacidad del sector de la salud p\u00fablica y la atenci\u00f3n m\u00e9dica en el nuevo a\u00f1o&#8221;, funcionarios dijo en una actualizaci\u00f3n el lunes por la tarde.<\/p>\n<p>Como parte de un conjunto de medidas destinadas a frenar la propagaci\u00f3n de COVID-19, incluido un bloqueo en toda la provincia bajo el marco de respuesta COVID-19 de la provincia, el gobierno de Ontario dijo que todas las escuelas financiadas con fondos p\u00fablicos tendr\u00e1n aprendizaje en l\u00ednea la semana del 4 de enero.<\/p>\n<p>Aunque los estudiantes de primaria y secundaria en las regiones de salud p\u00fablica del norte de Ontario podr\u00e1n regresar a la escuela el 11 de enero, en otras partes de la provincia habr\u00e1 un regreso escalonado a las escuelas.<\/p>\n<p>Las escuelas primarias en las regiones del sur ver\u00e1n un retorno del aprendizaje en persona el 11 de enero, mientras que los estudiantes de secundaria no podr\u00e1n regresar al aula hasta el 25 de enero.<\/p>\n<p>A los educadores que no puedan &#8220;impartir ense\u00f1anza, instrucci\u00f3n o apoyo a distancia de calidad a los estudiantes desde el hogar&#8221; en los edificios escolares, as\u00ed como a los que brinden acceso a los centros de cuidado infantil en las escuelas.<\/p>\n<p>Se permitir\u00e1 que los centros de cuidado infantil permanezcan abiertos durante el cierre. Sin embargo, durante la semana del 4 de enero, se cancelan los programas antes y despu\u00e9s de clases. Algunos padres pueden ser elegibles para el cuidado infantil de emergencia durante la semana.<\/p>\n<p>Las nuevas proyecciones de modelos publicadas el lunes por la ma\u00f1ana muestran que las infecciones en la provincia contin\u00faan aumentando y los bloqueos &#8220;duros&#8221; de cuatro a seis semanas podr\u00edan reducir los casos a menos de 1,000 por d\u00eda.<\/p>\n<p>El Dr. Adalsteinn Brown, copresidente de la mesa de asesor\u00eda cient\u00edfica COVID-19 de la provincia, dijo que nada menos que un bloqueo de cuatro semanas no funcionar\u00e1, seg\u00fan la experiencia de otras jurisdicciones.<\/p>\n<p>&#8220;El bloqueo estricto, un bloqueo muy estricto, con una comunicaci\u00f3n muy s\u00f3lida, de cuatro a seis semanas puede reducir el n\u00famero de casos en Ontario&#8221;, dijo.<\/p>\n<p>&#8220;La duraci\u00f3n del encierro es muy importante&#8221;.<\/p>\n<p>&nbsp;<\/p>\n<h4><em><strong>M\u00e1s de 300 pacientes de COVID-19 estar\u00e1n en las UCI de Ontario dentro de los 10 d\u00edas, muestra el modelo<\/strong><\/em><\/h4>\n<p><em><strong>TORONTO &#8211;<\/strong> <\/em>La capacidad de Ontario para controlar la propagaci\u00f3n del COVID-19 es &#8220;precaria&#8221;, pero los bloqueos duros que duran un mes o m\u00e1s podr\u00edan reducir significativamente la cantidad de casos diarios, dijeron los asesores de salud de la provincia este lunes.<\/p>\n<p>Las nuevas proyecciones muestran que las infecciones en la provincia contin\u00faan aumentando y los bloqueos \u201cduros\u201d de cuatro a seis semanas podr\u00edan reducir los casos a menos de 1.000 por d\u00eda.<\/p>\n<p>El Dr. Adalsteinn Brown, copresidente de la mesa de asesor\u00eda cient\u00edfica COVID-19 de la provincia, dijo que nada menos que un bloqueo de cuatro semanas no funcionar\u00e1, seg\u00fan la experiencia de otras jurisdicciones.<\/p>\n<p>&#8220;El bloqueo estricto, un bloqueo muy estricto, con una comunicaci\u00f3n muy s\u00f3lida, de cuatro a seis semanas puede reducir el n\u00famero de casos en Ontario&#8221;, dijo. &#8220;La duraci\u00f3n del encierro es muy importante&#8221;.<\/p>\n<p>Los nuevos datos se publicaron horas antes de que el primer ministro Doug Ford celebrara una conferencia de prensa en la que se espera que revele nuevas restricciones para la provincia.<\/p>\n<p>Si bien Brown, y la directora m\u00e9dica asociada de salud de Ontario, la Dra. Barbara Yaffe, no dieron detalles sobre lo que se recomendar\u00e1 para la provincia, enfatizaron la gravedad de la situaci\u00f3n.<\/p>\n<p>&#8220;Estamos en una situaci\u00f3n muy desafiante y precaria &#8230; y necesitamos tener medidas que reduzcan la interacci\u00f3n de las personas con otras personas que no viven en su hogar&#8221;, dijo Yaffe.<\/p>\n<p>Brown dijo que los enfoques empleados por otras jurisdicciones que han demostrado funcionar incluyen el uso de toques de queda, la limitaci\u00f3n de la movilidad, el uso de \u00f3rdenes fuertes de trabajo desde casa y el cierre de negocios no esenciales.<\/p>\n<p>&#8220;Creo que lo realmente muy importante en cada jurisdicci\u00f3n &#8230; fue comunicar la seriedad de esto, para que la gente se quedara en casa, y hay diferentes formas de hacerlo&#8221;, dijo.<\/p>\n<p>Ford dijo la semana pasada que no impondr\u00eda un toque de queda.<\/p>\n<p>Brown dijo que si la tasa de casos de COVID-19 de Ontario contin\u00faa creciendo entre uno y tres por ciento, la provincia tendr\u00e1 entre 3.000 y 5.000 casos diarios para fines de enero.<\/p>\n<p>Si la provincia ve un &#8220;crecimiento sustancial&#8221; del siete por ciento, Ontario tendr\u00e1 30.000 casos diarios.<\/p>\n<p>Las nuevas proyecciones muestran que en todos los escenarios, la provincia ver\u00e1 300 camas de unidades de cuidados intensivos llenas dentro de 10 d\u00edas, el doble del umbral de 150 camas donde las cirug\u00edas deben cancelarse.<\/p>\n<p>En el peor de los casos, la ocupaci\u00f3n de la UCI podr\u00eda llegar a las 1.500 camas a mediados de enero.<\/p>\n<p>Los datos tambi\u00e9n muestran que las muertes por COVID-19 seguir\u00e1n aumentando, especialmente en la atenci\u00f3n a largo plazo, donde ha habido 633 muertes de residentes desde el 1 de septiembre y 100 durante la semana pasada.<\/p>\n<p>Brown dijo que Ontario est\u00e1 aproximadamente un mes y medio a tres meses detr\u00e1s de otros pa\u00edses mientras enfrentan sus segundas oleadas, y posteriormente han impuesto sus propias nuevas restricciones. Sin acci\u00f3n, son inevitables m\u00e1s aumentos de casos, dijo.<\/p>\n<p>&#8220;Sin embargo, lo que es importante es que pr\u00e1cticamente todas estas jurisdicciones han experimentado un crecimiento, hasta que han implementado alg\u00fan tipo de bloqueo m\u00e1s estricto o m\u00e1s duro&#8221;, dijo. &#8220;No ha habido autocorrecci\u00f3n de la enfermedad en ninguna de las jurisdicciones que consideramos jurisdicciones pares en este momento&#8221;.<\/p>\n<p>Ontario inform\u00f3 este lunes 2,123 nuevos casos de COVID-19 y 17 muertes m\u00e1s relacionadas con el virus.<\/p>\n","protected":false},"excerpt":{"rendered":"<p>Actualizado lunes 21 de diciembre de 2020 2:07 p.m. &#8211; Ontario ha anunciado que un &#8220;cierre de toda la provincia&#8221; comenzar\u00e1 este 26 de diciembre&hellip;<\/p>\n","protected":false},"author":99,"featured_media":0,"comment_status":"open","ping_status":"open","sticky":false,"template":"","format":"standard","meta":{"footnotes":""},"categories":[21,11191],"tags":[],"class_list":["post-495326","post","type-post","status-publish","format-standard","hentry","category-canada","category-top-news"],"_links":{"self":[{"href":"https:\/\/diarioelpopular.com\/index.php\/wp-json\/wp\/v2\/posts\/495326","targetHints":{"allow":["GET"]}}],"collection":[{"href":"https:\/\/diarioelpopular.com\/index.php\/wp-json\/wp\/v2\/posts"}],"about":[{"href":"https:\/\/diarioelpopular.com\/index.php\/wp-json\/wp\/v2\/types\/post"}],"author":[{"embeddable":true,"href":"https:\/\/diarioelpopular.com\/index.php\/wp-json\/wp\/v2\/users\/99"}],"replies":[{"embeddable":true,"href":"https:\/\/diarioelpopular.com\/index.php\/wp-json\/wp\/v2\/comments?post=495326"}],"version-history":[{"count":2,"href":"https:\/\/diarioelpopular.com\/index.php\/wp-json\/wp\/v2\/posts\/495326\/revisions"}],"predecessor-version":[{"id":495330,"href":"https:\/\/diarioelpopular.com\/index.php\/wp-json\/wp\/v2\/posts\/495326\/revisions\/495330"}],"wp:attachment":[{"href":"https:\/\/diarioelpopular.com\/index.php\/wp-json\/wp\/v2\/media?parent=495326"}],"wp:term":[{"taxonomy":"category","embeddable":true,"href":"https:\/\/diarioelpopular.com\/index.php\/wp-json\/wp\/v2\/categories?post=495326"},{"taxonomy":"post_tag","embeddable":true,"href":"https:\/\/diarioelpopular.com\/index.php\/wp-json\/wp\/v2\/tags?post=495326"}],"curies":[{"name":"wp","href":"https:\/\/api.w.org\/{rel}","templated":true}]}}