{"id":495383,"date":"2020-12-27T14:22:48","date_gmt":"2020-12-27T18:22:48","guid":{"rendered":"https:\/\/diarioelpopular.com\/?p=495383"},"modified":"2020-12-27T14:22:48","modified_gmt":"2020-12-27T18:22:48","slug":"argentina-aplaude-la-exclusion-de-malvinas","status":"publish","type":"post","link":"https:\/\/diarioelpopular.com\/index.php\/2020\/12\/27\/argentina-aplaude-la-exclusion-de-malvinas\/","title":{"rendered":"Argentina aplaude la exclusi\u00f3n de Malvinas"},"content":{"rendered":"<div id=\"attachment_495384\" style=\"width: 310px\" class=\"wp-caption alignnone\"><img loading=\"lazy\" decoding=\"async\" aria-describedby=\"caption-attachment-495384\" class=\"size-medium wp-image-495384\" src=\"https:\/\/diarioelpopular.com\/wp-content\/uploads\/2020\/12\/f4e7dd87c95a66245c0871a35a6aed89-300x199.jpg\" alt=\"\" width=\"300\" height=\"199\" \/><p id=\"caption-attachment-495384\" class=\"wp-caption-text\"><em>Un pesquero espa\u00f1ol operando en aguas de las Islas Malvinas. Foto de archivo.<\/em><br \/><em>(foto: Ansa)<\/em><\/p><\/div>\n<h4><em><strong>Islas en litigio no est\u00e1n presentes en el pacto Londres-Bruselas<\/strong><\/em><\/h4>\n<p><em><strong>BUENOS AIRES, 27 DIC &#8211;<\/strong><\/em> El gobierno argentino aplaudi\u00f3 que la Uni\u00f3n Europea excluyera a las Islas Malvinas, en litigio entre Buenos Aires y Londres, del acuerdo con el Reino Unido post Brexit.<br \/>\nEn lo pactado entre Reino Unido y la UE, los territorios brit\u00e1nicos de ultramar se establece que perder\u00e1n todo trato especial arancelario en sus v\u00ednculos con la comunidad continental.<br \/>\nLas Islas Malvinas integran este grupo y se ver\u00edan gravemente afectadas ante ese giro que determina la salida brit\u00e1nica de la UE.<br \/>\nEl Gobierno argentino hab\u00eda solicitado a las autoridades de la Uni\u00f3n europea que, en el marco de las negociaciones post-Brexit, las islas fueran consideradas territorio en litigio en lugar de brit\u00e1nico.<br \/>\nEl ministro de Relaciones Exteriores de Argentina, Felipe Sol\u00e1, se\u00f1al\u00f3 en Twitter que &#8220;finalmente el acuerdo post-Brexit entre la UE y el Reino Unido no incluy\u00f3 a Las Islas Malvinas, Georgias del Sur y S\u00e1ndwich del Sur&#8221;.<br \/>\n&#8220;As\u00ed lo pedimos en todos los foros y reuniones que mantuvimos en 2020 con Ministros y Ministras de Asuntos Exteriores europeos&#8221;, a\u00f1adi\u00f3 expresando su benepl\u00e1cito.<br \/>\n&#8220;La no incorporaci\u00f3n de las Islas Malvinas al acuerdo del Brexit fue uno de los temas que el canciller Felipe Sol\u00e1 puso en las conversaciones con Josep Borrell (alto representante de Asuntos Exteriores de la UE, NDR) y con todos los cancilleres europeos con los que ha conversado este a\u00f1o&#8221;, indic\u00f3 el Secretario de Malvinas argentino, Danel Filmus.<br \/>\nLos argumentos de Argentina se basan en la vigencia de la resoluci\u00f3n 2065 de la ONU y la existencia de una controversia respecto al ejercicio de la soberan\u00eda. &#8220;De acuerdo a nuestros derechos y nuestra Constituci\u00f3n esos derechos corresponde a la Argentina. La decisi\u00f3n de la UE de no incluir las Malvinas respeta esta mirada&#8221;, dijo Filmus al peri\u00f3dico P\u00e1gina 12.<br \/>\nTras arduas negociaciones, la UE y Londres llegaron el 25 de diciembre a un acuerdo sobre su futura relaci\u00f3n comercial para evitar un Brexit brusco y el texto legal (m\u00e1s de 1.200 p\u00e1ginas) fue presentado ayer por el negociador europeo, Michel Barnier, a los embajadores de los 27 pa\u00edses que integran la comunidad.<br \/>\nAhora, la diplomacia de cada pa\u00eds deber\u00e1n analizarlo en detalle durante los pr\u00f3ximos d\u00edas.<br \/>\nEl acuerdo comenzar\u00eda a regir formalmente en 2021 despu\u00e9s de que los parlamentos de cada pa\u00eds integrante de la UE voten su aprobaci\u00f3n.<br \/>\nSeg\u00fan trascendi\u00f3, queda quebrados los privilegios comerciales que logr\u00f3 la Corona brit\u00e1nica en relaci\u00f3n a los territorios de ultramar, con los que la monarqu\u00eda mantiene &#8220;v\u00ednculos especiales&#8221;, seg\u00fan se desprende de la letra del propio acuerdo.<br \/>\nLas Islas Malvinas integran ese grupo de pa\u00edses que fueron dejados a un lado, junto con Anguilla, Bermuda, las Islas V\u00edrgenes, Georgia y Sandwich del sur, y otras.<br \/>\nExpertos argentinos detallaron que el acuerdo del post Brexit no los est\u00e1 considerando territorio ingl\u00e9s.<br \/>\nSeg\u00fan P\u00e1gina 12, en su mensaje de Navidad a los isle\u00f1os, el primer ministro Johnson hab\u00eda advertido que la UE &#8220;fue absolutamente intransigente en cuanto a excluir la mayor\u00eda de los territorios de ultramar de las negociaciones comerciales de este a\u00f1o&#8221; y aclar\u00f3 que los isle\u00f1os &#8220;no han sido olvidados o dejados de lado&#8221;.<br \/>\nEsto impactar\u00e1 en las islas del Atl\u00e1ntico Sur pues su poblaci\u00f3n vive en gran medida del calamar que pescadores europeos -mayoritariamente espa\u00f1oles- pescan en las aguas que la rodean.<br \/>\nEsa pesca ingresaba por Espa\u00f1a sin abonar ning\u00fan tipo de arancel. Pero tras el acuerdo comercial post Brexit, para ingresar a la UE, ese calamar del Atl\u00e1ntico Sur deber\u00e1n abonar aranceles.<br \/>\nLas Islas Malvinas (Falkland Islands como la denominan los brit\u00e1nicos) fueron eje de una guerra entre Argentina y Reino Unido en 1982, cuando el pa\u00eds sudamericano estaba gobernado por una dictadura militar encabezada por el general Leopoldo Fortunato Galtieri, quien orden\u00f3 una fallida invasi\u00f3n al territorio insular.<br \/>\nEso deriv\u00f3 en una gran reacci\u00f3n b\u00e9lica del gobierno de la premier brit\u00e1nica Margaret Thatcher, con un balance de 900 muertos y 1.800 heridos.<br \/>\nDesde entonces la bandera brit\u00e1nica flamea en las islas, aunque Argentina sigue reclamando su soberan\u00eda sobre ellas en todos los foros internacionales, bajo el s\u00f3lido argumento de que se encuentran sobre su plataforma continental.<\/p>\n","protected":false},"excerpt":{"rendered":"<p>Islas en litigio no est\u00e1n presentes en el pacto Londres-Bruselas BUENOS AIRES, 27 DIC &#8211; El gobierno argentino aplaudi\u00f3 que la Uni\u00f3n Europea excluyera a&hellip;<\/p>\n","protected":false},"author":99,"featured_media":0,"comment_status":"open","ping_status":"open","sticky":false,"template":"","format":"standard","meta":{"footnotes":""},"categories":[23],"tags":[],"class_list":["post-495383","post","type-post","status-publish","format-standard","hentry","category-latinoamerica"],"_links":{"self":[{"href":"https:\/\/diarioelpopular.com\/index.php\/wp-json\/wp\/v2\/posts\/495383","targetHints":{"allow":["GET"]}}],"collection":[{"href":"https:\/\/diarioelpopular.com\/index.php\/wp-json\/wp\/v2\/posts"}],"about":[{"href":"https:\/\/diarioelpopular.com\/index.php\/wp-json\/wp\/v2\/types\/post"}],"author":[{"embeddable":true,"href":"https:\/\/diarioelpopular.com\/index.php\/wp-json\/wp\/v2\/users\/99"}],"replies":[{"embeddable":true,"href":"https:\/\/diarioelpopular.com\/index.php\/wp-json\/wp\/v2\/comments?post=495383"}],"version-history":[{"count":1,"href":"https:\/\/diarioelpopular.com\/index.php\/wp-json\/wp\/v2\/posts\/495383\/revisions"}],"predecessor-version":[{"id":495385,"href":"https:\/\/diarioelpopular.com\/index.php\/wp-json\/wp\/v2\/posts\/495383\/revisions\/495385"}],"wp:attachment":[{"href":"https:\/\/diarioelpopular.com\/index.php\/wp-json\/wp\/v2\/media?parent=495383"}],"wp:term":[{"taxonomy":"category","embeddable":true,"href":"https:\/\/diarioelpopular.com\/index.php\/wp-json\/wp\/v2\/categories?post=495383"},{"taxonomy":"post_tag","embeddable":true,"href":"https:\/\/diarioelpopular.com\/index.php\/wp-json\/wp\/v2\/tags?post=495383"}],"curies":[{"name":"wp","href":"https:\/\/api.w.org\/{rel}","templated":true}]}}