{"id":495402,"date":"2020-12-31T13:47:27","date_gmt":"2020-12-31T17:47:27","guid":{"rendered":"https:\/\/diarioelpopular.com\/?p=495402"},"modified":"2020-12-31T13:47:27","modified_gmt":"2020-12-31T17:47:27","slug":"argentina-historica-legalizacion-del-aborto","status":"publish","type":"post","link":"https:\/\/diarioelpopular.com\/index.php\/2020\/12\/31\/argentina-historica-legalizacion-del-aborto\/","title":{"rendered":"Argentina: Hist\u00f3rica legalizaci\u00f3n del aborto"},"content":{"rendered":"<div id=\"attachment_495403\" style=\"width: 486px\" class=\"wp-caption alignnone\"><img loading=\"lazy\" decoding=\"async\" aria-describedby=\"caption-attachment-495403\" class=\"size-custom-full-size wp-image-495403\" src=\"https:\/\/diarioelpopular.com\/wp-content\/uploads\/2020\/12\/c4dce28e65e1de7e3e184b8ac44d27cf.jpg\" alt=\"\" width=\"476\" height=\"317\" \/><p id=\"caption-attachment-495403\" class=\"wp-caption-text\"><em>Legalizado el aborto en la Argentina.<\/em><br \/><em>(foto: EPA)<\/em><\/p><\/div>\n<h4><em><strong>Ley se aprob\u00f3 por mayor\u00eda superior a la prevista en Senado<\/strong><\/em><\/h4>\n<p><em><strong>BUENOS AIRES 31 DIC &#8211;<\/strong><\/em> La Argentina asisti\u00f3 este mi\u00e9rcoles a la hist\u00f3rica legalizaci\u00f3n del aborto, cuando el Senado aprob\u00f3 tras un largo debate el proyecto de ley de interrupci\u00f3n voluntaria del embarazo, que hab\u00eda sido presentado por el Poder Ejecutivo y ya aprobado en Diputados.<br \/>\nEl pa\u00eds se convirti\u00f3 as\u00ed en el 67\u00ba del mundo en legalizar el aborto, y el tercero en Sudam\u00e9rica luego de Guyana (que lo legaliz\u00f3 en 1995) y Uruguay (en 2012).<br \/>\nPuertas afuera del Congreso, el debate fue seguido por una marea de manifestantes a favor (&#8220;pa\u00f1uelos verdes&#8221;) y en contra (&#8220;pa\u00f1uelos celestes&#8221;).<br \/>\nLa votaci\u00f3n sancion\u00f3 la victoria de las activistas que luchaban por el derecho al aborto desde hace a\u00f1os: en una decisi\u00f3n transversal a todos los partidos, pero con m\u00e1s votos del gobernante Frente de Todos, el proyecto recibi\u00f3 38 votos a favor y 29 en contra, con cuatro ausentes y una abstenci\u00f3n.<br \/>\nLa legalizaci\u00f3n se produjo as\u00ed por una mayor\u00eda superior a la estimada en la v\u00edspera, cuando la votaci\u00f3n parec\u00eda pr\u00e1cticamente empatada, hasta que a \u00faltimo momento los senadores indecisos anunciaron su voto a favor.<br \/>\nEl proyecto de legalizaci\u00f3n, que ahora permitir\u00e1 el aborto sin causa hasta la semana 14 de gestaci\u00f3n, fue muy resistido por la Iglesia Cat\u00f3lica y hab\u00eda sido planteado por primera vez hace dos a\u00f1os, bajo el gobierno de Mauricio Macri.<br \/>\nEn esa oportunidad, la votaci\u00f3n result\u00f3 inversa y el texto del proyecto fue rechazado por 38 votos en contra y 31 a favor.<br \/>\nPoco despu\u00e9s de comenzar el debate, con el objetivo de acercarse a los votos necesarios para la legalizaci\u00f3n, el gobierno acept\u00f3 modificaciones en el texto para evitar un regreso del proyecto a Diputados y una demora en la aprobaci\u00f3n.<br \/>\nAs\u00ed se logr\u00f3 el voto a favor de dos senadores que ten\u00edan posibilidad de abstenerse, en tanto otros exponentes cambiaron su voto de &#8220;celeste&#8221; a &#8220;verde&#8221;.<br \/>\nSin embargo, no faltaron protestas de algunos legisladores seg\u00fan los cuales el debate por el aborto en el Senado se realizaba intencionalmente en simult\u00e1neo con otro debate, en Diputados, que aprob\u00f3 una f\u00f3rmula de ajuste para el c\u00e1lculo de los haberes jubilatorios, una medida que afectar\u00e1 a millones de personas.<br \/>\nY adem\u00e1s de las consabidas posturas a favor y en contra, se escucharon voces de quienes habr\u00edan preferido un refer\u00e9ndum para consagrar la decisi\u00f3n.<br \/>\nTras la legalizaci\u00f3n del aborto se aprob\u00f3 tambi\u00e9n la Ley Nacional de Atenci\u00f3n y Cuidado Integral de la Salud durante el Embarazo y la Primera Infancia, el &#8220;Plan de los mil d\u00edas&#8221;, que establece el pago de una Asignaci\u00f3n Universal por Hijo una vez por a\u00f1o para ayudar al cuidado de cada ni\u00f1o menor de tres a\u00f1os.<br \/>\nLa ley aprobada hoy establece que las mujeres podr\u00e1n interrumpir voluntariamente un embarazo hasta la semana 14 de gestaci\u00f3n, sin necesidad de exhibir una causa y sin costo, ya que la intervenci\u00f3n ser\u00e1 incorporada al Plan M\u00e9dico Obligatorio (PMO) del sistema de salud.<br \/>\nLos establecimientos m\u00e9dicos, por su parte, deben responder al pedido en un m\u00e1ximo de diez d\u00edas corridos. Entorpecer o demorar la prestaci\u00f3n ser\u00e1 penada con prisi\u00f3n de tres meses a un a\u00f1o e inhabilitaci\u00f3n especial por el doble de la condena.<br \/>\nA partir de la semana 15 de gestaci\u00f3n, el aborto continuar\u00e1 siendo un delito salvo en los casos en que el embarazo fuera producto de una violaci\u00f3n o si estuviera &#8220;en peligro la vida o la salud integral&#8221; de la mujer.<br \/>\nEn los casos de violaci\u00f3n no deber\u00e1 mediar denuncia penal alguna por parte de la v\u00edctima: las personas mayores de 16 a\u00f1os podr\u00e1n acceder a la pr\u00e1ctica con la firma de una declaraci\u00f3n jurada.<br \/>\nEl personal m\u00e9dico, por su parte, deber\u00e1 garantizar privacidad, trato digno, consentimiento informado y confidencialidad.<br \/>\nAl mismo tiempo, podr\u00e1 ejercer la objeci\u00f3n de conciencia, en cuyo caso deber\u00e1 derivar a la paciente para que sea atendida por otro profesional &#8220;sin dilaciones&#8221;.<br \/>\nLa objeci\u00f3n de conciencia no podr\u00e1 plantearse en caso de que est\u00e9 en peligro inminente la vida o la salud de la persona gestante, ni para negar la asistencia post-aborto.<\/p>\n","protected":false},"excerpt":{"rendered":"<p>Ley se aprob\u00f3 por mayor\u00eda superior a la prevista en Senado BUENOS AIRES 31 DIC &#8211; La Argentina asisti\u00f3 este mi\u00e9rcoles a la hist\u00f3rica legalizaci\u00f3n&hellip;<\/p>\n","protected":false},"author":99,"featured_media":0,"comment_status":"open","ping_status":"open","sticky":false,"template":"","format":"standard","meta":{"footnotes":""},"categories":[23],"tags":[],"class_list":["post-495402","post","type-post","status-publish","format-standard","hentry","category-latinoamerica"],"_links":{"self":[{"href":"https:\/\/diarioelpopular.com\/index.php\/wp-json\/wp\/v2\/posts\/495402","targetHints":{"allow":["GET"]}}],"collection":[{"href":"https:\/\/diarioelpopular.com\/index.php\/wp-json\/wp\/v2\/posts"}],"about":[{"href":"https:\/\/diarioelpopular.com\/index.php\/wp-json\/wp\/v2\/types\/post"}],"author":[{"embeddable":true,"href":"https:\/\/diarioelpopular.com\/index.php\/wp-json\/wp\/v2\/users\/99"}],"replies":[{"embeddable":true,"href":"https:\/\/diarioelpopular.com\/index.php\/wp-json\/wp\/v2\/comments?post=495402"}],"version-history":[{"count":1,"href":"https:\/\/diarioelpopular.com\/index.php\/wp-json\/wp\/v2\/posts\/495402\/revisions"}],"predecessor-version":[{"id":495404,"href":"https:\/\/diarioelpopular.com\/index.php\/wp-json\/wp\/v2\/posts\/495402\/revisions\/495404"}],"wp:attachment":[{"href":"https:\/\/diarioelpopular.com\/index.php\/wp-json\/wp\/v2\/media?parent=495402"}],"wp:term":[{"taxonomy":"category","embeddable":true,"href":"https:\/\/diarioelpopular.com\/index.php\/wp-json\/wp\/v2\/categories?post=495402"},{"taxonomy":"post_tag","embeddable":true,"href":"https:\/\/diarioelpopular.com\/index.php\/wp-json\/wp\/v2\/tags?post=495402"}],"curies":[{"name":"wp","href":"https:\/\/api.w.org\/{rel}","templated":true}]}}