{"id":495411,"date":"2020-12-31T13:56:25","date_gmt":"2020-12-31T17:56:25","guid":{"rendered":"https:\/\/diarioelpopular.com\/?p=495411"},"modified":"2020-12-31T13:56:25","modified_gmt":"2020-12-31T17:56:25","slug":"morena-perfila-su-fuerza-electoral-a-seis-meses-de-los-comicios-mas-grandes-de-mexico","status":"publish","type":"post","link":"https:\/\/diarioelpopular.com\/index.php\/2020\/12\/31\/morena-perfila-su-fuerza-electoral-a-seis-meses-de-los-comicios-mas-grandes-de-mexico\/","title":{"rendered":"Morena perfila su fuerza electoral a seis meses de los comicios m\u00e1s grandes de M\u00e9xico"},"content":{"rendered":"<div id=\"attachment_495412\" style=\"width: 310px\" class=\"wp-caption alignnone\"><img loading=\"lazy\" decoding=\"async\" aria-describedby=\"caption-attachment-495412\" class=\"size-medium wp-image-495412\" src=\"https:\/\/diarioelpopular.com\/wp-content\/uploads\/2020\/12\/EEG2NYMMIDVHYLSWUMNHHY7NVI-300x196.jpg\" alt=\"\" width=\"300\" height=\"196\" \/><p id=\"caption-attachment-495412\" class=\"wp-caption-text\"><em>L\u00f3pez Obrador, durante su conferencia matutina el 30 de diciembre.EFE<\/em><\/p><\/div>\n<h4 class=\"a_st font_secondary color_gray_dark \"><em><strong>Las elecciones intermedias de junio generan una industria de cargos y nombramientos de la que nadie quiere quedarse fuera<\/strong><\/em><\/h4>\n<p>En un contexto de recesi\u00f3n econ\u00f3mica, la industria electoral florece y avanza hacia una nueva primavera. M\u00e1s de 20.000 de puestos de elecci\u00f3n popular, a los que se unen miles de operadores, asesores o publicistas engrasan estos d\u00edas una maquinaria que comienza a andar y que <a href=\"https:\/\/elpais.com\/mexico\/2020-12-25\/el-uso-electoral-de-la-vacuna-enfrenta-al-gobierno-y-a-la-oposicion-mexicana.html?prm=ep-app-modalcompartir\" target=\"_blank\" rel=\"noopener\" data-link-track-dtm=\"\">agotar\u00e1 el pa\u00eds <\/a>hasta el 6 de junio cuando se celebrar\u00e1n las elecciones m\u00e1s grandes de la historia de M\u00e9xico.<\/p>\n<p class=\"\">La irrupci\u00f3n de los <i>superdelegados<\/i> como una nueva y poderosa figura pol\u00edtica, la obligaci\u00f3n de paridad de g\u00e9nero, la <a href=\"https:\/\/elpais.com\/mexico\/2020-12-23\/la-alianza-opositora-a-morena-nace-con-la-intencion-de-salvar-al-pais.html?prm=ep-app-modalcompartir\" target=\"_blank\" rel=\"noopener\" data-link-track-dtm=\"\">alianza de los principales partidos de oposici\u00f3n<\/a> contra Morena o el estado an\u00edmico en que llega el partido en el poder son algunas de las novedades para la elecci\u00f3n, entre otros, de 15 gobernadores, 500 diputados, 30 congresos locales y casi 2.000 ayuntamientos.<\/p>\n<p class=\"\">En los \u00faltimos d\u00edas, el movimiento fundado por Andr\u00e9s Manuel L\u00f3pez Obrador ha definido los nombres de los candidatos a las gubernaturas lo que ha significado el cierre en falso de algunas heridas, evidenciado la fractura que arrastra desde su fundaci\u00f3n el Movimiento de Regeneraci\u00f3n Nacional (Morena). Este mi\u00e9rcoles Ra\u00fal Mor\u00f3n para Michoac\u00e1n, Rub\u00e9n Rocha para Sinaloa y F\u00e9lix Salgado Macedonio para Guerrero han sido los \u00faltimos nombres conocidos. Sin embargo, el peculiar m\u00e9todo elegido, las encuestas elaboradas por la direcci\u00f3n del partido, han hecho aflorar acusaciones de nepotismo y datos manipulados.<\/p>\n<p class=\"\">Mientras en Campeche, Baja California Sur y Baja California Layda Sansores, V\u00edctor Castro y Marina del Pilar fueron elegidas en relativa calma, otras cinco \u2018primarias\u2019 se celebraron entre reproches y amagos de violencia sin que se conozcan los efectos que puede tener sobre el electorado. En Nuevo Le\u00f3n, Tlaxcala, Guerrero, Zacatecas y Chihuahua los derrotados anunciaron impugnaciones y un hombre, Cesar Ya\u00f1ez, antiguo secretario de L\u00f3pez Obrador, personifica como pocos el ambiente que se respira en la formaci\u00f3n. La esposa de Ya\u00f1ez, Dulce Mar\u00eda Silva, <a href=\"https:\/\/elpais.com\/internacional\/2018\/10\/05\/mexico\/1538752904_346091.html\" target=\"_blank\" rel=\"noopener\" data-link-track-dtm=\"\">con quien apareci\u00f3 en la portada de la revista \u00a1Hola!<\/a>, lo que le cost\u00f3 que L\u00f3pez Obrador lo apartara de su puesto, carg\u00f3 con dureza contra Morena cuando su partido no la eligi\u00f3 para ser candidata en Tlaxcala. Esta semana fue su hermana, Claudia Y\u00e1\u00f1ez, quien acus\u00f3 de nepotismo a Morena cuando no la eligi\u00f3 para ser gobernadora en Colima y se pas\u00f3 al bando opositor convirti\u00e9ndose en candidata de la alianza PAN,PRI y PRD.<\/p>\n<p class=\"\">Precisamente Colima es uno de los m\u00e1s representativos sobre la fuerza de los<i>superdelegados<\/i>, una figura creada por L\u00f3pez Obrador al principio de su mandato para gestionar directamente los programas sociales. En este Estado del Pac\u00edfico, uno de los m\u00e1s violentos de M\u00e9xico, Indira Vizca\u00edno renunci\u00f3 a su cargo de <i>superdelegada<\/i> en Colima el 30 de octubre y, 51 d\u00edas despu\u00e9s, fue elegida candidata a la gubernatura de la entidad. Su opositora, Claudia Y\u00e1\u00f1ez, la acus\u00f3 de utilizar programas sociales para promocionarse. Los reproches continuaron en el Estado de Nayarit, donde la dirigencia nacional eligi\u00f3 a Miguel \u00c1ngel Navarro, pese a que la dirigencia estatal de Morena lo hab\u00eda vetado.<\/p>\n<p class=\"\">En Baja Californa Sur, el exdelegado, Victor Castro, fue elegido frente a Alejandro Lage, exasesor en el desarrollo de los proyectos estrat\u00e9gicos de L\u00f3pez Obrador quien acus\u00f3 a su partido de \u201cdedazo\u201d. Lage, uno de los fundadores de Morena critic\u00f3 que la figura de <i>superdelegados<\/i> y los programas sociales que maneja, haya servido como estrategia electoral. \u201cLos<i>superdelegados<\/i> son un proyecto electoral, y nunca funcionaron como<i>superdelegados<\/i>, desde el punto de vista t\u00e9cnico y de administraci\u00f3n p\u00fablica, nunca fueron ni operadores pol\u00edticos, fueron repartidores de dinero para posicionar su imagen con las becas y los programas sociales (&#8230;) lamentablemente la 4T hered\u00f3 del PRI el dedazo\u201d, dijo en una entrevista.<\/p>\n<p class=\"\">Otra de las elecciones convulsas se dio en la elecci\u00f3n de David Monreal en Zacatecas. Su rival, Jos\u00e9 Narro C\u00e9spedes, reproch\u00f3 a la c\u00fapula del partido haber apoyado abiertamente a Monreal. \u201cNosotros no competimos contra David, competimos contra un apellido\u201d, dijo en referencia a Ricardo Monreal, coordinador de Morena en el Senado.<\/p>\n<p class=\"\">Las aguas tambi\u00e9n estuvieron agitadas en Nuevo Le\u00f3n, donde <a href=\"https:\/\/elpais.com\/mexico\/2020-12-17\/en-nuevo-leon-somos-diferentes-queremos-que-el-gobierno-no-estorbe-queremos-hacer.html\" target=\"_blank\" rel=\"noopener\" data-link-track-dtm=\"\">la designaci\u00f3n de Clara Luz Flores<\/a>, fue mal recibida por quienes se consideran fundadores del partido en Nuevo Le\u00f3n. Un panorama similar se vivi\u00f3 en Tlaxcala. Mientras a Lorena Cu\u00e9llar se convert\u00eda en la aspirante reconocida por Mario Delgado en la colonia Roma, las derrotadas Sandra Dom\u00ednguez y Dulce Silva acusaron de manipulaci\u00f3n y oscurantismo el m\u00e9todo de las encuestas. En Chihuahua, fue Juan Carlos Loera de la Rosa, otro ex <i>superdelegado<\/i> el elegido en medio de las acusaciones de su opositor Cruz P\u00e9rez. En Guerrero, apurando el l\u00edmite legal, este mi\u00e9rcoles se anunci\u00f3 la elecci\u00f3n del pol\u00e9mico F\u00e9lix Salgado Macedonio, cuya elecci\u00f3n frente a Pablo Am\u00edlcar ha mantenido durante meses en pie de guerra al partido.<\/p>\n<p class=\"\">Las consecuencias de la divisi\u00f3n son todav\u00eda una inc\u00f3gnita en el partido. Morena medir\u00e1 fuerzas a nivel local en m\u00e1s de la mitad del pa\u00eds, pero esta vez L\u00f3pez Obrador no estar\u00e1 en la papeleta electoral y la popularidad presidencial no es suficiente para neutralizar los muchos los factores locales que mueven una elecci\u00f3n intermedia.<\/p>\n<p class=\"\">La maquinaria electoral carga pilas antes de arrancar un agitado 2021 donde 95 millones de mexicanos est\u00e1n llamados a las urnas, cinco m\u00e1s que en 2018, y para la que habr\u00e1 que instalar 161.000 casillas de votaci\u00f3n, 4.000 m\u00e1s que en la elecci\u00f3n presidencial. Una industria electoral para la que el Instituto Nacional Electoral (INE) tendr\u00e1 que contratar 50.000 supervisores.<\/p>\n<p class=\"\">Por su parte, la oposici\u00f3n decidi\u00f3 unirse para <a href=\"https:\/\/elpais.com\/mexico\/2020-12-09\/la-alianza-del-pri-pan-y-prd-una-formula-vacia-para-vencer-al-enemigo-comun.html?rel=mas\" target=\"_blank\" rel=\"noopener\" data-link-track-dtm=\"\">hacer frente al tsunami<\/a> L\u00f3pez Obrador en una in\u00e9dita alianza de todos contra Morena cuya efectividad es dif\u00edcil de calcular. La alianza entre la derecha del Partido Acci\u00f3n Nacional (PAN) y las izquierdas del Revolucionario Institucional (PRI) y de la Revoluci\u00f3n Democr\u00e1tica (PRD) convierte en aliados en una extra\u00f1a amalgama cuyo \u00fanico motor ideol\u00f3gico es frenar a Morena. Actualmente las encuestas se\u00f1alan que solo el 30% de los mexicanos rechaza frontalmente al mandatario por lo que las elecciones intermedias pueden marcar tambi\u00e9n el techo del movimiento anti L\u00f3pez Obrador.<\/p>\n","protected":false},"excerpt":{"rendered":"<p>Las elecciones intermedias de junio generan una industria de cargos y nombramientos de la que nadie quiere quedarse fuera En un contexto de recesi\u00f3n econ\u00f3mica,&hellip;<\/p>\n","protected":false},"author":99,"featured_media":0,"comment_status":"open","ping_status":"open","sticky":false,"template":"","format":"standard","meta":{"footnotes":""},"categories":[23],"tags":[],"class_list":["post-495411","post","type-post","status-publish","format-standard","hentry","category-latinoamerica"],"_links":{"self":[{"href":"https:\/\/diarioelpopular.com\/index.php\/wp-json\/wp\/v2\/posts\/495411","targetHints":{"allow":["GET"]}}],"collection":[{"href":"https:\/\/diarioelpopular.com\/index.php\/wp-json\/wp\/v2\/posts"}],"about":[{"href":"https:\/\/diarioelpopular.com\/index.php\/wp-json\/wp\/v2\/types\/post"}],"author":[{"embeddable":true,"href":"https:\/\/diarioelpopular.com\/index.php\/wp-json\/wp\/v2\/users\/99"}],"replies":[{"embeddable":true,"href":"https:\/\/diarioelpopular.com\/index.php\/wp-json\/wp\/v2\/comments?post=495411"}],"version-history":[{"count":1,"href":"https:\/\/diarioelpopular.com\/index.php\/wp-json\/wp\/v2\/posts\/495411\/revisions"}],"predecessor-version":[{"id":495413,"href":"https:\/\/diarioelpopular.com\/index.php\/wp-json\/wp\/v2\/posts\/495411\/revisions\/495413"}],"wp:attachment":[{"href":"https:\/\/diarioelpopular.com\/index.php\/wp-json\/wp\/v2\/media?parent=495411"}],"wp:term":[{"taxonomy":"category","embeddable":true,"href":"https:\/\/diarioelpopular.com\/index.php\/wp-json\/wp\/v2\/categories?post=495411"},{"taxonomy":"post_tag","embeddable":true,"href":"https:\/\/diarioelpopular.com\/index.php\/wp-json\/wp\/v2\/tags?post=495411"}],"curies":[{"name":"wp","href":"https:\/\/api.w.org\/{rel}","templated":true}]}}