{"id":495414,"date":"2020-12-31T13:59:49","date_gmt":"2020-12-31T17:59:49","guid":{"rendered":"https:\/\/diarioelpopular.com\/?p=495414"},"modified":"2020-12-31T13:59:49","modified_gmt":"2020-12-31T17:59:49","slug":"ecuador-arranca-la-campana-electoral-con-impugnaciones-y-profundas-tensiones-politicas","status":"publish","type":"post","link":"https:\/\/diarioelpopular.com\/index.php\/2020\/12\/31\/ecuador-arranca-la-campana-electoral-con-impugnaciones-y-profundas-tensiones-politicas\/","title":{"rendered":"Ecuador arranca la campa\u00f1a electoral con impugnaciones y profundas tensiones pol\u00edticas"},"content":{"rendered":"<div id=\"attachment_495415\" style=\"width: 310px\" class=\"wp-caption alignnone\"><img loading=\"lazy\" decoding=\"async\" aria-describedby=\"caption-attachment-495415\" class=\"size-medium wp-image-495415\" src=\"https:\/\/diarioelpopular.com\/wp-content\/uploads\/2020\/12\/OOPBMKOBCNFCHG2ZBASVDG4ORQ-300x202.jpg\" alt=\"\" width=\"300\" height=\"202\" \/><p id=\"caption-attachment-495415\" class=\"wp-caption-text\"><em>Una manifestaci\u00f3n el pasado mes de septiembre en Quito en apoyo del expresidente Rafael Correa y el candidato al que promociona, Andr\u00e9s Arauz.JOSE JACOME \/ EFE<\/em><\/p><\/div>\n<h4 class=\"a_st font_secondary color_gray_dark \"><em><strong>Hay 16 candidatos confirmados y uno m\u00e1s en el aire para gobernar un pa\u00eds asfixiado por la estrecheces fiscales<\/strong><\/em><\/h4>\n<p>El a\u00f1o m\u00e1s ca\u00f3tico y cr\u00edtico para Ecuador, en medio de un vendaval econ\u00f3mico y una compleja gesti\u00f3n de la crisis sanitaria, termina abriendo la puerta al futuro pol\u00edtico. Este jueves, 31 de diciembre, arranca la campa\u00f1a electoral para elegir al presidente que <a href=\"https:\/\/elpais.com\/internacional\/2020-12-11\/lenin-moreno-pide-perdon-por-el-abandono-de-ecuador-a-una-menor-que-sufrio-abusos-y-se-suicido.html\" target=\"_blank\" rel=\"noopener\" data-link-track-dtm=\"\">sustituir\u00e1 a Len\u00edn Moreno <\/a>y que gobernar\u00e1 durante cuatro a\u00f1os <a href=\"https:\/\/elpais.com\/sociedad\/2020-06-05\/una-oleada-de-casos-de-corrupcion-golpea-ecuador-en-medio-de-la-pandemia.html\" target=\"_blank\" rel=\"noopener\" data-link-track-dtm=\"\">un pa\u00eds acorralado por el impacto del coronavirus,<\/a> por sus deudas y por las estrecheces fiscales. La carrera electoral comienza repleta de dudas, impugnaciones y fuertes tensiones entre los partidarios del expresidente Rafael Correa y sus detractores.<\/p>\n<p class=\"\">A un d\u00eda del inicio oficial de los 36 d\u00edas de campa\u00f1a los preparativos a\u00fan est\u00e1n a medias. Hay 16 listas confirmadas, mientras las autoridades electorales est\u00e1n inmersas en un cruce de decisiones discordantes sobre la participaci\u00f3n de \u00c1lvaro Noboa. Se trata del aspirante de una candidatura llamada Justicia Social, que surgi\u00f3 a mitad de la precampa\u00f1a \u2014pese a haber renunciado inicialmente en pro de <a href=\"https:\/\/elpais.com\/internacional\/2020-07-22\/la-justicia-ecuatoriana-ratifica-la-condena-de-ocho-anos-de-carcel-contra-rafael-correa-por-cohecho.html\" target=\"_blank\" rel=\"noopener\" data-link-track-dtm=\"\">un candidato de consenso que frenara el regreso del corre\u00edsmo<\/a>\u2014 y su aparici\u00f3n abri\u00f3 una v\u00e1lvula de escape para esa gran masa gris de votantes que no quieren dar su apoyo a Guillermo Lasso, de la alianza conservadora CREO-PSC, ni a Andr\u00e9s Arauz, el nuevo rostro que auspicia el expresidente Rafael Correa desde B\u00e9lgica.<\/p>\n<p class=\"\">Las encuestas, difusas y contradictorias entre s\u00ed, colocan a Noboa entre los favoritos, pese a que su postulaci\u00f3n no est\u00e1 ni siquiera aprobada. Lleg\u00f3 tarde a las primarias internas de su organizaci\u00f3n pol\u00edtica y, por ello, el Consejo Nacional Electoral le impidi\u00f3 formalmente lanzarse a la carrera a Carondelet. Pero el movimiento Justicia Social est\u00e1 planteando una batalla jur\u00eddica en la que el Tribunal Contencioso Electoral \u2014que dirime los recursos o reclamos ante las decisiones de la autoridad electoral\u2014 le dio una oportunidad. Este aspirante tiene a\u00fan una oportunidad de cumplir los tr\u00e1mites de designaci\u00f3n interna de forma extempor\u00e1nea y as\u00ed entrar en la pugna presidencial.<\/p>\n<p class=\"\">El caso lleg\u00f3 hasta la Corte Constitucional, que inadmiti\u00f3 una demanda del CNE contra el tribunal electoral por conflicto de competencias y ahora todo est\u00e1 en el aire. Hay incluso una denuncia por infracci\u00f3n electoral contra cuatro de los cinco miembros del CNE que se aclarar\u00e1 en enero, d\u00edas despu\u00e9s del inicio de campa\u00f1a. La \u00fanica certeza es que no se retrasar\u00e1 la fecha de votaci\u00f3n:<a href=\"https:\/\/elpais.com\/noticias\/elecciones-ecuador\/\" target=\"_blank\" rel=\"noopener\" data-link-track-dtm=\"\"> la primera vuelta ser\u00e1 el 7 de febrero<\/a> y, en caso de que ning\u00fan candidato logre ganar con suficiente margen habr\u00e1 una segunda vuelta, que se celebrar\u00e1 el 11 de abril.<\/p>\n<p class=\"\">Len\u00edn Moreno ha ratificado, por su parte, que dejar\u00e1 el cargo el 24 de mayo, en el acto de entrega de poderes que se celebrar\u00e1 en la Asamblea Nacional. Quien se haga con la banda presidencial heredar\u00e1 un pa\u00eds que no ha corregido los desequilibrios fiscales en los \u00faltimos cuatro a\u00f1os. <a href=\"https:\/\/elpais.com\/internacional\/2017\/07\/14\/america\/1499989552_044307.html\" target=\"_blank\" rel=\"noopener\" data-link-track-dtm=\"\">El expresidente Rafael Correa termin\u00f3 una d\u00e9cada de gobierno con una econom\u00eda sobreendeudada<\/a>por encima del l\u00edmite constitucional, y una inercia presupuestaria en la que los gastos eran siempre superiores a los ingresos con un brecha oscilante entre 4.000 y 7.000 millones de d\u00f3lares anuales: del 4 al 7 % del PIB nacional. Moreno, aliado y vicepresidente de Correa, se desmarc\u00f3 pronto de su predecesor, pero en tres a\u00f1os y medio solo deja una parte de los deberes cumplidos. Logr\u00f3 renegociar con sus acreedores la deuda soberana este 2020, en mitad de la pandemia, y concedi\u00f3 al futuro presidente un bal\u00f3n de ox\u00edgeno al acordar con los prestamistas cinco a\u00f1os de gracia en el pago de capital y dos a\u00f1os para los intereses de una deuda de m\u00e1s de 17.000 millones de d\u00f3lares. Consigui\u00f3 una quita de 1.500 millones y rebajar la tasa de inter\u00e9s que oscilaba entre un 7,7 % y un 10,7 % a un promedio de 5,3 %. El acuciante cronograma de pagos de los siguientes 10 a\u00f1os se estir\u00f3 para poder cumplirlo entre 2023 y 2040.<\/p>\n<p class=\"\">Esa gesti\u00f3n abri\u00f3 la llave, adem\u00e1s, <a href=\"https:\/\/elpais.com\/economia\/2020-08-28\/ecuador-cierra-un-prestamo-de-6500-millones-de-dolares-con-el-fmi.html\" target=\"_blank\" rel=\"noopener\" data-link-track-dtm=\"\">a la llegada de recursos frescos del Fondo Monetario Internacional<\/a>. Van 4.000 millones de d\u00f3lares en el \u00faltimo semestre de un programa total de 6.500 millones que, como contraparte, exige a Ecuador aplicar fuertes reformas para revertir en dos a\u00f1os un d\u00e9ficit anual. De casi 9.000 millones \u2014en una econom\u00eda que mueve en torno a 100.000 millones al a\u00f1o\u2014 debe quedar en un leve super\u00e1vit de 600. El Gobierno de Moreno tiene apenas cinco meses para completar los cambios en materia tributaria, laboral y fiscal, pese a tener una Asamblea fragmentada y sin mayor\u00eda garantizada. De lo contrario, los ajustes econ\u00f3micos quedar\u00e1n en manos del siguiente presidente que, adem\u00e1s, deber\u00e1 seguir lidiando con los estragos de la pandemia de covid-19.<\/p>\n","protected":false},"excerpt":{"rendered":"<p>Hay 16 candidatos confirmados y uno m\u00e1s en el aire para gobernar un pa\u00eds asfixiado por la estrecheces fiscales El a\u00f1o m\u00e1s ca\u00f3tico y cr\u00edtico&hellip;<\/p>\n","protected":false},"author":99,"featured_media":0,"comment_status":"open","ping_status":"open","sticky":false,"template":"","format":"standard","meta":{"footnotes":""},"categories":[23],"tags":[],"class_list":["post-495414","post","type-post","status-publish","format-standard","hentry","category-latinoamerica"],"_links":{"self":[{"href":"https:\/\/diarioelpopular.com\/index.php\/wp-json\/wp\/v2\/posts\/495414","targetHints":{"allow":["GET"]}}],"collection":[{"href":"https:\/\/diarioelpopular.com\/index.php\/wp-json\/wp\/v2\/posts"}],"about":[{"href":"https:\/\/diarioelpopular.com\/index.php\/wp-json\/wp\/v2\/types\/post"}],"author":[{"embeddable":true,"href":"https:\/\/diarioelpopular.com\/index.php\/wp-json\/wp\/v2\/users\/99"}],"replies":[{"embeddable":true,"href":"https:\/\/diarioelpopular.com\/index.php\/wp-json\/wp\/v2\/comments?post=495414"}],"version-history":[{"count":1,"href":"https:\/\/diarioelpopular.com\/index.php\/wp-json\/wp\/v2\/posts\/495414\/revisions"}],"predecessor-version":[{"id":495416,"href":"https:\/\/diarioelpopular.com\/index.php\/wp-json\/wp\/v2\/posts\/495414\/revisions\/495416"}],"wp:attachment":[{"href":"https:\/\/diarioelpopular.com\/index.php\/wp-json\/wp\/v2\/media?parent=495414"}],"wp:term":[{"taxonomy":"category","embeddable":true,"href":"https:\/\/diarioelpopular.com\/index.php\/wp-json\/wp\/v2\/categories?post=495414"},{"taxonomy":"post_tag","embeddable":true,"href":"https:\/\/diarioelpopular.com\/index.php\/wp-json\/wp\/v2\/tags?post=495414"}],"curies":[{"name":"wp","href":"https:\/\/api.w.org\/{rel}","templated":true}]}}