{"id":495423,"date":"2021-01-02T13:55:17","date_gmt":"2021-01-02T17:55:17","guid":{"rendered":"https:\/\/diarioelpopular.com\/?p=495423"},"modified":"2021-01-02T13:55:17","modified_gmt":"2021-01-02T17:55:17","slug":"peru-cuarentena-para-todos-los-arribados","status":"publish","type":"post","link":"https:\/\/diarioelpopular.com\/index.php\/2021\/01\/02\/peru-cuarentena-para-todos-los-arribados\/","title":{"rendered":"Per\u00fa, cuarentena para todos los arribados"},"content":{"rendered":"<div id=\"attachment_495424\" style=\"width: 210px\" class=\"wp-caption alignnone\"><img loading=\"lazy\" decoding=\"async\" aria-describedby=\"caption-attachment-495424\" class=\"size-medium wp-image-495424\" src=\"https:\/\/diarioelpopular.com\/wp-content\/uploads\/2021\/01\/60bd93e1b7a3f5e674d06de7bcf0ff31-200x300.jpg\" alt=\"\" width=\"200\" height=\"300\" srcset=\"https:\/\/diarioelpopular.com\/wp-content\/uploads\/2021\/01\/60bd93e1b7a3f5e674d06de7bcf0ff31-200x300.jpg 200w, https:\/\/diarioelpopular.com\/wp-content\/uploads\/2021\/01\/60bd93e1b7a3f5e674d06de7bcf0ff31-49x73.jpg 49w, https:\/\/diarioelpopular.com\/wp-content\/uploads\/2021\/01\/60bd93e1b7a3f5e674d06de7bcf0ff31.jpg 476w\" sizes=\"auto, (max-width: 200px) 100vw, 200px\" \/><p id=\"caption-attachment-495424\" class=\"wp-caption-text\"><em>Per\u00fa, cuarentena para todos los arribados (foto: ANSA)<\/em><\/p><\/div>\n<h4><em><strong>Medida para evitar nueva cepa y m\u00e1s contagios. Golpe al turismo<\/strong><\/em><\/h4>\n<p><em><strong>LIMA 2 ENE &#8211;<\/strong><\/em> Desde este primer d\u00eda de 2021 rigen en Per\u00fa 14 d\u00edas de cuarentena obligatoria a todas las personas que lleguen desde el exterior, en un intento por frenar los contagios de Covid-19 a partir de las nuevas cepas.<br \/>\nLa medida causa un nuevo golpe al turismo local, severamente da\u00f1ado por la crisis sanitaria.<br \/>\nDurante 2020 Per\u00fa tuvo un 79% menos turistas y menos facturaci\u00f3n que en el a\u00f1o 2019, lo que representa un estimado de 900 millones de d\u00f3lares menos en el sector, seg\u00fan datos de la C\u00e1mara Nacional de Turismo (Canatur).<br \/>\nPor otro lado, el turismo interno registr\u00f3 un 74% menos viajes.<br \/>\nEl Decreto Supremo publicado esta ma\u00f1ana en el diario oficial El Peruano establece esta medida para todos los peruanos, extranjeros residentes en el Per\u00fa y extranjeros visitantes, ante la propagaci\u00f3n de nuevas variantes del coronavirus.<br \/>\n&#8220;Disp\u00f3ngase, a partir del 4 de enero de 2021, la cuarentena obligatoria por un periodo de catorce (14) d\u00edas calendario, contados desde el arribo al territorio nacional, para todos los peruanos, extranjeros residentes en el Per\u00fa y extranjeros visitantes, que ingresen al territorio nacional por v\u00eda de transporte internacional, independientemente del pa\u00eds de procedencia&#8221;, se\u00f1ala el Decreto Supremo.<br \/>\nLa norma indica que los peruanos, extranjeros residentes y visitantes realizar\u00e1n la cuarentena en su domicilio, en la Villa Panamericana u otro centro de aislamiento temporal, o en un hospedaje, previa coordinaci\u00f3n con la autoridad sanitaria.<br \/>\nTambi\u00e9n se aplica a todas las personas que ingresen a Per\u00fa provenientes de pa\u00edses donde se han identificado las nuevas variantes del coronavirus entre el 1 y 3 de enero de 2021. Es decir, antes de la entrada en vigencia de esta medida, se les aplicar\u00e1 el mismo d\u00eda de su arribo al pa\u00eds la prueba de ant\u00edgeno para el descarte de Covid-19, mientras que a los que provengan de un destino distinto se les realizar\u00e1 la prueba de ant\u00edgeno de manera aleatoria.<br \/>\nAquellos cuyo resultado sea positivo, ingresan a aislamiento obligatorio por 14 d\u00edas, el que se realizar\u00e1 en la Villa Panamericana u otro centro de aislamiento temporal.<br \/>\nEl 15 de diciembre Per\u00fa hab\u00eda dado un paso casi definitivo en su proceso de reapertura tur\u00edstica, ya que volvi\u00f3 a permitir los vuelos de m\u00e1s de ocho horas de duraci\u00f3n hacia su territorio.<br \/>\nGradualmente fueron quedando habilitados mercados clave para la recepci\u00f3n de viajeros, empezando por Europa.<br \/>\nEn octubre y tras siete meses de aislamiento, Per\u00fa inici\u00f3 una gradual reapertura de su turismo internacional, autorizando viajes de hasta cuatro horas de duraci\u00f3n, lo que permiti\u00f3 la llegada desde algunos pocos pa\u00edses vecinos.<br \/>\nYa en noviembre, incluy\u00f3 los vuelos de hasta ocho horas, habilitando a casi todos los mercados de Am\u00e9rica y el 15 de diciembre se plasm\u00f3 la apertura de fronteras a vuelos internacionales de m\u00e1s de ocho horas de duraci\u00f3n.<br \/>\nLa nueva disposici\u00f3n implica un retroceso en la recuperaci\u00f3n del turismo, duramente castigado por la pandemia.<br \/>\nHasta antes de la Navidad, de acuerdo a un reporte del ministerio de Salud, Per\u00fa solo recibi\u00f3 tres turistas con Covid-19 sobre los 121.455 pasajeros que arribaron al pa\u00eds por v\u00eda a\u00e9rea y los 77.531 a los que se les hizo seguimiento, desde el inicio de la desescalada internacional, el 5 de octubre.<br \/>\nHasta hoy, se reportaron en Per\u00fa 1.015.137 casos de infectados, 37.680 de muertos y 953.175 de recuperados, seg\u00fan datos de la Organizaci\u00f3n Mundial de la Salud (OMS) actualizados diariamente.<\/p>\n","protected":false},"excerpt":{"rendered":"<p>Medida para evitar nueva cepa y m\u00e1s contagios. Golpe al turismo LIMA 2 ENE &#8211; Desde este primer d\u00eda de 2021 rigen en Per\u00fa 14&hellip;<\/p>\n","protected":false},"author":99,"featured_media":495424,"comment_status":"open","ping_status":"open","sticky":false,"template":"","format":"standard","meta":{"footnotes":""},"categories":[23],"tags":[],"class_list":["post-495423","post","type-post","status-publish","format-standard","has-post-thumbnail","hentry","category-latinoamerica"],"_links":{"self":[{"href":"https:\/\/diarioelpopular.com\/index.php\/wp-json\/wp\/v2\/posts\/495423","targetHints":{"allow":["GET"]}}],"collection":[{"href":"https:\/\/diarioelpopular.com\/index.php\/wp-json\/wp\/v2\/posts"}],"about":[{"href":"https:\/\/diarioelpopular.com\/index.php\/wp-json\/wp\/v2\/types\/post"}],"author":[{"embeddable":true,"href":"https:\/\/diarioelpopular.com\/index.php\/wp-json\/wp\/v2\/users\/99"}],"replies":[{"embeddable":true,"href":"https:\/\/diarioelpopular.com\/index.php\/wp-json\/wp\/v2\/comments?post=495423"}],"version-history":[{"count":1,"href":"https:\/\/diarioelpopular.com\/index.php\/wp-json\/wp\/v2\/posts\/495423\/revisions"}],"predecessor-version":[{"id":495425,"href":"https:\/\/diarioelpopular.com\/index.php\/wp-json\/wp\/v2\/posts\/495423\/revisions\/495425"}],"wp:featuredmedia":[{"embeddable":true,"href":"https:\/\/diarioelpopular.com\/index.php\/wp-json\/wp\/v2\/media\/495424"}],"wp:attachment":[{"href":"https:\/\/diarioelpopular.com\/index.php\/wp-json\/wp\/v2\/media?parent=495423"}],"wp:term":[{"taxonomy":"category","embeddable":true,"href":"https:\/\/diarioelpopular.com\/index.php\/wp-json\/wp\/v2\/categories?post=495423"},{"taxonomy":"post_tag","embeddable":true,"href":"https:\/\/diarioelpopular.com\/index.php\/wp-json\/wp\/v2\/tags?post=495423"}],"curies":[{"name":"wp","href":"https:\/\/api.w.org\/{rel}","templated":true}]}}