{"id":495447,"date":"2021-01-03T14:45:20","date_gmt":"2021-01-03T18:45:20","guid":{"rendered":"https:\/\/diarioelpopular.com\/?p=495447"},"modified":"2021-01-03T14:45:20","modified_gmt":"2021-01-03T18:45:20","slug":"mas-casos-y-verano-argentina-en-alarma","status":"publish","type":"post","link":"https:\/\/diarioelpopular.com\/index.php\/2021\/01\/03\/mas-casos-y-verano-argentina-en-alarma\/","title":{"rendered":"M\u00e1s casos y verano, Argentina en alarma"},"content":{"rendered":"<div id=\"attachment_495448\" style=\"width: 310px\" class=\"wp-caption alignnone\"><img loading=\"lazy\" decoding=\"async\" aria-describedby=\"caption-attachment-495448\" class=\"size-medium wp-image-495448\" src=\"https:\/\/diarioelpopular.com\/wp-content\/uploads\/2021\/01\/4dc009fec2804fc3dfdd5b732592e73d-300x188.jpg\" alt=\"\" width=\"300\" height=\"188\" srcset=\"https:\/\/diarioelpopular.com\/wp-content\/uploads\/2021\/01\/4dc009fec2804fc3dfdd5b732592e73d-300x188.jpg 300w, https:\/\/diarioelpopular.com\/wp-content\/uploads\/2021\/01\/4dc009fec2804fc3dfdd5b732592e73d-117x73.jpg 117w, https:\/\/diarioelpopular.com\/wp-content\/uploads\/2021\/01\/4dc009fec2804fc3dfdd5b732592e73d.jpg 476w\" sizes=\"auto, (max-width: 300px) 100vw, 300px\" \/><p id=\"caption-attachment-495448\" class=\"wp-caption-text\"><em>Las playas de Mar del Plata (Argentina) en el comienzo de un verano 2021 muy peligroso. (foto: Ansa)<\/em><\/p><\/div>\n<h4><em><strong>Reuniones de funcionarios. Tiempo de veraneo aumenta riesgos<\/strong><\/em><\/h4>\n<p><em><strong>BUENOS AIRES 3 ENE &#8211;<\/strong> <\/em>Los casos diarios de Covid-19 est\u00e1n aumentando nuevamente en Argentina, luego de un descenso, lo que est\u00e1 encendiendo alertas en los gobernantes en medio del verano, mientras los especialistas temen que est\u00e9 actuando una cepa mucho m\u00e1s contagiosa.<br \/>\nHacia fines de octubre la curva comenz\u00f3 a descender y parec\u00eda que Argentina llegaba de buena manera a las vacaciones de verano, pero en diciembre la tendencia se revirti\u00f3 y hoy se observan unos 11 mil infectados diarios en promedio.<br \/>\nEn Argentina se registraron 20.906 nuevos contagios y otras 212 muertes en los \u00faltimos tres d\u00edas hasta el s\u00e1bado \u00faltimo, seg\u00fan datos del ministerio de Salud.<br \/>\nLos casos totales confirmados desde el comienzo de la pandemia son 1.613.928. Los fallecimientos suman 43.163. Las camas de terapia intensiva est\u00e1n ocupadas en un 53,3% a nivel nacional y en un 57% en el Area Metropolitana de Buenos Aires (AMBA).<br \/>\nLos 11 mil casos de promedio de la semana pasada &#8220;se deben un poco al fin de semana largo anterior (por feriados) y el retraso en la carga de datos, pues el promedio, en realidad, es de 7 mil casos aproximadamente cada jornada&#8221;, dijo Soledad Retamar, docente investigadora entrevistada por P\u00e1gina 12.<br \/>\n&#8220;Lo que s\u00ed es preocupante es que si se analizan los promedios a lo largo del tiempo, se ve con claridad c\u00f3mo se est\u00e1n incrementando. Estamos en valores similares a fines de noviembre, cuando la curva ven\u00eda bajando, o bien, a agosto, cuando la curva ven\u00eda en ascenso. Es preocupante lo que ocurre&#8221;, a\u00f1adi\u00f3 la experta.<br \/>\nRodrigo Quiroga, un bioinform\u00e1tico investigador del Conicet (el ente estatal de investigaciones cient\u00edficas y tecnol\u00f3gicas), tambi\u00e9n mostr\u00f3 alarma y argument\u00f3 que los n\u00fameros actuales de la pandemia pueden ser el inicio de un problema grave.<br \/>\n&#8220;Reci\u00e9n un tiempo despu\u00e9s del aumento de contagios se empieza a ver la suba en la ocupaci\u00f3n de camas de terapia intensiva y, finalmente, de fallecidos. Podr\u00eda estar en el principio de un problema serio si no lo logramos controlar&#8221;, apunt\u00f3 tambi\u00e9n entrevistado por P\u00e1gina 12.<br \/>\nEl presidente Alberto Fern\u00e1ndez anunci\u00f3 recientemente que no descarta la puesta en marcha de &#8220;un toque de queda sanitario&#8221; con el prop\u00f3sito de que &#8220;las fuerzas de seguridad puedan actuar en la calle para disipar a la gente e impedir aglomeraciones&#8221;, que son &#8220;caldo de cultivo para el virus&#8221;.<br \/>\nDescart\u00f3 el toque de queda tradicional, pero s\u00ed piensa que &#8220;tan solo teniendo oficiales y suboficiales de fuerzas de seguridad caminando por las plazas, viendo d\u00f3nde hay aglomeraci\u00f3n de gente y diciendo &#8216;circulen&#8217; alcanza&#8221;.<br \/>\nEl otro foco estar\u00e1 colocado sobre los transportes p\u00fablicos con el fin de limitar los desplazamientos, pero no hay nada a\u00fan decidido en medio de la temporada estival con muchos ciudadanos desplaz\u00e1ndose a zonas de veraneo.<br \/>\nFern\u00e1ndez volver\u00e1 a contactarse la pr\u00f3xima semana Axel Kicillof (gobernador de la populosa provincia de Buenos Aires) y Horacio Rodr\u00edguez Larreta (jefe de gobierno de la capital) porque las mayores alarmas est\u00e1n nuevamente en el AMBA, el \u00e1rea que integra a la Ciudad de Buenos Aires y su periferia, adelant\u00f3 hoy el portal Infobae.<br \/>\nCon la llegada de las primeras dosis de la vacuna rusa Sputnik V, Argentina ya comenz\u00f3 a inmunizar al personal de salud. El resto de las dosis llegar\u00e1n en enero, febrero y marzo.<br \/>\nQuiroga descarta la idea de que las fiestas de fin de a\u00f1o hayan producido el aumento de casos. Los casos crecen de manera consistente desde el 8 de diciembre, aclar\u00f3 la experta y se inclin\u00f3 a pensar que se trata de un segundo foco, m\u00e1s de car\u00e1cter &#8220;sist\u00e9mico&#8221;.<br \/>\n&#8220;Adem\u00e1s de los efectos de las fiestas, hay una din\u00e1mica diferente en el \u00c1rea Metropolitana que es sostenida en el tiempo&#8221;, desgran\u00f3.<br \/>\n&#8220;La verdad es que no terminamos de entender cu\u00e1l es la causa exactamente. El relajamiento de cuidados y de restricciones tiene mucho que ver; tampoco descarto una hip\u00f3tesis muy preliminar vinculada a que realmente haya una variante de mayor contagiosidad&#8221;, apunt\u00f3 el bioinform\u00e1tico.<br \/>\nNo obstante, Proyecto Pa\u00eds, el consorcio que realiza estudios gen\u00f3micos de SARS-CoV-2 coordinado por la doctora Mariana Viegas, la semana pasada descart\u00f3 la presencia en Argentina de las variantes identificadas en Reino Unido, Sud\u00e1frica y Brasil.<br \/>\nEn la gran mayor\u00eda de las provincias argentina se ve un ascenso de casos. Jujuy, Formosa, La Rioja y Misiones tal vez constituyan excepciones, pero el crecimiento es generalizado, dicen los especialistas, pero se niegan a hablar de una segunda ola porque Argentina jam\u00e1s tuvo un descenso bien pronunciado de casos.<\/p>\n","protected":false},"excerpt":{"rendered":"<p>Reuniones de funcionarios. Tiempo de veraneo aumenta riesgos BUENOS AIRES 3 ENE &#8211; Los casos diarios de Covid-19 est\u00e1n aumentando nuevamente en Argentina, luego de&hellip;<\/p>\n","protected":false},"author":99,"featured_media":495448,"comment_status":"open","ping_status":"open","sticky":false,"template":"","format":"standard","meta":{"footnotes":""},"categories":[23],"tags":[],"class_list":["post-495447","post","type-post","status-publish","format-standard","has-post-thumbnail","hentry","category-latinoamerica"],"_links":{"self":[{"href":"https:\/\/diarioelpopular.com\/index.php\/wp-json\/wp\/v2\/posts\/495447","targetHints":{"allow":["GET"]}}],"collection":[{"href":"https:\/\/diarioelpopular.com\/index.php\/wp-json\/wp\/v2\/posts"}],"about":[{"href":"https:\/\/diarioelpopular.com\/index.php\/wp-json\/wp\/v2\/types\/post"}],"author":[{"embeddable":true,"href":"https:\/\/diarioelpopular.com\/index.php\/wp-json\/wp\/v2\/users\/99"}],"replies":[{"embeddable":true,"href":"https:\/\/diarioelpopular.com\/index.php\/wp-json\/wp\/v2\/comments?post=495447"}],"version-history":[{"count":1,"href":"https:\/\/diarioelpopular.com\/index.php\/wp-json\/wp\/v2\/posts\/495447\/revisions"}],"predecessor-version":[{"id":495449,"href":"https:\/\/diarioelpopular.com\/index.php\/wp-json\/wp\/v2\/posts\/495447\/revisions\/495449"}],"wp:featuredmedia":[{"embeddable":true,"href":"https:\/\/diarioelpopular.com\/index.php\/wp-json\/wp\/v2\/media\/495448"}],"wp:attachment":[{"href":"https:\/\/diarioelpopular.com\/index.php\/wp-json\/wp\/v2\/media?parent=495447"}],"wp:term":[{"taxonomy":"category","embeddable":true,"href":"https:\/\/diarioelpopular.com\/index.php\/wp-json\/wp\/v2\/categories?post=495447"},{"taxonomy":"post_tag","embeddable":true,"href":"https:\/\/diarioelpopular.com\/index.php\/wp-json\/wp\/v2\/tags?post=495447"}],"curies":[{"name":"wp","href":"https:\/\/api.w.org\/{rel}","templated":true}]}}