{"id":495463,"date":"2021-01-04T14:34:55","date_gmt":"2021-01-04T18:34:55","guid":{"rendered":"https:\/\/diarioelpopular.com\/?p=495463"},"modified":"2021-01-04T14:34:55","modified_gmt":"2021-01-04T18:34:55","slug":"chile-aumentan-pensiones-basicas-solidarias-adultos-mayores","status":"publish","type":"post","link":"https:\/\/diarioelpopular.com\/index.php\/2021\/01\/04\/chile-aumentan-pensiones-basicas-solidarias-adultos-mayores\/","title":{"rendered":"Chile: Aumentan pensiones b\u00e1sicas solidarias adultos mayores"},"content":{"rendered":"<div id=\"attachment_495464\" style=\"width: 486px\" class=\"wp-caption alignnone\"><img loading=\"lazy\" decoding=\"async\" aria-describedby=\"caption-attachment-495464\" class=\"size-custom-full-size wp-image-495464\" src=\"https:\/\/diarioelpopular.com\/wp-content\/uploads\/2021\/01\/e221fe54245a5ef85b7dde094d034996.jpeg\" alt=\"\" width=\"476\" height=\"317\" srcset=\"https:\/\/diarioelpopular.com\/wp-content\/uploads\/2021\/01\/e221fe54245a5ef85b7dde094d034996.jpeg 476w, https:\/\/diarioelpopular.com\/wp-content\/uploads\/2021\/01\/e221fe54245a5ef85b7dde094d034996-300x200.jpeg 300w, https:\/\/diarioelpopular.com\/wp-content\/uploads\/2021\/01\/e221fe54245a5ef85b7dde094d034996-110x73.jpeg 110w\" sizes=\"auto, (max-width: 476px) 100vw, 476px\" \/><p id=\"caption-attachment-495464\" class=\"wp-caption-text\"><em>El beneficio es para personas de 74 a\u00f1os.<\/em><br \/><em>(foto: Ansa)<\/em><\/p><\/div>\n<h4><em><strong>Beneficiar\u00e1 1,3 millones de personas, efecto &#8220;estallido social&#8221;<\/strong><\/em><\/h4>\n<p><em><strong>SANTIAGO DEL CHILE, 04 ENE &#8211;<\/strong><\/em> Las pensiones b\u00e1sicas solidarias aumentar\u00e1n en Chile a contar del 1 de enero de este a\u00f1o producto del mejoramiento del 11% conseguido tras la revuelta social del 18 de octubre de 2019.<br \/>\nLos beneficiarios de la Pensi\u00f3n B\u00e1sica Solidaria que tengan 74 a\u00f1os aumentar\u00e1n su pensi\u00f3n a 158.339 pesos (223 d\u00f3lares), y las personas de entre 75 a 79 a\u00f1os pasar\u00e1n a recibir un monto total 169.649 pesos (239 d\u00f3lares).<br \/>\nEl 1 de enero de 2021 se inici\u00f3 la segunda etapa del aumento de la Pensi\u00f3n B\u00e1sica Solidaria (PBS) y de la Pensi\u00f3n M\u00e1xima con Aporte Solidario (PMAS) determinados por la reforma de pensiones impulsada por el Gobierno y aprobada en 2019.<br \/>\n&#8220;A partir del 1\u00b0 de enero de este a\u00f1o, 1.320.000 pensionados chilenos del Pilar Solidario est\u00e1n recibiendo un incremento significativo en sus pensiones&#8221;, destac\u00f3 el presidente Sebasti\u00e1n Pi\u00f1era.<br \/>\nEn diciembre de 2019, los pensionados mayores de 80 a\u00f1os recibieron la mayor alza de una sola vez, equivalente a un 50%, y que hoy llega al equivalente a 239 d\u00f3lares.<br \/>\nPara enero de 2022, todos los pensionados mayores de 65 a\u00f1os recibir\u00e1n una Pensi\u00f3n B\u00e1sica Solidaria de $169.649, un aumento real de 50% en sus pensiones, respecto de noviembre de 2019.<br \/>\n&#8220;Sin duda estas son buenas noticias para 1,7 millones de pensionados chilenos que pertenecen a los sectores m\u00e1s vulnerables&#8221;, relev\u00f3 el jefe de estado.<br \/>\nPi\u00f1era aprovecho de exhortar al Congreso a avanzar en la segunda etapa de la reforma previsional del sistema de capitalizaci\u00f3n individual presentada por el Gobierno &#8220;que incrementar\u00e1 significativamente las pensiones de todos los chilenos y especialmente las de las mujeres y la clase media&#8221;.<br \/>\n&#8220;La aprobaci\u00f3n de este proyecto, con los perfeccionamientos que requiera, va a permitir una significativa e inmediata mejor\u00eda en las pensiones de m\u00e1s de 800 mil personas, la mayor\u00eda de ellas mujeres y la mayor\u00eda de ellas de clase media que son los que han quedado ausentes de esta mejor\u00eda en las pensiones&#8221;, reconoci\u00f3 el mandatario.<br \/>\n&#8220;Una vez m\u00e1s le pido al Congreso respetuosamente que pongamos las prioridades de la gente en las tablas de las comisiones y de las salas de la C\u00e1mara de Diputados y del Senado para poder acelerar esta agenda que mejora las pensiones de todos los pensionados actuales y futuros de nuestro pa\u00eds&#8221;, concluy\u00f3 el Presidente.<\/p>\n","protected":false},"excerpt":{"rendered":"<p>Beneficiar\u00e1 1,3 millones de personas, efecto &#8220;estallido social&#8221; SANTIAGO DEL CHILE, 04 ENE &#8211; Las pensiones b\u00e1sicas solidarias aumentar\u00e1n en Chile a contar del 1&hellip;<\/p>\n","protected":false},"author":99,"featured_media":495464,"comment_status":"open","ping_status":"open","sticky":false,"template":"","format":"standard","meta":{"footnotes":""},"categories":[23],"tags":[],"class_list":["post-495463","post","type-post","status-publish","format-standard","has-post-thumbnail","hentry","category-latinoamerica"],"_links":{"self":[{"href":"https:\/\/diarioelpopular.com\/index.php\/wp-json\/wp\/v2\/posts\/495463","targetHints":{"allow":["GET"]}}],"collection":[{"href":"https:\/\/diarioelpopular.com\/index.php\/wp-json\/wp\/v2\/posts"}],"about":[{"href":"https:\/\/diarioelpopular.com\/index.php\/wp-json\/wp\/v2\/types\/post"}],"author":[{"embeddable":true,"href":"https:\/\/diarioelpopular.com\/index.php\/wp-json\/wp\/v2\/users\/99"}],"replies":[{"embeddable":true,"href":"https:\/\/diarioelpopular.com\/index.php\/wp-json\/wp\/v2\/comments?post=495463"}],"version-history":[{"count":1,"href":"https:\/\/diarioelpopular.com\/index.php\/wp-json\/wp\/v2\/posts\/495463\/revisions"}],"predecessor-version":[{"id":495465,"href":"https:\/\/diarioelpopular.com\/index.php\/wp-json\/wp\/v2\/posts\/495463\/revisions\/495465"}],"wp:featuredmedia":[{"embeddable":true,"href":"https:\/\/diarioelpopular.com\/index.php\/wp-json\/wp\/v2\/media\/495464"}],"wp:attachment":[{"href":"https:\/\/diarioelpopular.com\/index.php\/wp-json\/wp\/v2\/media?parent=495463"}],"wp:term":[{"taxonomy":"category","embeddable":true,"href":"https:\/\/diarioelpopular.com\/index.php\/wp-json\/wp\/v2\/categories?post=495463"},{"taxonomy":"post_tag","embeddable":true,"href":"https:\/\/diarioelpopular.com\/index.php\/wp-json\/wp\/v2\/tags?post=495463"}],"curies":[{"name":"wp","href":"https:\/\/api.w.org\/{rel}","templated":true}]}}