{"id":495472,"date":"2021-01-04T14:42:10","date_gmt":"2021-01-04T18:42:10","guid":{"rendered":"https:\/\/diarioelpopular.com\/?p=495472"},"modified":"2021-01-04T14:42:10","modified_gmt":"2021-01-04T18:42:10","slug":"mexico-ofrece-asilo-politico-a-julian-assange","status":"publish","type":"post","link":"https:\/\/diarioelpopular.com\/index.php\/2021\/01\/04\/mexico-ofrece-asilo-politico-a-julian-assange\/","title":{"rendered":"M\u00e9xico ofrece asilo pol\u00edtico a Julian Assange"},"content":{"rendered":"<div id=\"attachment_495473\" style=\"width: 486px\" class=\"wp-caption alignnone\"><img loading=\"lazy\" decoding=\"async\" aria-describedby=\"caption-attachment-495473\" class=\"size-custom-full-size wp-image-495473\" src=\"https:\/\/diarioelpopular.com\/wp-content\/uploads\/2021\/01\/8c5f2419d298cf7f457628b9cb2f47ed.jpg\" alt=\"\" width=\"476\" height=\"333\" srcset=\"https:\/\/diarioelpopular.com\/wp-content\/uploads\/2021\/01\/8c5f2419d298cf7f457628b9cb2f47ed.jpg 476w, https:\/\/diarioelpopular.com\/wp-content\/uploads\/2021\/01\/8c5f2419d298cf7f457628b9cb2f47ed-300x210.jpg 300w, https:\/\/diarioelpopular.com\/wp-content\/uploads\/2021\/01\/8c5f2419d298cf7f457628b9cb2f47ed-80x55.jpg 80w, https:\/\/diarioelpopular.com\/wp-content\/uploads\/2021\/01\/8c5f2419d298cf7f457628b9cb2f47ed-104x73.jpg 104w\" sizes=\"auto, (max-width: 476px) 100vw, 476px\" \/><p id=\"caption-attachment-495473\" class=\"wp-caption-text\"><em>Julian Assange (imagen de archivo).<\/em><br \/><em>(foto: EPA)<\/em><\/p><\/div>\n<p><em><strong>CIUDAD DE MEXICO, 04 ENE &#8211;<\/strong><\/em> El gobierno de M\u00e9xico le ha ofrecido asilo pol\u00edtico a Julian Assange, inform\u00f3 el presidente del pa\u00eds latinomericano, Andr\u00e9s L\u00f3pez Obrador.<br \/>\nLa comunicaci\u00f3n se produce el d\u00eda que la justicia brit\u00e1nica rechaz\u00f3 la solicitud de extradici\u00f3n a Estados Unidos del fundador de Wikileaks.<br \/>\n&#8220;Voy a pedirle al secretario de Relaciones Exteriores que haga los tr\u00e1mites correspondientes para que se solicite al gobierno de Reino Unido la posibilidad de que el se\u00f1or Assange quede en libertad y que M\u00e9xico le ofrezca asilo pol\u00edtico&#8221;, afirm\u00f3 L\u00f3pez Obrador.<br \/>\nEso &#8220;significa el derecho de asilo y nuestra tradici\u00f3n que es protecci\u00f3n, pero al mismo tiempo la responsabilidad de cuidar que el que recibe el asilo no interfiera en asuntos pol\u00edticos de ning\u00fan pa\u00eds&#8221;, expuso el mandatario en su conferencia matutina.<br \/>\nEl presidente celebr\u00f3 la decisi\u00f3n de una jueza del Reino Unido.<br \/>\n&#8220;Creo que es un triunfo de la justicia, celebro el que Inglaterra se act\u00fae de esa forma porque Assange es un periodista y merece una oportunidad, estoy a favor de que se le indulte&#8221;, acot\u00f3.<\/p>\n","protected":false},"excerpt":{"rendered":"<p>CIUDAD DE MEXICO, 04 ENE &#8211; El gobierno de M\u00e9xico le ha ofrecido asilo pol\u00edtico a Julian Assange, inform\u00f3 el presidente del pa\u00eds latinomericano, Andr\u00e9s&hellip;<\/p>\n","protected":false},"author":99,"featured_media":495473,"comment_status":"open","ping_status":"open","sticky":false,"template":"","format":"standard","meta":{"footnotes":""},"categories":[23],"tags":[],"class_list":["post-495472","post","type-post","status-publish","format-standard","has-post-thumbnail","hentry","category-latinoamerica"],"_links":{"self":[{"href":"https:\/\/diarioelpopular.com\/index.php\/wp-json\/wp\/v2\/posts\/495472","targetHints":{"allow":["GET"]}}],"collection":[{"href":"https:\/\/diarioelpopular.com\/index.php\/wp-json\/wp\/v2\/posts"}],"about":[{"href":"https:\/\/diarioelpopular.com\/index.php\/wp-json\/wp\/v2\/types\/post"}],"author":[{"embeddable":true,"href":"https:\/\/diarioelpopular.com\/index.php\/wp-json\/wp\/v2\/users\/99"}],"replies":[{"embeddable":true,"href":"https:\/\/diarioelpopular.com\/index.php\/wp-json\/wp\/v2\/comments?post=495472"}],"version-history":[{"count":1,"href":"https:\/\/diarioelpopular.com\/index.php\/wp-json\/wp\/v2\/posts\/495472\/revisions"}],"predecessor-version":[{"id":495474,"href":"https:\/\/diarioelpopular.com\/index.php\/wp-json\/wp\/v2\/posts\/495472\/revisions\/495474"}],"wp:featuredmedia":[{"embeddable":true,"href":"https:\/\/diarioelpopular.com\/index.php\/wp-json\/wp\/v2\/media\/495473"}],"wp:attachment":[{"href":"https:\/\/diarioelpopular.com\/index.php\/wp-json\/wp\/v2\/media?parent=495472"}],"wp:term":[{"taxonomy":"category","embeddable":true,"href":"https:\/\/diarioelpopular.com\/index.php\/wp-json\/wp\/v2\/categories?post=495472"},{"taxonomy":"post_tag","embeddable":true,"href":"https:\/\/diarioelpopular.com\/index.php\/wp-json\/wp\/v2\/tags?post=495472"}],"curies":[{"name":"wp","href":"https:\/\/api.w.org\/{rel}","templated":true}]}}