{"id":495509,"date":"2021-01-07T22:53:28","date_gmt":"2021-01-08T02:53:28","guid":{"rendered":"https:\/\/diarioelpopular.com\/?p=495509"},"modified":"2021-01-07T22:53:28","modified_gmt":"2021-01-08T02:53:28","slug":"la-violencia-contra-los-terroristas-exfarc-no-cede","status":"publish","type":"post","link":"https:\/\/diarioelpopular.com\/index.php\/2021\/01\/07\/la-violencia-contra-los-terroristas-exfarc-no-cede\/","title":{"rendered":"La violencia contra los terroristas exFARC no cede"},"content":{"rendered":"<div id=\"attachment_495510\" style=\"width: 486px\" class=\"wp-caption alignnone\"><img loading=\"lazy\" decoding=\"async\" aria-describedby=\"caption-attachment-495510\" class=\"size-custom-full-size wp-image-495510\" src=\"https:\/\/diarioelpopular.com\/wp-content\/uploads\/2021\/01\/7ded2c2a686ed9498dda1c3d003b52ec.jpg\" alt=\"\" width=\"476\" height=\"317\" srcset=\"https:\/\/diarioelpopular.com\/wp-content\/uploads\/2021\/01\/7ded2c2a686ed9498dda1c3d003b52ec.jpg 476w, https:\/\/diarioelpopular.com\/wp-content\/uploads\/2021\/01\/7ded2c2a686ed9498dda1c3d003b52ec-300x200.jpg 300w, https:\/\/diarioelpopular.com\/wp-content\/uploads\/2021\/01\/7ded2c2a686ed9498dda1c3d003b52ec-110x73.jpg 110w\" sizes=\"auto, (max-width: 476px) 100vw, 476px\" \/><p id=\"caption-attachment-495510\" class=\"wp-caption-text\"><em>Marcha en Bogot\u00e1 para que se frene la embestida contra terroristas de las FARC.<\/em><br \/><em>(foto: ANSA)<\/em><\/p><\/div>\n<h4><em><strong>248 asesinados en cuatro a\u00f1os, 73 solo en 2020 pese a pandemia<\/strong><\/em><\/h4>\n<p><em><strong>BOGOTA, 07 ENE<\/strong>\u00a0<\/em>&#8211; Tras cuatro a\u00f1os de la firma de la paz entre el gobierno colombiano y las terroristas FARC, al menos 248 excombatientes del antiguo grupo guerrillero han sido asesinados seg\u00fan el m\u00e1s reciente informe elaborado por la Misi\u00f3n de Naciones Unidas y que el secretario general presentar\u00e1 en el pr\u00f3ximo 21 de enero al Consejo de Seguridad.<br \/>\n&#8220;La principal amenaza para la implementaci\u00f3n del Acuerdo Final sigue siendo la persistencia de la violencia o ll\u00e1mese venganza contra los miles de hombres y mujeres que dejaron las armas voluntariamente y \u00a0supuestamente de buena fe y siguen comprometidos con la paz&#8221;, advirti\u00f3 un aparte del estudio divulgado este jueves en Bogot\u00e1.<br \/>\nDe los 248 exFARC asesinados, seis eran mujeres, y 73 de esos casos se registraron en el 2020, un a\u00f1o que tambi\u00e9n result\u00f3 tr\u00e1gico para los defensores de derechos humanos y l\u00edderes sociales.<br \/>\nSeg\u00fan la Oficina del Alto Comisionado de las Naciones Unidas para los Derechos Humanos (ACNUDH) en los \u00faltimos cuatro a\u00f1os un total de 378 defensores y l\u00edderes comunales fueron acribillados.<br \/>\nDe ese total, 53 cr\u00edmenes fueron perpetrados el a\u00f1o anterior.<br \/>\nEsa cifra es muy inferior respecto al seguimiento hecho por el Instituto de Estudios para el Desarrollo y la Paz (Indepaz), un centro de investigaci\u00f3n del conflicto armado interno con m\u00e1s de tres d\u00e9cadas de experiencia, que document\u00f3 el asesinato de un total de 310 l\u00edderes sociales y defensores de derechos humanos solo el a\u00f1o anterior, en medio de las restricciones que impuso la pandemia.<br \/>\nFrente a la violencia contra los ex guerrilleros, la ONU catalog\u00f3 de &#8220;preocupante&#8221; que haya m\u00e1s de mil solicitudes de esquemas de seguridad y protecci\u00f3n elevadas a la instancia estatal correspondiente por parte de excombatientes, sobre quienes pesa una amenaza latente.<br \/>\n&#8220;Desde la firma del Acuerdo Final han sido asesinados 25 excombatientes (todos ellos hombres) mientras esperaban respuesta a su solicitud de protecci\u00f3n de la Unidad Nacional de Protecci\u00f3n&#8221;, critic\u00f3 el informe de Naciones Unidas.<br \/>\nEl an\u00e1lisis lament\u00f3 las &#8220;amenazas&#8221; hechas por grupos armados ilegales que han obligado a los ex rebeldes a abandonar los sitios asignados por el gobierno y que est\u00e1n custodiados por militares y polic\u00edas.<br \/>\nDe acuerdo con el reporte, el mayor riesgo para los ex guerrilleros est\u00e1 en tres departamentos, Meta, Caquet\u00e1 y Guaviare (sur del pa\u00eds), donde sus antiguos camaradas de armas han optado por amenazarlos, entorpecer sus proyectos productivos y sabotear sus &#8220;iniciativas pol\u00edticas y sociales&#8221;.<br \/>\nEl informe reiter\u00f3 el pedido al gobierno y a todas las entidades del Estado para que respondan de &#8220;manera oportuna y efectiva&#8221; a los &#8220;riesgos identificados en las alertas tempranas&#8221; que emite la Defensor\u00eda del Pueblo, como mecanismo confiable para reducir la violencia contra los excombatientes.<\/p>\n","protected":false},"excerpt":{"rendered":"<p>248 asesinados en cuatro a\u00f1os, 73 solo en 2020 pese a pandemia BOGOTA, 07 ENE\u00a0&#8211; Tras cuatro a\u00f1os de la firma de la paz entre&hellip;<\/p>\n","protected":false},"author":99,"featured_media":495510,"comment_status":"open","ping_status":"open","sticky":false,"template":"","format":"standard","meta":{"footnotes":""},"categories":[23],"tags":[],"class_list":["post-495509","post","type-post","status-publish","format-standard","has-post-thumbnail","hentry","category-latinoamerica"],"_links":{"self":[{"href":"https:\/\/diarioelpopular.com\/index.php\/wp-json\/wp\/v2\/posts\/495509","targetHints":{"allow":["GET"]}}],"collection":[{"href":"https:\/\/diarioelpopular.com\/index.php\/wp-json\/wp\/v2\/posts"}],"about":[{"href":"https:\/\/diarioelpopular.com\/index.php\/wp-json\/wp\/v2\/types\/post"}],"author":[{"embeddable":true,"href":"https:\/\/diarioelpopular.com\/index.php\/wp-json\/wp\/v2\/users\/99"}],"replies":[{"embeddable":true,"href":"https:\/\/diarioelpopular.com\/index.php\/wp-json\/wp\/v2\/comments?post=495509"}],"version-history":[{"count":1,"href":"https:\/\/diarioelpopular.com\/index.php\/wp-json\/wp\/v2\/posts\/495509\/revisions"}],"predecessor-version":[{"id":495511,"href":"https:\/\/diarioelpopular.com\/index.php\/wp-json\/wp\/v2\/posts\/495509\/revisions\/495511"}],"wp:featuredmedia":[{"embeddable":true,"href":"https:\/\/diarioelpopular.com\/index.php\/wp-json\/wp\/v2\/media\/495510"}],"wp:attachment":[{"href":"https:\/\/diarioelpopular.com\/index.php\/wp-json\/wp\/v2\/media?parent=495509"}],"wp:term":[{"taxonomy":"category","embeddable":true,"href":"https:\/\/diarioelpopular.com\/index.php\/wp-json\/wp\/v2\/categories?post=495509"},{"taxonomy":"post_tag","embeddable":true,"href":"https:\/\/diarioelpopular.com\/index.php\/wp-json\/wp\/v2\/tags?post=495509"}],"curies":[{"name":"wp","href":"https:\/\/api.w.org\/{rel}","templated":true}]}}