{"id":495512,"date":"2021-01-07T22:56:32","date_gmt":"2021-01-08T02:56:32","guid":{"rendered":"https:\/\/diarioelpopular.com\/?p=495512"},"modified":"2021-01-07T22:56:32","modified_gmt":"2021-01-08T02:56:32","slug":"chile-mas-cerca-de-la-segunda-ola","status":"publish","type":"post","link":"https:\/\/diarioelpopular.com\/index.php\/2021\/01\/07\/chile-mas-cerca-de-la-segunda-ola\/","title":{"rendered":"Chile, m\u00e1s cerca de la segunda ola"},"content":{"rendered":"<div id=\"attachment_495513\" style=\"width: 310px\" class=\"wp-caption alignnone\"><img loading=\"lazy\" decoding=\"async\" aria-describedby=\"caption-attachment-495513\" class=\"size-medium wp-image-495513\" src=\"https:\/\/diarioelpopular.com\/wp-content\/uploads\/2021\/01\/357d1ebe9a725c51d4ac1eff5b05ef6e-300x200.jpg\" alt=\"\" width=\"300\" height=\"200\" srcset=\"https:\/\/diarioelpopular.com\/wp-content\/uploads\/2021\/01\/357d1ebe9a725c51d4ac1eff5b05ef6e-300x200.jpg 300w, https:\/\/diarioelpopular.com\/wp-content\/uploads\/2021\/01\/357d1ebe9a725c51d4ac1eff5b05ef6e-110x73.jpg 110w, https:\/\/diarioelpopular.com\/wp-content\/uploads\/2021\/01\/357d1ebe9a725c51d4ac1eff5b05ef6e.jpg 476w\" sizes=\"auto, (max-width: 300px) 100vw, 300px\" \/><p id=\"caption-attachment-495513\" class=\"wp-caption-text\"><em>El presidente Sebasti\u00e1n Pi\u00f1era alentando el proceso de vacunaci\u00f3n.<\/em><\/p><\/div>\n<h4><strong><em>Hoy 3.685 casos y pacientes activos sobrepasan los 18.000<\/em><\/strong><\/h4>\n<p><em><strong>SANTIAGO DEL CHILE, 07 ENE &#8211;<\/strong> <\/em>Chile cada vez est\u00e1 m\u00e1s cerca de la segunda ola y as\u00ed lo ratifican los contagios diarios que llegaron hoy a 3.685, la cifra m\u00e1s alta desde el 5 de julio, mientras los pacientes activos siguen en ascenso superando los 18 mil.<br \/>\nEsta es la cuarta vez que se superan los 3 mil casos diarios en los \u00faltimos ocho d\u00edas.<br \/>\nEl total de contagiados a lo largo de la pandemia es de 629.176, de los cuales 18.670 corresponden a casos activos.<br \/>\nLa \u00faltima vez que hubo sobre 18 mil personas en fase de contagio fue el 28 de julio del a\u00f1o pasado, cuando se contabilizaron 18.228.<br \/>\nEn tanto, durante las \u00faltimas 24 horas se inscribieron 97 nuevos decesos, con lo que el total de v\u00edctimas fatales confirmadas por coronavirus lleg\u00f3 a 16.913.<br \/>\nEn el informe se consign\u00f3 que hay 209 camas cr\u00edticas disponibles en el Sistema Integrado Covid-19 de un total de 2.115, lo que equivale a un porcentaje de disponibilidad del 9,88%. Es decir, 1,906 est\u00e1n en uso, el 90,12%.<br \/>\nConsultado por la estrategia del Ministerio de Salud para enfrentar la segunda ola, el subsecretario de Redes Asistenciales, Alberto Dougnac, asegur\u00f3 hoy que &#8220;mantendremos la estrategia de ocupaci\u00f3n y traslado de pacientes en la Red Integrada Covid. Todav\u00eda tenemos capacidad de crecimiento de la capacidad hospitalaria en caso de ser requerido&#8221;.<br \/>\nEn tanto, el ministro Enrique Paris fue interpelado por la serie de fiestas en el exclusivo balneario de Cachagua (a 164 kil\u00f3metros al noroeste de Santiago) donde hay una gran cantidad de adolescentes infectados colapsando el servicio sanitario, dej\u00e1ndolos sin capacidad de realizar ex\u00e1menes PCR, por lo que algunos de los asistentes a estos eventos habr\u00edan optado por retornar a la regi\u00f3n Metropolitana.<br \/>\n&#8220;Hay gente que sigue participando en carretes sin ninguna protecci\u00f3n, sin ninguna mascarilla, con una cantidad de personas por metro cuadrado enormemente alta y obviamente sin ning\u00fan distanciamiento social&#8221;, se quej\u00f3 la autoridad.<br \/>\n&#8220;No quiero nombrar a ninguna localidad. Nos hemos contactado con la autoridad sanitaria, la doctora Paula Daza llam\u00f3 al alcalde de esa comuna, e independiente de la comuna si hay que hacer un sumario sanitario o una denuncia a la justicia se har\u00e1, y contando con estos medios de prueba&#8221;, una serie de videos y WhatsApp que han circulado por redes sociales.<br \/>\nParis explic\u00f3 que al tratarse de &#8220;fiestas privadas&#8221; se hac\u00eda &#8220;m\u00e1s dif\u00edcil fiscalizar&#8221; a no ser que un tercero denunciara los hechos.<br \/>\n&#8220;Llamamos a los vecinos, a la gente que quiera colaborar a hacer la denuncia, tanto a Carabineros, o al municipio o a la autoridad sanitaria&#8221;, expres\u00f3.<br \/>\nSostuvo que &#8220;las im\u00e1genes que hemos visto, como yo dije, son un atentado a la salud p\u00fablica de la poblaci\u00f3n sobre todo si esas personas que son j\u00f3venes despu\u00e9s van a tomar contacto con personas mayores o personas enfermas que puedan producir una enfermedad grave que incluso puede llevarlos a la muerte&#8221;.<br \/>\nEl municipio conden\u00f3 los hechos y anunci\u00f3 acciones legales contra quienes resulten responsables de la realizaci\u00f3n de estas fiestas &#8220;a fin de que sean sancionados conforme a lo establecido en la ley&#8221;.<br \/>\n&#8220;No dejaremos pasar la indolencia e irresponsabilidad, de un grupo de personas que atentan contra nuestra comunidad y sus propias familias, al realizar actividades il\u00edcitas que atentan contra la salud p\u00fablica&#8221;, adelant\u00f3.<br \/>\nEl intendente de la regi\u00f3n de Valpara\u00edso, Jorge Mart\u00ednez, expres\u00f3 su &#8220;indignaci\u00f3n&#8221; y anunci\u00f3 tambi\u00e9n acciones legales.<br \/>\n&#8220;No solo quiero expresar la indignaci\u00f3n que como regi\u00f3n tenemos por este tipo de fiesta masivas que vulneran todos los principios b\u00e1sicos de solidaridad con el resto de la regi\u00f3n y auto cuidado. J\u00f3venes irresponsables que sin autorizaci\u00f3n han realizado fiestas sin mascarilla, sin ning\u00fan medio de prevenci\u00f3n, poniendo en riesgo no solo a su familia si no que a los habitantes de estas comunas y de toda la regi\u00f3n&#8221;, complet\u00f3.<br \/>\nPor ello, comunic\u00f3 que &#8220;he interpuesto una querella criminal por los delitos que correspondan, por de pronto la violaci\u00f3n del art\u00edculo 318 del C\u00f3digo Penal, contra los participantes en estas fiestas, contra eventualmente sus padres por las responsabilidades que le puedan caber y contra los organizadores&#8221;.<\/p>\n","protected":false},"excerpt":{"rendered":"<p>Hoy 3.685 casos y pacientes activos sobrepasan los 18.000 SANTIAGO DEL CHILE, 07 ENE &#8211; Chile cada vez est\u00e1 m\u00e1s cerca de la segunda ola&hellip;<\/p>\n","protected":false},"author":99,"featured_media":495513,"comment_status":"open","ping_status":"open","sticky":false,"template":"","format":"standard","meta":{"footnotes":""},"categories":[23],"tags":[],"class_list":["post-495512","post","type-post","status-publish","format-standard","has-post-thumbnail","hentry","category-latinoamerica"],"_links":{"self":[{"href":"https:\/\/diarioelpopular.com\/index.php\/wp-json\/wp\/v2\/posts\/495512","targetHints":{"allow":["GET"]}}],"collection":[{"href":"https:\/\/diarioelpopular.com\/index.php\/wp-json\/wp\/v2\/posts"}],"about":[{"href":"https:\/\/diarioelpopular.com\/index.php\/wp-json\/wp\/v2\/types\/post"}],"author":[{"embeddable":true,"href":"https:\/\/diarioelpopular.com\/index.php\/wp-json\/wp\/v2\/users\/99"}],"replies":[{"embeddable":true,"href":"https:\/\/diarioelpopular.com\/index.php\/wp-json\/wp\/v2\/comments?post=495512"}],"version-history":[{"count":1,"href":"https:\/\/diarioelpopular.com\/index.php\/wp-json\/wp\/v2\/posts\/495512\/revisions"}],"predecessor-version":[{"id":495514,"href":"https:\/\/diarioelpopular.com\/index.php\/wp-json\/wp\/v2\/posts\/495512\/revisions\/495514"}],"wp:featuredmedia":[{"embeddable":true,"href":"https:\/\/diarioelpopular.com\/index.php\/wp-json\/wp\/v2\/media\/495513"}],"wp:attachment":[{"href":"https:\/\/diarioelpopular.com\/index.php\/wp-json\/wp\/v2\/media?parent=495512"}],"wp:term":[{"taxonomy":"category","embeddable":true,"href":"https:\/\/diarioelpopular.com\/index.php\/wp-json\/wp\/v2\/categories?post=495512"},{"taxonomy":"post_tag","embeddable":true,"href":"https:\/\/diarioelpopular.com\/index.php\/wp-json\/wp\/v2\/tags?post=495512"}],"curies":[{"name":"wp","href":"https:\/\/api.w.org\/{rel}","templated":true}]}}