{"id":495515,"date":"2021-01-07T22:59:30","date_gmt":"2021-01-08T02:59:30","guid":{"rendered":"https:\/\/diarioelpopular.com\/?p=495515"},"modified":"2021-01-07T22:59:30","modified_gmt":"2021-01-08T02:59:30","slug":"restringiran-circulacion-nocturna-en-argentina","status":"publish","type":"post","link":"https:\/\/diarioelpopular.com\/index.php\/2021\/01\/07\/restringiran-circulacion-nocturna-en-argentina\/","title":{"rendered":"Restringir\u00e1n circulaci\u00f3n nocturna en Argentina"},"content":{"rendered":"<div id=\"attachment_495516\" style=\"width: 310px\" class=\"wp-caption alignnone\"><img loading=\"lazy\" decoding=\"async\" aria-describedby=\"caption-attachment-495516\" class=\"size-medium wp-image-495516\" src=\"https:\/\/diarioelpopular.com\/wp-content\/uploads\/2021\/01\/92a3d1f6987f3ef34c64fcd3547b0d2c-300x200.jpg\" alt=\"\" width=\"300\" height=\"200\" srcset=\"https:\/\/diarioelpopular.com\/wp-content\/uploads\/2021\/01\/92a3d1f6987f3ef34c64fcd3547b0d2c-300x200.jpg 300w, https:\/\/diarioelpopular.com\/wp-content\/uploads\/2021\/01\/92a3d1f6987f3ef34c64fcd3547b0d2c-110x73.jpg 110w, https:\/\/diarioelpopular.com\/wp-content\/uploads\/2021\/01\/92a3d1f6987f3ef34c64fcd3547b0d2c.jpg 600w\" sizes=\"auto, (max-width: 300px) 100vw, 300px\" \/><p id=\"caption-attachment-495516\" class=\"wp-caption-text\"><em>Restringir\u00e1n circulaci\u00f3n nocturna en Argentina a partir de este viernes. (foto: EPA)<\/em><\/p><\/div>\n<p><strong><em>BUENOS AIRES 7 ENE &#8211;<\/em><\/strong> La circulaci\u00f3n nocturna ser\u00e1 restringida en modo &#8220;uniforme&#8221; en todo el territorio argentino entre las 23 hora local y las 6 de la ma\u00f1ana (de 2 a 9 GMT), una medida que regir\u00e1 a partir de este viernes, inform\u00f3 hoy el jefe de Gabinete nacional, Santiago Cafiero.<br \/>\nLa decisi\u00f3n se debe a la suba de los contagios por coronavirus registrada en los \u00faltimos d\u00edas. Ayer se confirm\u00f3 que dio positivo el jefe de gobierno de la Ciudad de Buenos Aires, Horacio Rodr\u00edguez Larreta, tras unas vacaciones en la costa.<br \/>\n&#8220;Hubo acuerdo con la necesidad de restringir la circulaci\u00f3n en horario nocturno, las medidas van a estar esta tarde, ya est\u00e1n definidas, se est\u00e1n redactando&#8221;, dijo Cafiero durante una conferencia de prensa con el ministro de Salud Gin\u00e9s Gonz\u00e1lez Garc\u00eda.<br \/>\nAl parecer hay otras medidas en danza, como la reducci\u00f3n de vuelos internacionales y la exigencia de un test PCR a los viajeros de cabotaje.<br \/>\nTambi\u00e9n se buscar\u00e1 limitar a diez el n\u00famero de personas en reuniones y restringir nuevamente el uso de transporte p\u00fablico a trabajadores esenciales. (ANSA).<\/p>\n","protected":false},"excerpt":{"rendered":"<p>BUENOS AIRES 7 ENE &#8211; La circulaci\u00f3n nocturna ser\u00e1 restringida en modo &#8220;uniforme&#8221; en todo el territorio argentino entre las 23 hora local y las&hellip;<\/p>\n","protected":false},"author":99,"featured_media":495516,"comment_status":"open","ping_status":"open","sticky":false,"template":"","format":"standard","meta":{"footnotes":""},"categories":[23],"tags":[],"class_list":["post-495515","post","type-post","status-publish","format-standard","has-post-thumbnail","hentry","category-latinoamerica"],"_links":{"self":[{"href":"https:\/\/diarioelpopular.com\/index.php\/wp-json\/wp\/v2\/posts\/495515","targetHints":{"allow":["GET"]}}],"collection":[{"href":"https:\/\/diarioelpopular.com\/index.php\/wp-json\/wp\/v2\/posts"}],"about":[{"href":"https:\/\/diarioelpopular.com\/index.php\/wp-json\/wp\/v2\/types\/post"}],"author":[{"embeddable":true,"href":"https:\/\/diarioelpopular.com\/index.php\/wp-json\/wp\/v2\/users\/99"}],"replies":[{"embeddable":true,"href":"https:\/\/diarioelpopular.com\/index.php\/wp-json\/wp\/v2\/comments?post=495515"}],"version-history":[{"count":1,"href":"https:\/\/diarioelpopular.com\/index.php\/wp-json\/wp\/v2\/posts\/495515\/revisions"}],"predecessor-version":[{"id":495517,"href":"https:\/\/diarioelpopular.com\/index.php\/wp-json\/wp\/v2\/posts\/495515\/revisions\/495517"}],"wp:featuredmedia":[{"embeddable":true,"href":"https:\/\/diarioelpopular.com\/index.php\/wp-json\/wp\/v2\/media\/495516"}],"wp:attachment":[{"href":"https:\/\/diarioelpopular.com\/index.php\/wp-json\/wp\/v2\/media?parent=495515"}],"wp:term":[{"taxonomy":"category","embeddable":true,"href":"https:\/\/diarioelpopular.com\/index.php\/wp-json\/wp\/v2\/categories?post=495515"},{"taxonomy":"post_tag","embeddable":true,"href":"https:\/\/diarioelpopular.com\/index.php\/wp-json\/wp\/v2\/tags?post=495515"}],"curies":[{"name":"wp","href":"https:\/\/api.w.org\/{rel}","templated":true}]}}