{"id":495519,"date":"2021-01-07T23:01:56","date_gmt":"2021-01-08T03:01:56","guid":{"rendered":"https:\/\/diarioelpopular.com\/?p=495519"},"modified":"2021-01-07T23:01:56","modified_gmt":"2021-01-08T03:01:56","slug":"mexico-record-de-contagios-y-de-muertes","status":"publish","type":"post","link":"https:\/\/diarioelpopular.com\/index.php\/2021\/01\/07\/mexico-record-de-contagios-y-de-muertes\/","title":{"rendered":"M\u00e9xico, r\u00e9cord de contagios y de muertes"},"content":{"rendered":"<div id=\"attachment_495520\" style=\"width: 310px\" class=\"wp-caption alignnone\"><img loading=\"lazy\" decoding=\"async\" aria-describedby=\"caption-attachment-495520\" class=\"size-medium wp-image-495520\" src=\"https:\/\/diarioelpopular.com\/wp-content\/uploads\/2021\/01\/f994da2401f3b75f0f58988d7cf3cd0d-300x207.jpg\" alt=\"\" width=\"300\" height=\"207\" srcset=\"https:\/\/diarioelpopular.com\/wp-content\/uploads\/2021\/01\/f994da2401f3b75f0f58988d7cf3cd0d-300x207.jpg 300w, https:\/\/diarioelpopular.com\/wp-content\/uploads\/2021\/01\/f994da2401f3b75f0f58988d7cf3cd0d-80x55.jpg 80w, https:\/\/diarioelpopular.com\/wp-content\/uploads\/2021\/01\/f994da2401f3b75f0f58988d7cf3cd0d-106x73.jpg 106w, https:\/\/diarioelpopular.com\/wp-content\/uploads\/2021\/01\/f994da2401f3b75f0f58988d7cf3cd0d.jpg 476w\" sizes=\"auto, (max-width: 300px) 100vw, 300px\" \/><p id=\"caption-attachment-495520\" class=\"wp-caption-text\"><em>Pacientes infectados de Covid-19 esperan por atenci\u00f3n en un hospital de Ciudad de M\u00e9xico. (foto: ANSA)<\/em><\/p><\/div>\n<h4><em><strong>Supera por primera vez los 13.000 casos en un solo d\u00eda<\/strong><\/em><\/h4>\n<p><em><strong>CIUDAD DE MEXICO, 07 ENE &#8211;<\/strong><\/em> Las cosas van de mal en peor en M\u00e9xico, una de las naciones m\u00e1s castigadas por la pandemia global de Covid-19, luego que estableci\u00f3 una nueva marca de contagios y muertes en un solo d\u00eda, al contabilizar 13.345 casos y 1.165 fallecimientos.<br \/>\nLa tenebrosa cifra llega cuando el pa\u00eds inicia la larga y penosa traves\u00eda de vacunar a por lo menos 100 de sus 129 millones de habitantes, pero hasta ahora apenas ha logrado inocular a un poco m\u00e1s de 50.000.<br \/>\nLas cosas podr\u00edan cambiar dr\u00e1sticamente en los pr\u00f3ximos d\u00edas, por cuanto para el pr\u00f3ximo martes aguarda la llegada de 420.000 dosis de la farmac\u00e9utica estadounidense Pfizer.<br \/>\nM\u00e9xico, el lugar n\u00famero 13 entre los pa\u00edses que iniciaron el proceso de inmunizaci\u00f3n, espera para fines de este mes terminar de proteger a los trabajadores que laboran en la principal trinchera en la lucha contra el Covid-19, pues completar\u00e1 la recepci\u00f3n de 1,4 millones de dosis de la compa\u00f1\u00eda.<br \/>\nLos especialistas del ministerio de Salud atribuyeron el nuevo pico de casos y fatalidades al &#8220;efecto navide\u00f1o&#8221;, por cuanto a dos semanas de la Nochebuena, que re\u00fane tradicionalmente a muchas familias, que superan a veces con mucho las 10 personas establecidas como l\u00edmite.<br \/>\nEste pa\u00eds, segundo en Am\u00e9rica Latina con mayor cifra de muertes, acumula 129.987 decesos y 1.479.835 casos confirmados.<br \/>\nAunque los 13.345 reportados en un solo d\u00eda no corresponden a un per\u00edodo de 24 horas, sino incluyen tambi\u00e9n reportes extempor\u00e1neos, no deja de llamar la atenci\u00f3n que se salga de la tendencia registrada hasta ahora.<br \/>\nActualmente, existen 76.101 casos activos estimados, repartidos sobre todo en m\u00e1s de un tercio (12) de los 31 estados, pero concentrados la mayor\u00eda en la capital y su zona adyacente, que corresponde a la jurisdicci\u00f3n del estado de M\u00e9xico.<br \/>\nEn esta vasta regi\u00f3n, asiento de m\u00e1s de 21 millones de habitantes, conseguir una cama de hospital equivale a sacarse la loter\u00eda.<br \/>\nLos medios informativos locales a diario reportan el &#8220;via crucis&#8221; de numerosas personas que deambulan de un centro m\u00e9dico a otro, con su enfermo a cuestas, a veces al borde de la asfixia, en busca de atenci\u00f3n urgente.<br \/>\nEl ministerio de Salud se\u00f1al\u00f3 que ya estaba previsto que ocurriera este pico &#8220;a la llegada de la temporada invernal&#8221;, pero los expertos creen que un disparo de esta magnitud no lo contemplaban ni las predicciones m\u00e1s fatalistas.<br \/>\nLa positividad de la epidemia, que transita en su semana 52, contin\u00faa en 42%, mientras la letalidad asciende al 6%, el doble de la media mundial.<br \/>\nAunque la ocupaci\u00f3n hospitalaria nacional promedio es de poco m\u00e1s de 55%, en la capital mexicana y en cinco estados m\u00e1s (M\u00e9xico, Hidalgo, Guanajuato, Nuevo Le\u00f3n y Baja California), en la mayor\u00eda de los hospitales no hay lugar para ni un solo enfermo m\u00e1s.<br \/>\nEl Instituto Mexicano del Seguro Social (IMSS), que cuenta con el sistema hospitalario p\u00fablico m\u00e1s grande del pa\u00eds, y atiende a 6 de cada 10 de sus habitantes, se\u00f1al\u00f3 que se propone una pol\u00edtica de &#8220;cero rechazo&#8221; en sus establecimientos m\u00e9dicos, pero en la pr\u00e1ctica esto es imposible.<br \/>\nEl organismo aspira a &#8220;poder ofrecerle una cama de hospital y personal para la atenci\u00f3n a todos&#8221;, aunque no sean afiliados, se\u00f1al\u00f3 en un comunicado oficial, al indicar que &#8220;lo vamos a seguir haciendo&#8221; pero dijo que si no se cuenta con el apoyo de la gente &#8220;qued\u00e1ndose en casa entonces nunca ser\u00e1 suficiente&#8221;.<br \/>\nEste fin de semana terminar\u00e1 en teor\u00eda la larga cuarentena de 23 d\u00edas impuesta en la zona metropolitana de la capital, pero la mayor\u00eda de los expertos apuesta a que se prologar\u00e1 por varias semanas m\u00e1s por cuanto la curva de casos y de fallecimientos no cede, sino tiende a aumentar.<br \/>\nEl propio gobierno del estado de M\u00e9xico, al que pertenecen la mayor\u00eda de los sobrepoblados municipios de la metr\u00f3poli, anticip\u00f3 que &#8220;seguir\u00e1 el color rojo&#8221; hasta el d\u00eda 17 por lo menos.<br \/>\nEl secretario de Salud local, Gabriel O&#8217;Shea, se\u00f1al\u00f3 que &#8220;seguimos teniendo un incremento en pacientes hospitalizados&#8221;, a pesar de que &#8220;se han desacelerado un poco&#8221; los internamientos.<\/p>\n","protected":false},"excerpt":{"rendered":"<p>Supera por primera vez los 13.000 casos en un solo d\u00eda CIUDAD DE MEXICO, 07 ENE &#8211; Las cosas van de mal en peor en&hellip;<\/p>\n","protected":false},"author":99,"featured_media":495520,"comment_status":"open","ping_status":"open","sticky":false,"template":"","format":"standard","meta":{"footnotes":""},"categories":[23],"tags":[],"class_list":["post-495519","post","type-post","status-publish","format-standard","has-post-thumbnail","hentry","category-latinoamerica"],"_links":{"self":[{"href":"https:\/\/diarioelpopular.com\/index.php\/wp-json\/wp\/v2\/posts\/495519","targetHints":{"allow":["GET"]}}],"collection":[{"href":"https:\/\/diarioelpopular.com\/index.php\/wp-json\/wp\/v2\/posts"}],"about":[{"href":"https:\/\/diarioelpopular.com\/index.php\/wp-json\/wp\/v2\/types\/post"}],"author":[{"embeddable":true,"href":"https:\/\/diarioelpopular.com\/index.php\/wp-json\/wp\/v2\/users\/99"}],"replies":[{"embeddable":true,"href":"https:\/\/diarioelpopular.com\/index.php\/wp-json\/wp\/v2\/comments?post=495519"}],"version-history":[{"count":1,"href":"https:\/\/diarioelpopular.com\/index.php\/wp-json\/wp\/v2\/posts\/495519\/revisions"}],"predecessor-version":[{"id":495521,"href":"https:\/\/diarioelpopular.com\/index.php\/wp-json\/wp\/v2\/posts\/495519\/revisions\/495521"}],"wp:featuredmedia":[{"embeddable":true,"href":"https:\/\/diarioelpopular.com\/index.php\/wp-json\/wp\/v2\/media\/495520"}],"wp:attachment":[{"href":"https:\/\/diarioelpopular.com\/index.php\/wp-json\/wp\/v2\/media?parent=495519"}],"wp:term":[{"taxonomy":"category","embeddable":true,"href":"https:\/\/diarioelpopular.com\/index.php\/wp-json\/wp\/v2\/categories?post=495519"},{"taxonomy":"post_tag","embeddable":true,"href":"https:\/\/diarioelpopular.com\/index.php\/wp-json\/wp\/v2\/tags?post=495519"}],"curies":[{"name":"wp","href":"https:\/\/api.w.org\/{rel}","templated":true}]}}