{"id":495540,"date":"2021-01-09T15:50:20","date_gmt":"2021-01-09T19:50:20","guid":{"rendered":"https:\/\/diarioelpopular.com\/?p=495540"},"modified":"2021-01-09T15:50:20","modified_gmt":"2021-01-09T19:50:20","slug":"bolivia-con-la-cifra-mas-alta-de-casos-diarios","status":"publish","type":"post","link":"https:\/\/diarioelpopular.com\/index.php\/2021\/01\/09\/bolivia-con-la-cifra-mas-alta-de-casos-diarios\/","title":{"rendered":"Bolivia, con la cifra m\u00e1s alta de casos diarios"},"content":{"rendered":"<div id=\"attachment_495541\" style=\"width: 160px\" class=\"wp-caption alignnone\"><img loading=\"lazy\" decoding=\"async\" aria-describedby=\"caption-attachment-495541\" class=\"size-thumbnail wp-image-495541\" src=\"https:\/\/diarioelpopular.com\/wp-content\/uploads\/2021\/01\/58d690ae947953ccbc3e82be502a55e6-150x150.jpg\" alt=\"\" width=\"150\" height=\"150\" \/><p id=\"caption-attachment-495541\" class=\"wp-caption-text\"><em>Testeos en La Paz, la pandemia se acelera en Bolivia.<\/em><\/p><\/div>\n<h4><em><strong>Reportan 2.263 contagios, r\u00e9cord desde el comienzo de la peste<\/strong><\/em><\/h4>\n<p><em><strong>LA PAZ 9 ENE &#8211;<\/strong><\/em> Bolivia report\u00f3 en las \u00faltimas 24 horas 2.263 casos nuevos de Covid-19, la cifra m\u00e1s alta desde marzo, cuando comenz\u00f3 la pandemia, de acuerdo a un reporte de las autoridades sanitarias.<br \/>\nDe esos casos, contabilizados hasta el viernes a \u00faltima hora, 783 son de Santa Cruz; 668 de La Paz; 322 de Cochabamba; 164 de Chuquisaca; 134 de Beni; 72 de Pando; 58 de Oruro; 43 en Tarija; y 19 en Potos\u00ed, indic\u00f3 el diario La Raz\u00f3n.<br \/>\nEl ministerio de Salud inform\u00f3 que 2.263 casos de coronavirus es la cifra m\u00e1s alta en los m\u00e1s de diez meses de pandemia que vive Bolivia desde marzo de 2020, cuando aparecieron los dos primeros infectados en Oruro y Santa Cruz.<br \/>\nSeg\u00fan datos estad\u00edsticos de la p\u00e1gina JHU CSSE COVID-19, Bolivia hab\u00eda tenido el dato m\u00e1s alto de casos nuevos con 2.036 casos en un d\u00eda el 18 de julio del a\u00f1o pasado.<br \/>\nOtro de los picos altos tuvo lugar el 19 de agosto cuando se reportaron 2.031 infectados.<br \/>\nEl ministerio de Salud report\u00f3 24 decesos entre el jueves y viernes, con lo cual la cifra de personas fallecidas por coronavirus subi\u00f3 a 9.328.<\/p>\n","protected":false},"excerpt":{"rendered":"<p>Reportan 2.263 contagios, r\u00e9cord desde el comienzo de la peste LA PAZ 9 ENE &#8211; Bolivia report\u00f3 en las \u00faltimas 24 horas 2.263 casos nuevos&hellip;<\/p>\n","protected":false},"author":99,"featured_media":495541,"comment_status":"open","ping_status":"open","sticky":false,"template":"","format":"standard","meta":{"footnotes":""},"categories":[23],"tags":[],"class_list":["post-495540","post","type-post","status-publish","format-standard","has-post-thumbnail","hentry","category-latinoamerica"],"_links":{"self":[{"href":"https:\/\/diarioelpopular.com\/index.php\/wp-json\/wp\/v2\/posts\/495540","targetHints":{"allow":["GET"]}}],"collection":[{"href":"https:\/\/diarioelpopular.com\/index.php\/wp-json\/wp\/v2\/posts"}],"about":[{"href":"https:\/\/diarioelpopular.com\/index.php\/wp-json\/wp\/v2\/types\/post"}],"author":[{"embeddable":true,"href":"https:\/\/diarioelpopular.com\/index.php\/wp-json\/wp\/v2\/users\/99"}],"replies":[{"embeddable":true,"href":"https:\/\/diarioelpopular.com\/index.php\/wp-json\/wp\/v2\/comments?post=495540"}],"version-history":[{"count":1,"href":"https:\/\/diarioelpopular.com\/index.php\/wp-json\/wp\/v2\/posts\/495540\/revisions"}],"predecessor-version":[{"id":495542,"href":"https:\/\/diarioelpopular.com\/index.php\/wp-json\/wp\/v2\/posts\/495540\/revisions\/495542"}],"wp:featuredmedia":[{"embeddable":true,"href":"https:\/\/diarioelpopular.com\/index.php\/wp-json\/wp\/v2\/media\/495541"}],"wp:attachment":[{"href":"https:\/\/diarioelpopular.com\/index.php\/wp-json\/wp\/v2\/media?parent=495540"}],"wp:term":[{"taxonomy":"category","embeddable":true,"href":"https:\/\/diarioelpopular.com\/index.php\/wp-json\/wp\/v2\/categories?post=495540"},{"taxonomy":"post_tag","embeddable":true,"href":"https:\/\/diarioelpopular.com\/index.php\/wp-json\/wp\/v2\/tags?post=495540"}],"curies":[{"name":"wp","href":"https:\/\/api.w.org\/{rel}","templated":true}]}}