{"id":495550,"date":"2021-01-09T15:57:59","date_gmt":"2021-01-09T19:57:59","guid":{"rendered":"https:\/\/diarioelpopular.com\/?p=495550"},"modified":"2021-01-09T15:57:59","modified_gmt":"2021-01-09T19:57:59","slug":"ciudad-de-mexico-vuelve-a-los-encierros","status":"publish","type":"post","link":"https:\/\/diarioelpopular.com\/index.php\/2021\/01\/09\/ciudad-de-mexico-vuelve-a-los-encierros\/","title":{"rendered":"Ciudad de M\u00e9xico vuelve a los encierros"},"content":{"rendered":"<div id=\"attachment_495551\" style=\"width: 310px\" class=\"wp-caption alignnone\"><img loading=\"lazy\" decoding=\"async\" aria-describedby=\"caption-attachment-495551\" class=\"size-medium wp-image-495551\" src=\"https:\/\/diarioelpopular.com\/wp-content\/uploads\/2021\/01\/7b7bfe733f9af8202768b05e209af4ff-300x201.jpg\" alt=\"\" width=\"300\" height=\"201\" srcset=\"https:\/\/diarioelpopular.com\/wp-content\/uploads\/2021\/01\/7b7bfe733f9af8202768b05e209af4ff-300x201.jpg 300w, https:\/\/diarioelpopular.com\/wp-content\/uploads\/2021\/01\/7b7bfe733f9af8202768b05e209af4ff-80x55.jpg 80w, https:\/\/diarioelpopular.com\/wp-content\/uploads\/2021\/01\/7b7bfe733f9af8202768b05e209af4ff-109x73.jpg 109w, https:\/\/diarioelpopular.com\/wp-content\/uploads\/2021\/01\/7b7bfe733f9af8202768b05e209af4ff.jpg 476w\" sizes=\"auto, (max-width: 300px) 100vw, 300px\" \/><p id=\"caption-attachment-495551\" class=\"wp-caption-text\"><em>Un \u00e1guila al acecho, ic\u00f3nico mural en Ciudad de M\u00e9xico.<\/em><br \/><em>(foto: ANSA)<\/em><\/p><\/div>\n<h4><em><strong>Contagios diarios escalan a nuevo &#8220;pico&#8221; de m\u00e1s de 14.000<\/strong><\/em><\/h4>\n<p><em><strong>CIUDAD DE MEXICO, 09 ENE-<\/strong><\/em> Las autoridades anunciaron la extensi\u00f3n por una semana m\u00e1s del confinamiento de los m\u00e1s de 21 millones de habitantes de la capital de M\u00e9xico y su congestionada periferia, luego que los contagios diarios de Covid-19 no dan tregua y escalaron a un nuevo &#8220;pico&#8221;.<br \/>\nLa decisi\u00f3n ocurre cuando el pa\u00eds registra un nuevo r\u00e9cord de contagios en una sola jornada, que rompe por primera vez la barrera de los 14.000 y por cuarto d\u00eda consecutivo se superaron las 1.000 muertes en 24 horas.<br \/>\nLa situaci\u00f3n en esta sobre poblada metr\u00f3poli, el epicentro de la crisis sanitaria, en cuyas orillas abundan las &#8220;ciudades perdidas&#8221; o barriadas irregulares de las colinas carentes de servicios p\u00fablicos y viven familias numerosas en peque\u00f1os cuartos, se complica cada d\u00eda m\u00e1s.<br \/>\nAdem\u00e1s de contabilizarse m\u00e1s de 1,5 millones de casos positivos y por encima de 132.000 muertes, las hospitalizaciones siguen aumentando vertiginosamente en la ciudad de M\u00e9xico y el estado del mismo nombre, as\u00ed como estados como el de Nuevo Le\u00f3n (norte) y Guanajuato (centro), entre otros.<br \/>\nPara ma\u00f1ana estaba previsto el fin del nuevo encierro decretado hace tres semanas en la zona metropolitana de la capital, luego de 5 meses de desescalada, pero las autoridades anunciaron que se extender\u00eda una semana m\u00e1s y es probable, a juicio de los expertos, que se prolongue hasta el fin de mes.<br \/>\nLa jefa de gobierno de la capital Claudia Sheinbaum inform\u00f3 que se mantienen las mismas restricciones a comercios y actividades y dijo que &#8220;los cambios a futuro depender\u00e1n de la evaluaci\u00f3n de los indicadores epidemiol\u00f3gicos&#8221;.<br \/>\nLos factores que se consideran para mantener o aliviar la cuarentena son, entre otros, la cifra de mortalidad y de hospitalizaci\u00f3n por 100.000 habitantes, y el porcentaje de camas ocupadas y disponibles.<br \/>\nEn la Zona Metropolitana del Valle de M\u00e9xico, donde curren uno de cada 5 contagios, la ocupaci\u00f3n hospitalaria se encuentra al 86,31 por ciento, indic\u00f3 la intendente.<br \/>\n&#8220;Seguimos en Sem\u00e1foro Rojo y necesitamos de la participaci\u00f3n de tod@s para diminuir contagios y hospitalizaciones. Qued\u00e9monos en casa, no salgamos si no es necesario&#8221;, se\u00f1al\u00f3 la funcionaria.<br \/>\nSheinbaum expuso que &#8220;se rebas\u00f3 el escenario medio de la proyecci\u00f3n que se ten\u00eda y est\u00e1 por alcanzar el escenario m\u00e1s alto&#8221; de hospitalizaciones.<br \/>\nCon m\u00e1s de 80% de los hospitales ocupados, la regi\u00f3n m\u00e1s poblada de M\u00e9xico enfrenta problemas m\u00faltiples que se reflejan en la desesperaci\u00f3n de las familias que desean brindar atenci\u00f3n a sus enfermos con niveles baj\u00edsimos de oxigenaci\u00f3n, pero tambi\u00e9n de quienes sufrieron la muerte de alguno de ellos.<br \/>\nPor ejemplo, las actas de defunci\u00f3n en el Estado de M\u00e9xico comienzan a escasear, y las funerarias y crematorios est\u00e1n totalmente saturados.<br \/>\nLas familias deben esperar hasta 5 d\u00edas para que les sean entregadas las cenizas de sus parientes, y mientras tanto los cuerpos son refrigerados en las instalaciones de las compa\u00f1\u00edas de pompas f\u00fanebres.<br \/>\nLa falta de m\u00e9dicos es otro de los problemas que trae de cabeza al sistema de salud, lo que hizo necesario traer a cientos de galenos de varios estados del pa\u00eds, as\u00ed como 200 m\u00e9dicos cubanos m\u00e1s, adicionales a los 500 que ya hab\u00edan llegado en diciembre.<br \/>\nEl ministerio de Salud ha iniciado una ambiciosa expansi\u00f3n de servicios que le permiti\u00f3 en los \u00faltimos d\u00edas ampliar en 170 camas la capacidad hospitalaria en la metr\u00f3poli, pero ahora sufre por la falta de especialistas que se hagan cargo de la atenci\u00f3n de los enfermos.<br \/>\nPor si fuera poco, los becarios (m\u00e9dicos en servicio social) que trabajan en los hospitales de la capital iniciaron un movimiento de protesta por la muerte de uno de sus compa\u00f1eros, Alejandro L\u00f3pez, 29 a\u00f1os, que falleci\u00f3 por negligencia en el Hospital General de Ecatepec, en la periferia norte de la ciudad.<br \/>\nLa Universidad Nacional Aut\u00f3noma de M\u00e9xico (UNAM) decidi\u00f3, a ra\u00edz de este caso, retirar a sus becarios del hospital por no existir &#8220;condiciones de seguridad&#8221; suficientes para los estudiantes y anunci\u00f3 medidas de vigilancia en otros centros de salud.<\/p>\n","protected":false},"excerpt":{"rendered":"<p>Contagios diarios escalan a nuevo &#8220;pico&#8221; de m\u00e1s de 14.000 CIUDAD DE MEXICO, 09 ENE- Las autoridades anunciaron la extensi\u00f3n por una semana m\u00e1s del&hellip;<\/p>\n","protected":false},"author":99,"featured_media":495551,"comment_status":"open","ping_status":"open","sticky":false,"template":"","format":"standard","meta":{"footnotes":""},"categories":[23],"tags":[],"class_list":["post-495550","post","type-post","status-publish","format-standard","has-post-thumbnail","hentry","category-latinoamerica"],"_links":{"self":[{"href":"https:\/\/diarioelpopular.com\/index.php\/wp-json\/wp\/v2\/posts\/495550","targetHints":{"allow":["GET"]}}],"collection":[{"href":"https:\/\/diarioelpopular.com\/index.php\/wp-json\/wp\/v2\/posts"}],"about":[{"href":"https:\/\/diarioelpopular.com\/index.php\/wp-json\/wp\/v2\/types\/post"}],"author":[{"embeddable":true,"href":"https:\/\/diarioelpopular.com\/index.php\/wp-json\/wp\/v2\/users\/99"}],"replies":[{"embeddable":true,"href":"https:\/\/diarioelpopular.com\/index.php\/wp-json\/wp\/v2\/comments?post=495550"}],"version-history":[{"count":1,"href":"https:\/\/diarioelpopular.com\/index.php\/wp-json\/wp\/v2\/posts\/495550\/revisions"}],"predecessor-version":[{"id":495552,"href":"https:\/\/diarioelpopular.com\/index.php\/wp-json\/wp\/v2\/posts\/495550\/revisions\/495552"}],"wp:featuredmedia":[{"embeddable":true,"href":"https:\/\/diarioelpopular.com\/index.php\/wp-json\/wp\/v2\/media\/495551"}],"wp:attachment":[{"href":"https:\/\/diarioelpopular.com\/index.php\/wp-json\/wp\/v2\/media?parent=495550"}],"wp:term":[{"taxonomy":"category","embeddable":true,"href":"https:\/\/diarioelpopular.com\/index.php\/wp-json\/wp\/v2\/categories?post=495550"},{"taxonomy":"post_tag","embeddable":true,"href":"https:\/\/diarioelpopular.com\/index.php\/wp-json\/wp\/v2\/tags?post=495550"}],"curies":[{"name":"wp","href":"https:\/\/api.w.org\/{rel}","templated":true}]}}